{"id":985,"date":"2017-03-22T20:37:14","date_gmt":"2017-03-22T19:37:14","guid":{"rendered":"http:\/\/zelenykomin.cz\/?p=985"},"modified":"2017-03-22T20:37:14","modified_gmt":"2017-03-22T19:37:14","slug":"pozvanka-na-jarni-kominske-akce","status":"publish","type":"post","link":"http:\/\/zelenykomin.cz\/?p=985","title":{"rendered":"Pozv\u00e1nka na jarn\u00ed kom\u00ednsk\u00e9 akce"},"content":{"rendered":"<p>Srde\u010dn\u011b V\u00e1s zveme na akce po\u0159\u00e1dan\u00e9 m\u011bstskou \u010d\u00e1st\u00ed Brno-Kom\u00edn: V\u00edt\u00e1n\u00ed jara a Ukli\u010fme Kom\u00edn a akce po\u0159\u00e1dan\u00e9 Okra\u0161lovac\u00edm spolkem pro Kom\u00edn: Velikono\u010dn\u00ed strom a \u010carovn\u00fd den zem\u011b.<\/p>\n<p><a href=\"http:\/\/zelenykomin.cz\/wp-content\/uploads\/2017\/03\/vitani_jara.jpg\"><img loading=\"lazy\" decoding=\"async\" class=\"alignleft size-large wp-image-983\" src=\"http:\/\/zelenykomin.cz\/wp-content\/uploads\/2017\/03\/vitani_jara-1024x488.jpg\" alt=\"vitani_jara\" width=\"640\" height=\"305\" srcset=\"http:\/\/zelenykomin.cz\/wp-content\/uploads\/2017\/03\/vitani_jara-1024x488.jpg 1024w, http:\/\/zelenykomin.cz\/wp-content\/uploads\/2017\/03\/vitani_jara-300x143.jpg 300w, http:\/\/zelenykomin.cz\/wp-content\/uploads\/2017\/03\/vitani_jara.jpg 1437w\" sizes=\"(max-width: 640px) 100vw, 640px\" \/><\/a><\/p>\n<p><a href=\"http:\/\/zelenykomin.cz\/wp-content\/uploads\/2017\/03\/uklidme_Cesko.jpg\"><img loading=\"lazy\" decoding=\"async\" class=\"alignleft size-full wp-image-982\" src=\"http:\/\/zelenykomin.cz\/wp-content\/uploads\/2017\/03\/uklidme_Cesko.jpg\" alt=\"uklidme_Cesko\" width=\"798\" height=\"328\" srcset=\"http:\/\/zelenykomin.cz\/wp-content\/uploads\/2017\/03\/uklidme_Cesko.jpg 798w, http:\/\/zelenykomin.cz\/wp-content\/uploads\/2017\/03\/uklidme_Cesko-300x123.jpg 300w\" sizes=\"(max-width: 798px) 100vw, 798px\" \/><\/a><a href=\"http:\/\/zelenykomin.cz\/wp-content\/uploads\/2017\/03\/velikonocni_strom_2017_FB.jpg\"><img loading=\"lazy\" decoding=\"async\" class=\"alignleft size-large wp-image-978\" src=\"http:\/\/zelenykomin.cz\/wp-content\/uploads\/2017\/03\/velikonocni_strom_2017_FB-1024x526.jpg\" alt=\"velikonocni_strom_2017_FB\" width=\"640\" height=\"328\" srcset=\"http:\/\/zelenykomin.cz\/wp-content\/uploads\/2017\/03\/velikonocni_strom_2017_FB-1024x526.jpg 1024w, http:\/\/zelenykomin.cz\/wp-content\/uploads\/2017\/03\/velikonocni_strom_2017_FB-300x154.jpg 300w, http:\/\/zelenykomin.cz\/wp-content\/uploads\/2017\/03\/velikonocni_strom_2017_FB.jpg 1654w\" sizes=\"(max-width: 640px) 100vw, 640px\" \/><\/a><\/p>\n<p><a href=\"http:\/\/zelenykomin.cz\/wp-content\/uploads\/2017\/03\/carodejny_den_2017_FB.jpg\"><img loading=\"lazy\" decoding=\"async\" class=\"alignleft size-large wp-image-979\" src=\"http:\/\/zelenykomin.cz\/wp-content\/uploads\/2017\/03\/carodejny_den_2017_FB-1024x538.jpg\" alt=\"carodejny_den_2017_FB\" width=\"640\" height=\"336\" srcset=\"http:\/\/zelenykomin.cz\/wp-content\/uploads\/2017\/03\/carodejny_den_2017_FB-1024x538.jpg 1024w, http:\/\/zelenykomin.cz\/wp-content\/uploads\/2017\/03\/carodejny_den_2017_FB-300x157.jpg 300w, http:\/\/zelenykomin.cz\/wp-content\/uploads\/2017\/03\/carodejny_den_2017_FB.jpg 1653w\" sizes=\"(max-width: 640px) 100vw, 640px\" \/><\/a><\/p>\n","protected":false},"excerpt":{"rendered":"<p>Srde\u010dn\u011b V\u00e1s zveme na akce po\u0159\u00e1dan\u00e9 m\u011bstskou \u010d\u00e1st\u00ed Brno-Kom\u00edn: V\u00edt\u00e1n\u00ed jara a Ukli\u010fme Kom\u00edn a akce po\u0159\u00e1dan\u00e9 Okra\u0161lovac\u00edm spolkem pro Kom\u00edn: Velikono\u010dn\u00ed strom a \u010carovn\u00fd den zem\u011b.<\/p>\n","protected":false},"author":6,"featured_media":0,"comment_status":"open","ping_status":"open","sticky":false,"template":"","format":"standard","meta":{"footnotes":""},"categories":[5,8],"tags":[],"_links":{"self":[{"href":"http:\/\/zelenykomin.cz\/index.php?rest_route=\/wp\/v2\/posts\/985"}],"collection":[{"href":"http:\/\/zelenykomin.cz\/index.php?rest_route=\/wp\/v2\/posts"}],"about":[{"href":"http:\/\/zelenykomin.cz\/index.php?rest_route=\/wp\/v2\/types\/post"}],"author":[{"embeddable":true,"href":"http:\/\/zelenykomin.cz\/index.php?rest_route=\/wp\/v2\/users\/6"}],"replies":[{"embeddable":true,"href":"http:\/\/zelenykomin.cz\/index.php?rest_route=%2Fwp%2Fv2%2Fcomments&post=985"}],"version-history":[{"count":2,"href":"http:\/\/zelenykomin.cz\/index.php?rest_route=\/wp\/v2\/posts\/985\/revisions"}],"predecessor-version":[{"id":987,"href":"http:\/\/zelenykomin.cz\/index.php?rest_route=\/wp\/v2\/posts\/985\/revisions\/987"}],"wp:attachment":[{"href":"http:\/\/zelenykomin.cz\/index.php?rest_route=%2Fwp%2Fv2%2Fmedia&parent=985"}],"wp:term":[{"taxonomy":"category","embeddable":true,"href":"http:\/\/zelenykomin.cz\/index.php?rest_route=%2Fwp%2Fv2%2Fcategories&post=985"},{"taxonomy":"post_tag","embeddable":true,"href":"http:\/\/zelenykomin.cz\/index.php?rest_route=%2Fwp%2Fv2%2Ftags&post=985"}],"curies":[{"name":"wp","href":"https:\/\/api.w.org\/{rel}","templated":true}]}}