{"id":96,"date":"2013-12-04T14:42:06","date_gmt":"2013-12-04T13:42:06","guid":{"rendered":"http:\/\/zelenykomin.cz\/?p=96"},"modified":"2014-11-26T10:34:03","modified_gmt":"2014-11-26T09:34:03","slug":"informace-ze-zastupitelstva","status":"publish","type":"post","link":"http:\/\/zelenykomin.cz\/?p=96","title":{"rendered":"Informace ze zastupitelstva"},"content":{"rendered":"<p>Informace ze zastupitelstva ve zkratce:<br \/>\nJedn\u00e1n\u00ed ZM\u010c \u010d. 6\/2011, dne 14.12.2011<\/p>\n<p><!--more--><\/p>\n<p>A)<br \/>\nByl schv\u00e1len rozpo\u010det M\u010c Brno-Kom\u00edn na rok 2012, kde p\u0159\u00edjmy jsou ve v\u00fd\u0161i 27 535 tis. K\u010d, v\u00fddaje ve v\u00fd\u0161i 28 535 tis. K\u010d. \u010cinnost m\u00edstn\u00ed spr\u00e1vy (tj. provoz \u00fa\u0159adu, odm\u011bny \u00fa\u0159edn\u00edk\u016f a samospr\u00e1vy\u2026) tvo\u0159\u00ed \u010d\u00e1stku 11 707 tis. K\u010d.<\/p>\n<p>B)<br \/>\nSnad poprv\u00e9 v historii byl schv\u00e1len tento rozpo\u010det obce jako schodkov\u00fd. Schodek ve v\u00fd\u0161i<\/p>\n<p>1 mil. K\u010d bude pokryt z nevy\u010derpan\u00fdch prost\u0159edk\u016f minul\u00fdch let.<\/p>\n<p>D\u016fvodem schodku je p\u0159edpokl\u00e1dan\u00e1 realizace 6. etapy \u201eRegenerace panelov\u00e9ho s\u00eddli\u0161t\u011b v Brn\u011b-Kom\u00edn\u011b\u201c, kter\u00e1 se t\u00fdk\u00e1:<\/p>\n<ul>\n<li>\u00fapravy na D\u011btsk\u00e9m dopravn\u00edm h\u0159i\u0161ti u Z\u0160 a M\u0160 Brno, Pastviny 70 \u2013 osv\u011btlen\u00ed, kamerov\u00fd syst\u00e9m a zele\u0148;<\/li>\n<li>opravy chodn\u00edk\u016f u M\u0160 Brno, Absolonova 20a, ul. Absolonova a ul. Pastviny;<\/li>\n<li>v\u00fdsadba zelen\u011b v proluce ul. Absolonova \u2013 Hlavn\u00ed.<\/li>\n<\/ul>\n<p>Na\u0161e reakce:<\/p>\n<p>se schv\u00e1len\u00edm schodkov\u00e9ho rozpo\u010dtu jsme nesouhlasili. V z\u00e1sad\u011b nem\u00e1me nic proti pl\u00e1novan\u00e9 regeneraci, ale v sou\u010dasn\u00e9 dob\u011b nedostatku financ\u00ed jsme p\u0159esv\u011bd\u010deni, \u017ee je t\u0159eba \u0159e\u0161it v\u00fddaje velmi obez\u0159etn\u011b.<\/p>\n<p>Jedn\u00e1n\u00ed ZM\u010c \u010d. 1\/2012, dne 22.2.2012<\/p>\n<p>A)<br \/>\nByla schv\u00e1lena zm\u011bna \u00fazemn\u00edho pl\u00e1nu, ve kter\u00e9 se plochy pro individu\u00e1ln\u00ed rekreaci p\u0159i ulici Bystrck\u00e9, v\u00fdchodn\u011b od lomu, m\u011bn\u00ed na plochy bydlen\u00ed \u010dist\u00e9ho. Jin\u00fdmi slovy, rekrea\u010dn\u00ed objekty se mohou zm\u011bnit na objekty pro b\u011b\u017en\u00e9 bydlen\u00ed.<br \/>\nNa\u0161e reakce:<\/p>\n<p>ot\u00e1zka p\u0159\u00edstupu, tedy \u00fapravy p\u0159\u00edjezdov\u00e9 komunikace nen\u00ed nijak \u0159e\u0161ena. A to je hlavn\u00ed d\u016fvod, pro\u010d jsme se zdr\u017eeli hlasov\u00e1n\u00ed. Museli jsme v\u0161ak konstatovat, \u017ee \u017e\u00e1dn\u00ed ob\u010dan\u00e9 z dom\u016f, kter\u00fdch se tyto zm\u011bny mohou dotknout, na zastupitelstvo nep\u0159i\u0161li.<\/p>\n<p>Je v\u0161ak ot\u00e1zkou, zda byli o tomto z\u00e1va\u017en\u00e9m rozhodov\u00e1n\u00ed informov\u00e1ni jinak ne\u017e vyv\u011b\u0161en\u00edm programu zastupitelstva na \u00fa\u0159edn\u00ed desce \u00daM\u010c Brno-Kom\u00edn.<\/p>\n<p>B)<br \/>\nKom\u00edn se m\u011bl vyj\u00e1d\u0159it ke stavb\u011b polyfunk\u010dn\u00edho domu na ulici Kn\u00edni\u010dsk\u00e1. Studie navrhuje z\u00e1stavbu na troj\u00faheln\u00edkov\u00e9 plo\u0161e mezi ulicemi Podvesk\u00e1, v\u00fdchodn\u00ed hranic\u00ed are\u00e1lu \u0161koly na \u010cichnov\u011b ulici a tramvajovou trat\u00ed vedouc\u00ed z Rosick\u00e9ho n\u00e1m\u011bst\u00ed z \u017dabov\u0159esk. Studie navrhuje zv\u00fd\u0161en\u00ed indexu podla\u017en\u00edch ploch. T\u00edm se sleduje v\u011bt\u0161\u00ed hustota bydlen\u00ed na dan\u00e9 plo\u0161e.<\/p>\n<p>Zv\u00fd\u0161en\u00ed indexu podla\u017en\u00edch ploch zastupitel\u00e9 neodsouhlasili.<\/p>\n<p>I p\u0159esto v\u0161ak m\u016f\u017eeme o\u010dek\u00e1vat velk\u00e9 zv\u00fd\u0161en\u00ed dopravy na ulici Podvesk\u00e9, t\u00edm sp\u00ed\u0161e, \u017ee povede pouze v jednom sm\u011bru k ulici Vesla\u0159sk\u00e9 \u2013 vozovn\u011b Kom\u00edn.<\/p>\n<p>Na\u0161e reakce:<\/p>\n<p>museli jsme konstatovat, \u017ee \u017e\u00e1dn\u00ed ob\u010dan\u00e9 z dom\u016f, kter\u00fdch se tyto zm\u011bny mohou dotknout, na zastupitelstvo nep\u0159i\u0161li. Ot\u00e1zka op\u011bt zn\u00ed, zdali byli o tomto z\u00e1va\u017en\u00e9m rozhodov\u00e1n\u00ed informov\u00e1ni jinak ne\u017e vyv\u011b\u0161en\u00edm programu zastupitelstva na \u00fa\u0159edn\u00ed desce \u00daM\u010c Brno-Kom\u00edn.<\/p>\n<p>C)<\/p>\n<p>Ke schv\u00e1len\u00ed v\u00fd\u0161e m\u011bs\u00ed\u010dn\u00ed odm\u011bny neuvoln\u011bn\u00e9mu zastupiteli M\u010c Brno-Kom\u00edn panu Janu Hal\u00ed\u010dkovi (ODS) jsme m\u011bli z\u00e1sadn\u00ed v\u00fdhrady a p\u0159idali se k n\u00e1m zastupitel\u00e9 z TOP 09 a zastupitel za KS\u010cM. Odm\u011bna mu m\u00e1 b\u00fdt vypl\u00e1cena v souvislosti s n\u00e1vrhem p\u0159edsedy Komise stavebn\u00ed, dopravy a pro \u00fazemn\u00ed rozvoj a pl\u00e1nov\u00e1n\u00ed RM\u010c Brno-Kom\u00edn Ing. arch. Pek\u00e1ra<\/p>\n<p>(ODS), kter\u00fd zd\u016fvod\u0148uje roz\u0161\u00ed\u0159en\u00ed t\u00e9to komise zkvalitn\u011bn\u00edm kontaktu s Komis\u00ed bezpe\u010dnosti a ve\u0159ejn\u00e9ho po\u0159\u00e1dku RM\u010c B-K.<\/p>\n<p>N\u00e1\u0161 n\u00e1zor:<\/p>\n<p>nevid\u00edme nic neobvykl\u00e9ho na tom, pokud se zastupitel, p\u0159edseda a \u010dlen Komise bezpe\u010dnosti a po\u0159\u00e1dku \u00fa\u010dastn\u00ed ZADARMO, jako host, jedn\u00e1n\u00ed JIN\u00c9 komise v p\u0159\u00edpad\u011b, \u017ee to situace vy\u017eaduje. Takovou situaci si nikdo z n\u00e1s z minulosti nevybavuje, ale t\u0159eba m\u016f\u017ee nastat.<\/p>\n<p>Na kom\u00ednsk\u00e9m webu lze zjistit, kte\u0159\u00ed zastupitel\u00e9 a ob\u010dan\u00e9 jsou \u010dleny komis\u00ed a v\u00fdbor\u016f. Zat\u00edmco b\u011b\u017en\u00ed ob\u010dan\u00e9 za tuto svoji dobrovolnou \u010dinnost jsou odm\u011b\u0148ov\u00e1ni maxim\u00e1ln\u011b stokorunou za rok, zastupitel dost\u00e1v\u00e1 odm\u011bnu \u0159\u00e1dnou, kterou stanovuje na\u0159\u00edzen\u00ed vl\u00e1dy podle r\u016fzn\u00fdch kriteri\u00ed, nap\u0159. po\u010dtu ob\u010dan\u016f v obci atd. V M\u010c Brno-Kom\u00edn tyto odm\u011bny \u010din\u00ed:<\/p>\n<p>zastupitel ZM\u010c Brno-Kom\u00edn 627 K\u010d\/m\u011bs\u00edc<\/p>\n<p>radn\u00ed neuvoln\u011bn\u00fd \u2013 1 500 K\u010d\/m\u011bs\u00edc<\/p>\n<p>p\u0159edseda komise \u2013 1 235 K\u010d\/m\u011bs\u00edc<\/p>\n<p>\u010dlen komise \u2013 1 064 K\u010d\/m\u011bs\u00edc<\/p>\n<p>V kolika komis\u00edch nebo v\u00fdborech je zastupitel \u010dlenem si m\u016f\u017ee ob\u010dan zjistit na webu Kom\u00edna a od toho odvodit i jeho m\u011bs\u00ed\u010dn\u00ed odm\u011bnu. Nezjist\u00ed v\u0161ak, zda se jedn\u00e1n\u00ed komis\u00ed pravideln\u011b z\u00fa\u010dast\u0148uje. Tato informace na webu prost\u011b chyb\u00ed. To znamen\u00e1, \u017ee zastupitel kter\u00fd je \u010dlenem komise a m\u00edsto dvan\u00e1cti jadn\u00e1n\u00ed komis\u00ed za rok se \u00fa\u010dastn\u00ed pouze p\u011bti, st\u00e1le dost\u00e1v\u00e1 odm\u011bny ve v\u00fd\u0161i 12 x 1 064 K\u010d \u2013 tedy 12 768 K\u010d \u2013 a to za \u00fa\u010dast na p\u011bti sch\u016fz\u00edch komise, kter\u00e1 trvaj\u00ed cca 1,5 hodiny. D\u00e1le je t\u0159eba uv\u00e9st, \u017ee v\u00fd\u0161e uveden\u00e9 odm\u011bny pro neuvoln\u011bn\u00e9 zastupitele jsou z\u00e1konem stanoveny jako maxim\u00e1ln\u00ed, zastupitelstvo je tedy m\u016f\u017ee omezit. \u0158ada obc\u00ed kv\u016fli celkov\u00e9 t\u00ed\u017eiv\u00e9 rozpo\u010dtov\u00e9 situaci republiky k tomuto kroku ji\u017e p\u0159istoupila. Kom\u00ednsk\u00e1 radni\u010dn\u00ed koalice v\u0161ak postupuje sm\u011brem opa\u010dn\u00fdm \u2013 zvy\u0161ov\u00e1n\u00ed n\u00e1klad\u016f na samospr\u00e1vu.<\/p>\n<p>Vzhledem k tomu, \u017ee je rozpo\u010det M\u010c Brno-Kom\u00edn u\u017e nyn\u00ed hodn\u011b napjat\u00fd, navrhli jsme nov\u00e9 usnesen\u00ed. Konkr\u00e9tn\u011b omezit \u010dlenstv\u00ed v rad\u011b, v\u00fdborech a komis\u00edch na maxim\u00e1ln\u011b 2 mand\u00e1ty na jednoho zastupitele a uvoln\u011bn\u00e1 m\u00edsta nahradit z\u00e1stupci ob\u010dan\u016f.<\/p>\n<p>Ve zd\u016fvodn\u011bn\u00ed jsme uvedli, \u017ee od p\u0159ijet\u00ed tohoto usnesen\u00ed o\u010dek\u00e1v\u00e1me \u010d\u00e1ste\u010dnou \u00fasporu ve v\u00fddaj\u00edch na odm\u011bny zastupitel\u016f a v\u011bt\u0161\u00ed participaci ob\u010dan\u016f na rozhodov\u00e1n\u00ed o v\u011bcech obecn\u00edch.<\/p>\n<p>Pokud by zastupitel\u00e9 na\u0161e usnesen\u00ed p\u0159ijali, obec by u\u0161et\u0159ila cca 50 000 K\u010d ro\u010dn\u011b. Na prvn\u00ed pohled mo\u017en\u00e1 nic moc, ale takov\u00e9 pen\u00edze mohou b\u00fdt pou\u017eity na zpracov\u00e1n\u00ed projektu nebo odstran\u011bn\u00ed p\u0159erostl\u00e9 zelen\u011b v souvislosti s realizac\u00ed projektu sportovi\u0161\u0165 na Z\u0160 Pastviny atd.<\/p>\n<p>N\u00e1\u0161 n\u00e1vrh usnesen\u00ed nebyl p\u0159ijat. Pan Hal\u00ed\u010dek se tak stal \u010dlenem dal\u0161\u00ed komise, je tedy ve \u010dty\u0159ech org\u00e1nech, z toho jednomu p\u0159edsed\u00e1, konkr\u00e9tn\u011b Komisi bezpe\u010dnosti a po\u0159\u00e1dku.<\/p>\n<p>D)<\/p>\n<p>V souvislosti s roz\u0161\u00ed\u0159en\u00edm \u010dlenstv\u00ed zastupitele M\u010c B-K p. Hal\u00ed\u010dka o dal\u0161\u00ed komisi (Komise stavebn\u00ed, dopravy a pro \u00fazemn\u00ed rozvoj a pl\u00e1nov\u00e1n\u00ed) jsme navrhli zve\u0159ej\u0148ovat na webu M\u010c Brno-Kom\u00edn vedle seznamu \u010dlen\u016f komis\u00ed a v\u00fdbor\u016f tak\u00e9 \u00fa\u010dast \u010dlen\u016f na jedn\u00e1n\u00edch komis\u00ed a v\u00fdbor\u016f.<\/p>\n<p>V\u016f\u010di tomuto n\u00e1vrhu se plamenn\u011b ohradil ob\u010dan Kom\u00edna p. Svoboda (\u010dlen ODS), kter\u00fd je rovn\u011b\u017e \u010dlenem jedn\u00e9 komise.Vyj\u00e1d\u0159il se zhruba v tom smyslu, \u017ee je zd\u011b\u0161en, kdy\u017e si n\u011bjak\u00e1 zastupitelka sb\u00edr\u00e1 informace o tom, zda se on dobrovoln\u011b z\u00fa\u010dast\u0148uje jedn\u00e1n\u00ed komise nebo nikoliv.<\/p>\n<p>N\u00e1\u0161 n\u00e1zor je takov\u00fd, \u017ee pan Svoboda byl podobn\u011b jako n\u011bkte\u0159\u00ed dal\u0161\u00ed ob\u010dan\u00e9 doporu\u010den za \u010dlena komise volen\u00fdmi z\u00e1stupci ob\u010dan\u016f, tj. zastupiteli strany, kter\u00e9 je \u010dlenem. N\u00e1vrh jeho \u010dlenstv\u00ed musela potvrdit Rada m\u011bstsk\u00e9 \u010d\u00e1sti B-K. Dostal tedy ve\u0159ejnou d\u016fv\u011bru k tomu, aby na komisi navrhoval, doporu\u010doval a p\u0159ipom\u00ednkoval. Ob\u010dan\u00e9 tak maj\u00ed pr\u00e1vo v\u011bd\u011bt, zda je tito \u010dlenov\u00e9 komis\u00ed zastupuj\u00ed nebo jenom \u00fa\u010delov\u011b zab\u00edraj\u00ed m\u00edsto. U\u017e tak\u00e9 proto, \u017ee o \u010dlenstv\u00ed v komisi bylo v\u00edce z\u00e1jemc\u016f z \u0159ad ob\u010dan\u016f a p\u0159esto do n\u00ed nebyli zvoleni.<\/p>\n<p>Zda n\u00e1\u0161 n\u00e1vrh veden\u00ed obce akceptuje nev\u00edme. Nikdo se k n\u011bmu necht\u011bl vyj\u00e1d\u0159it.<\/p>\n<p>E)<\/p>\n<p>Z dal\u0161\u00edho jedn\u00e1n\u00ed jsme se pozastavili nad z\u00e1pisem Kontroln\u00edho v\u00fdboru, kter\u00fd se se\u0161el, ale proto\u017ee nedostal \u017e\u00e1dn\u00fd podn\u011bt, tak se vlastn\u011b obratem roze\u0161el (jeden z koleg\u016f ihned vypo\u010d\u00edtal, kolik st\u00e1ly n\u00e1klady na toto sej\u00edt\u00ed a rozej\u00edt\u00ed, ale to si ob\u010dan odovod\u00ed u\u017e s\u00e1m z odm\u011bn uveden\u00fdch v odstavci C). Kdyby se v\u0161ak kontroln\u00ed v\u00fdbor zab\u00fdval pln\u011bn\u00edm jednotliv\u00fdch usnesen\u00ed rady a zastupitelstva, tak by zjistil, \u017ee nap\u0159\u00edklad na web nebyl vyv\u011b\u0161en z\u00e1m\u011br pron\u00e1jmu D\u011btsk\u00e9ho dopravn\u00edho h\u0159i\u0161t\u011b. Jak potom m\u016f\u017eeme vybrat toho nejvhodn\u011bj\u0161\u00edho n\u00e1jemce, kdy\u017e tato informace z\u016fstala ukryta pouze na n\u00e1st\u011bnce u \u00fa\u0159adu?<\/p>\n<p>P\u0159i prohl\u00eddce webu jsme tak\u00e9 zjistili, \u017ee je na n\u011bm zve\u0159ejn\u011bn seznam politick\u00fdch stran. U Strany zelen\u00fdch je ale jako p\u0159edseda uveden Ing. arch. To\u010d\u00edk, kter\u00fd ani nen\u00ed \u010dlenem strany.<\/p>\n<p>No, mo\u017en\u00e1 bychom na kom\u00ednsk\u00e9m webu na\u0161li i jin\u00e9 lah\u016fdky a naopak nena\u0161li to, co by na n\u011bm b\u00fdt m\u011blo.<\/p>\n<p>Milada Blatn\u00e1 (SZ)<\/p>\n<p>zastupitelka<\/p>\n<p>P.S. je\u0161t\u011b p\u0159ed zve\u0159ejn\u011bn\u00edm t\u011bchto \u0159\u00e1dk\u016f n\u00e1m bylo vedouc\u00edm investi\u010dn\u00edho odd\u011blen\u00ed sd\u011bleno, \u017ee prov\u011b\u0159il vyv\u011b\u0161en\u00ed Z\u00e1m\u011bru pron\u00e1jmu D\u011btsk\u00e9ho dopravn\u00edho h\u0159i\u0161t\u011b na webu \u00fa\u0159adu a podle jeho slov z\u00e1m\u011br byl na web um\u00edst\u011bn. Ov\u0161em jako Dokument 69. Oba jsme se shodli na tom, \u017ee m\u00e1lokdo m\u016f\u017ee tu\u0161it, \u017ee se vyv\u011b\u0161en\u00fd dokument vztahuje k bodu 69 ze z\u00e1pisu Rady a \u017ee se tedy jedn\u00e1 o pron\u00e1jem dopravn\u00edho h\u0159i\u0161t\u011b.<\/p>\n","protected":false},"excerpt":{"rendered":"<p>Informace ze zastupitelstva ve zkratce: Jedn\u00e1n\u00ed ZM\u010c \u010d. 6\/2011, dne 14.12.2011<\/p>\n","protected":false},"author":1,"featured_media":97,"comment_status":"open","ping_status":"open","sticky":false,"template":"","format":"standard","meta":{"footnotes":""},"categories":[8,10],"tags":[],"_links":{"self":[{"href":"http:\/\/zelenykomin.cz\/index.php?rest_route=\/wp\/v2\/posts\/96"}],"collection":[{"href":"http:\/\/zelenykomin.cz\/index.php?rest_route=\/wp\/v2\/posts"}],"about":[{"href":"http:\/\/zelenykomin.cz\/index.php?rest_route=\/wp\/v2\/types\/post"}],"author":[{"embeddable":true,"href":"http:\/\/zelenykomin.cz\/index.php?rest_route=\/wp\/v2\/users\/1"}],"replies":[{"embeddable":true,"href":"http:\/\/zelenykomin.cz\/index.php?rest_route=%2Fwp%2Fv2%2Fcomments&post=96"}],"version-history":[{"count":11,"href":"http:\/\/zelenykomin.cz\/index.php?rest_route=\/wp\/v2\/posts\/96\/revisions"}],"predecessor-version":[{"id":136,"href":"http:\/\/zelenykomin.cz\/index.php?rest_route=\/wp\/v2\/posts\/96\/revisions\/136"}],"wp:featuredmedia":[{"embeddable":true,"href":"http:\/\/zelenykomin.cz\/index.php?rest_route=\/wp\/v2\/media\/97"}],"wp:attachment":[{"href":"http:\/\/zelenykomin.cz\/index.php?rest_route=%2Fwp%2Fv2%2Fmedia&parent=96"}],"wp:term":[{"taxonomy":"category","embeddable":true,"href":"http:\/\/zelenykomin.cz\/index.php?rest_route=%2Fwp%2Fv2%2Fcategories&post=96"},{"taxonomy":"post_tag","embeddable":true,"href":"http:\/\/zelenykomin.cz\/index.php?rest_route=%2Fwp%2Fv2%2Ftags&post=96"}],"curies":[{"name":"wp","href":"https:\/\/api.w.org\/{rel}","templated":true}]}}