{"id":959,"date":"2017-02-21T20:14:51","date_gmt":"2017-02-21T19:14:51","guid":{"rendered":"http:\/\/zelenykomin.cz\/?p=959"},"modified":"2017-02-21T20:14:51","modified_gmt":"2017-02-21T19:14:51","slug":"petice-proti-silnicim-okolo-mnisi-hory-a-pres-medlaneckou-plan","status":"publish","type":"post","link":"http:\/\/zelenykomin.cz\/?p=959","title":{"rendered":"Petice proti silnic\u00edm okolo Mni\u0161\u00ed hory a p\u0159es medl\u00e1neckou pl\u00e1\u0148"},"content":{"rendered":"<p><a href=\"http:\/\/zelenykomin.cz\/wp-content\/uploads\/2017\/02\/IMG_2593.jpg\"><img loading=\"lazy\" decoding=\"async\" class=\"alignleft wp-image-971 size-large\" src=\"http:\/\/zelenykomin.cz\/wp-content\/uploads\/2017\/02\/IMG_2593-1024x476.jpg\" alt=\"IMG_2593\" width=\"640\" height=\"297\" srcset=\"http:\/\/zelenykomin.cz\/wp-content\/uploads\/2017\/02\/IMG_2593-1024x476.jpg 1024w, http:\/\/zelenykomin.cz\/wp-content\/uploads\/2017\/02\/IMG_2593-300x139.jpg 300w\" sizes=\"(max-width: 640px) 100vw, 640px\" \/><\/a><br \/>\nPokud chcete pomoci zabr\u00e1nit z\u00e1m\u011bru v\u00fdstavby jak\u00e9koli nov\u00e9 silnice pro automobilovou dopravu v prostoru Mni\u0161\u00ed hory, Baby a medl\u00e1neck\u00e9ho leti\u0161t\u011b, m\u016f\u017eete podepsat peti\u010dn\u00ed arch, kter\u00fd bude adresov\u00e1n kompetentn\u00edm org\u00e1n\u016fm m\u011bsta a kraje:<br \/>\n<strong>Jihomoravsk\u00fd kraj, Odbor \u00fazemn\u00edho pl\u00e1nov\u00e1n\u00ed a stavebn\u00edho<\/strong><br \/>\n\u0159\u00e1du, \u017derot\u00ed novo n\u00e1m. 449\/3, 601 82 Brno;<br \/>\n<strong>Statut\u00e1rn\u00ed m\u011bsto Brno, Odbor \u00fazemn\u00edho pl\u00e1nov\u00e1n\u00ed a rozvoje<\/strong><br \/>\nKounicova 946\/67, 602 00 Brno.<\/p>\n<p>Pros\u00edme \u2013 \u0161i\u0159te! Text k petici a peti\u010dn\u00ed archy ve form\u00e1tu pdf jsou ke sta\u017een\u00ed zde:<br \/>\n<a href=\"http:\/\/zelenykomin.cz\/wp-content\/uploads\/2017\/02\/text_petice.pdf\">TEXT K PETICI<\/a><br \/>\n<a href=\"http:\/\/zelenykomin.cz\/wp-content\/uploads\/2017\/02\/peticni_arch.pdf\">PETI\u010cN\u00cd ARCH<\/a><\/p>\n<p>Nebu\u010fte lhostejn\u00ed k tomu, co se d\u011bje kolem v\u00e1s a vyj\u00e1d\u0159ete sv\u016fj n\u00e1zor!<br \/>\nKa\u017ed\u00fd podpis pom\u016f\u017ee.<\/p>\n<p>Peti ci je mo\u017en\u00e9 podepsat zde:<br \/>\n<strong>Caf\u00e9 &amp; Bistro B\u00edl\u00e1 Vr\u00e1na<\/strong>, Kristenova 1;<br \/>\n<strong>Zdrav\u00e9 hn\u00edzdo<\/strong>, Hlavn\u00ed 192\/83;<br \/>\n<strong>Restaurace U Kosa<\/strong>, Kristenova 14.<\/p>\n<p>D\u011bkujeme.<\/p>\n","protected":false},"excerpt":{"rendered":"<p>Pokud chcete pomoci zabr\u00e1nit z\u00e1m\u011bru v\u00fdstavby jak\u00e9koli nov\u00e9 silnice pro automobilovou dopravu v prostoru Mni\u0161\u00ed hory, Baby a medl\u00e1neck\u00e9ho leti\u0161t\u011b, m\u016f\u017eete podepsat peti\u010dn\u00ed arch, kter\u00fd bude adresov\u00e1n kompetentn\u00edm org\u00e1n\u016fm m\u011bsta a kraje: Jihomoravsk\u00fd kraj, Odbor \u00fazemn\u00edho pl\u00e1nov\u00e1n\u00ed a stavebn\u00edho \u0159\u00e1du, &hellip; <a href=\"http:\/\/zelenykomin.cz\/?p=959\">Cel\u00fd p\u0159\u00edsp\u011bvek <span class=\"meta-nav\">&rarr;<\/span><\/a><\/p>\n","protected":false},"author":6,"featured_media":0,"comment_status":"open","ping_status":"open","sticky":false,"template":"","format":"standard","meta":{"footnotes":""},"categories":[8],"tags":[],"_links":{"self":[{"href":"http:\/\/zelenykomin.cz\/index.php?rest_route=\/wp\/v2\/posts\/959"}],"collection":[{"href":"http:\/\/zelenykomin.cz\/index.php?rest_route=\/wp\/v2\/posts"}],"about":[{"href":"http:\/\/zelenykomin.cz\/index.php?rest_route=\/wp\/v2\/types\/post"}],"author":[{"embeddable":true,"href":"http:\/\/zelenykomin.cz\/index.php?rest_route=\/wp\/v2\/users\/6"}],"replies":[{"embeddable":true,"href":"http:\/\/zelenykomin.cz\/index.php?rest_route=%2Fwp%2Fv2%2Fcomments&post=959"}],"version-history":[{"count":11,"href":"http:\/\/zelenykomin.cz\/index.php?rest_route=\/wp\/v2\/posts\/959\/revisions"}],"predecessor-version":[{"id":974,"href":"http:\/\/zelenykomin.cz\/index.php?rest_route=\/wp\/v2\/posts\/959\/revisions\/974"}],"wp:attachment":[{"href":"http:\/\/zelenykomin.cz\/index.php?rest_route=%2Fwp%2Fv2%2Fmedia&parent=959"}],"wp:term":[{"taxonomy":"category","embeddable":true,"href":"http:\/\/zelenykomin.cz\/index.php?rest_route=%2Fwp%2Fv2%2Fcategories&post=959"},{"taxonomy":"post_tag","embeddable":true,"href":"http:\/\/zelenykomin.cz\/index.php?rest_route=%2Fwp%2Fv2%2Ftags&post=959"}],"curies":[{"name":"wp","href":"https:\/\/api.w.org\/{rel}","templated":true}]}}