{"id":91,"date":"2013-12-04T14:40:11","date_gmt":"2013-12-04T13:40:11","guid":{"rendered":"http:\/\/zelenykomin.cz\/?p=91"},"modified":"2014-11-26T10:34:12","modified_gmt":"2014-11-26T09:34:12","slug":"setkani-zastupcu-verejnosti-s-namestkem-ladislavem-mackem","status":"publish","type":"post","link":"http:\/\/zelenykomin.cz\/?p=91","title":{"rendered":"Setk\u00e1n\u00ed z\u00e1stupc\u016f ve\u0159ejnosti s n\u00e1m\u011bstkem Ladislavem Mackem"},"content":{"rendered":"<p style=\"text-align: justify;\"><span style=\"font-size: 0.95em; line-height: 1.6em;\">K VARIANT\u00c1M KONCEPTU NOV\u00c9HO \u00daZEMN\u00cdHO PL\u00c1NU M\u011aSTA BRNA<\/span><\/p>\n<p style=\"text-align: justify;\">V pond\u011bl\u00ed 14. 11. 2011 byli pozv\u00e1ni z\u00e1stupci ve\u0159ejnosti za sdru\u017een\u00ed Zelen\u00e1 pro Kom\u00edn na jedn\u00e1n\u00ed s n\u00e1m\u011bstkem prim\u00e1tora Mackem. <!--more-->\u00da\u010delem setk\u00e1n\u00ed, kter\u00e9 inicioval Magistr\u00e1t m\u011bsta Brna, bylo zd\u016fvodn\u011bn\u00ed n\u00e1mitek obsa\u017een\u00fdch v jednotliv\u00fdch petic\u00edch a vz\u00e1jemn\u00e9 vysv\u011btlen\u00ed stanovisek.<\/p>\n<p style=\"text-align: justify;\">\n<p style=\"text-align: justify;\">Krom\u011b pana Macka byli jedn\u00e1n\u00ed p\u0159\u00edtomni i z\u00e1stupci OUPR (odboru \u00fazemn\u00edho pl\u00e1nov\u00e1n\u00ed). V n\u00e1sleduj\u00edc\u00edm popisu se pokus\u00edme stru\u010dn\u011b u jednotliv\u00fdch n\u00e1mitek vyj\u00e1d\u0159it to podstatn\u00e9, co na sch\u016fzce zazn\u011blo.<\/p>\n<p style=\"text-align: justify;\">Nesouhlas se stavbou hypermarketu u OBI (v prostoru are\u00e1lu \u010cty\u0159l\u00edstku), ve\u0159ejn\u00fd z\u00e1stupce Ing. arch. Ivana Gole\u0161ov\u00e1.<\/p>\n<p style=\"text-align: justify;\">Na\u0161e z\u00e1sadn\u00ed p\u0159ipom\u00ednky se t\u00fdkaly hrozby zv\u00fd\u0161en\u00ed intenzity dopravy a to i n\u00e1kladn\u00ed (kamionov\u00e9) v m\u011bstsk\u00e9 \u010d\u00e1sti Kom\u00edn, po\u0161kozen\u00ed drobn\u00fdch podnikatel\u016f a zni\u010den\u00ed pozemk\u016f, kter\u00e9 mohou b\u00fdt vyu\u017eity mnohem \u00fa\u010deln\u011bji jak pro m\u011bstskou \u010d\u00e1st, tak i pro cel\u00e9 Brno. Nap\u0159\u00edklad pro ve\u0159ejn\u00e9 ob\u010dansk\u00e9 vybaven\u00ed, t\u011blov\u00fdchovu a sport (aktivity neorganizovan\u00e9 t\u011blov\u00fdchovy, koupali\u0161t\u011b, kryt\u00fd baz\u00e9n), roz\u0161\u00ed\u0159en\u00ed ploch bydlen\u00ed&#8230;<\/p>\n<p style=\"text-align: justify;\">Na\u0161e n\u00e1mitky byly \u010d\u00e1ste\u010dn\u011b akceptov\u00e1ny v tom, \u017ee bylo vysv\u011btleno, \u017ee v \u017e\u00e1dn\u00e9m p\u0159\u00edpad\u011b nep\u016fjde o stavbu hypermarketu, ale o z\u00e1m\u011br vybudov\u00e1n\u00ed n\u00e1kupn\u00edho a z\u00e1bavn\u00edho centra. Zda se jedn\u00e1 o smyslupln\u00e9 vyu\u017eit\u00ed t\u00e9to lokality funkc\u00ed, kter\u00e1 nadm\u011brn\u011b nezv\u00fd\u0161\u00ed dopravn\u00ed z\u00e1t\u011b\u017e v inverzn\u00edm \u00fadol\u00ed Svratky, je v\u0161ak diskutabiln\u00ed.<\/p>\n<p style=\"text-align: justify;\">Nesouhlas s novou z\u00e1stavbou za st\u00e1vaj\u00edc\u00edmi bytov\u00fdmi domy pod\u00e9l ulice \u0158ez\u00e1\u010dova, ve\u0159ejn\u00fd z\u00e1stupce Ing. arch. Eugen To\u010d\u00edk<\/p>\n<p style=\"text-align: justify;\">V tomto p\u0159\u00edpad\u011b varianta konceptu \u00fazemn\u00edho pl\u00e1nu navrhuje zastav\u011bn\u00ed pozemk\u016f, ke kter\u00fdm nevede p\u0159\u00edstupov\u00e1 cesta. V\u011bc b\u011b\u017en\u011b nev\u00eddan\u00e1.<\/p>\n<p style=\"text-align: justify;\">Fat\u00e1ln\u00ed chyba, kter\u00e1 se stala u\u017e n\u011bkdy d\u0159\u00edve, znamen\u00e1, \u017ee v sou\u010dasn\u00e9 dob\u011b proti sob\u011b stoj\u00ed dva t\u00e1bory. Majitel\u00e9 pozemk\u016f, kte\u0159\u00ed cht\u011bj\u00ed zrealizovat sv\u016fj z\u00e1m\u011br stavby rodinn\u00e9ho nebo bytov\u00e9ho domu, proto\u017ee jsou vlastn\u00edky stavebn\u00edch pozemk\u016f a majitel\u00e9 byt\u016f, kte\u0159\u00ed jsou nuceni platn\u00fdm a tak\u00e9 nov\u011b navrhovan\u00fdm \u00fazemn\u00edm pl\u00e1nem strp\u011bt vybudov\u00e1n\u00ed p\u0159\u00edjezdov\u00e9 komunikace k t\u011bmto pozemk\u016fm.<\/p>\n<p style=\"text-align: justify;\">P\u0159esto\u017ee existuje n\u011bkolik studi\u00ed, jak \u00fazem\u00ed napojit, v\u017edy se jedn\u00e1 o krok obt\u00ed\u017en\u00fd a v\u00fdrazn\u011b omezuj\u00edc\u00ed sou\u010dasn\u00fd \u017eivotn\u00ed prost\u0159ed\u00ed ob\u010dan\u016f bydl\u00edc\u00edch na \u0158ez\u00e1\u010dov\u00e9.<\/p>\n<p style=\"text-align: justify;\">Jednou z posledn\u00edch zn\u00e1m\u00fdch variant napojen\u00ed je ta, kter\u00e1 vede pod\u00e9l plotu h\u0159bitova. Ale i ta likviduje st\u00e1vaj\u00edc\u00ed zele\u0148, urbanismus dost\u00e1v\u00e1 na frak.<\/p>\n<p style=\"text-align: justify;\">Na\u0161e stanovisko z\u016fst\u00e1v\u00e1 jednozna\u010dn\u00e9 a je definov\u00e1no v na\u0161\u00ed n\u00e1mitce\u00a0\u2013\u00a0dr\u017eet nesouhlas s celou\u00a0navr\u017eenou z\u00e1stavbou.<\/p>\n<p style=\"text-align: justify;\">Kolektivn\u00ed shoda byla tedy pouze v tom, \u017ee se d\u0159\u00edve stala chyba, kterou nyn\u00ed jednodu\u0161e napravit nelze. Jednozna\u010dn\u00e9 \u0159e\u0161en\u00ed zat\u00edm neexistuje.<\/p>\n<p style=\"text-align: justify;\">Nesouhlas se silni\u010dn\u00edm propojen\u00edm M\u010c Medl\u00e1nky s M\u010c Bystrc, ve\u0159ejn\u00fd z\u00e1stupce Rudolf Holz<\/p>\n<p style=\"text-align: justify;\">Na\u0161e z\u00e1sadn\u00ed n\u00e1mitky se t\u00fdkaj\u00ed zavle\u010den\u00ed tranzitn\u00ed dopravy do \u00fazem\u00ed, kter\u00e9 slou\u017e\u00ed nejen Kom\u00ed\u0148\u00e1k\u016fm, ale i Br\u0148an\u016fm jako cenn\u00e1 rekrea\u010dn\u00ed oblast. Situace by se dopravn\u011b je\u0161t\u011b v\u00edce zhor\u0161ila, pokud by nebyla R43.<\/p>\n<p style=\"text-align: justify;\">N\u00e1m\u011bstek Macek a z\u00e1stupci OUPR sice hovo\u0159\u00ed o t\u00e9to komunikaci, jako o silnici lok\u00e1ln\u00edho v\u00fdznamu, nemohou v\u0161ak jednozna\u010dn\u011b vyvr\u00e1tit, \u017ee by se jej\u00ed v\u00fdstavbou cel\u00e9 \u00fazem\u00ed v budoucnu nezastav\u011blo.<\/p>\n<p style=\"text-align: justify;\">Nebylo n\u00e1m vysv\u011btleno, pro\u010d jej\u00ed pot\u0159ebnost pro m\u00edstn\u00ed obyvatele plat\u00ed ve variant\u00e1ch I a III a nikoliv ve variant\u011b II. Pouk\u00e1zali jsme na to, \u017ee jakmile dojde k vybudov\u00e1n\u00ed takov\u00e9 komunikace, hroz\u00ed jej\u00ed vyu\u017eit\u00ed pro kamionovou dopravu.<\/p>\n<p style=\"text-align: justify;\">Tady jsme jako z\u00e1stupci ob\u010dan\u016f navrhovali mimo jin\u00e9, abychom \u0159e\u0161en\u00ed tohoto nejen pro Kom\u00edn v\u00fdjime\u010dn\u00e9ho \u00fazem\u00ed nechali na p\u0159\u00ed\u0161t\u00ed generaci a neni\u010dili mnohdy kr\u00e1tkozrak\u00fdmi rozhodnut\u00edmi to m\u00e1lo hodnotn\u00e9ho, co n\u00e1m je\u0161t\u011b na \u00fazem\u00ed m\u011bsta Brna zbylo.<\/p>\n<p style=\"text-align: justify;\">Pozn. R. Holze: \u201eN\u00e1m\u011bstku Mackovi se nel\u00edbil m\u016fj koment\u00e1\u0159 o tom, \u017ee v dob\u011b, kdy se v\u0161eobecn\u011b \u0161et\u0159\u00ed na ve\u0159ejn\u00fdch v\u00fddaj\u00edch, m\u011bsto Brno, kter\u00e9 je ji\u017e zadlu\u017een\u00e9, navrhuje ve variant\u00e1ch I a III budovat uprost\u0159ed pol\u00ed n\u00e1kladnou silnici.<\/p>\n<p style=\"text-align: justify;\">Z\u00e1v\u011br<\/p>\n<p style=\"text-align: justify;\">N\u011bkolikr\u00e1t v na\u0161\u00ed argumentaci zazn\u011blo, aby m\u011bsto Brno zam\u011b\u0159ilo v\u00edce svoji pozornost na brownfields a omezilo zab\u00edr\u00e1n\u00ed zelen\u00fdch a zem\u011bd\u011blsk\u00fdch ploch. Bylo zarmucuj\u00edc\u00ed sly\u0161et z \u00fast \u00fa\u0159edn\u00edk\u016f, \u017ee na sanaci zanedban\u00fdch pr\u016fmyslov\u00fdch ploch m\u011bsto Brno pen\u00edze nem\u00e1 a p\u0159edpokl\u00e1d\u00e1 se, \u017ee ani v budoucnu je m\u00edt nebude, a proto mus\u00ed j\u00edt cestou v\u00fdrazn\u011b m\u00e9n\u011b finan\u010dn\u011b n\u00e1ro\u010dnou, kter\u00e1 ale znamen\u00e1 zhor\u0161en\u00ed \u017eivotn\u00edho prost\u0159ed\u00ed a t\u00edm i kvality \u017eivota n\u00e1s v\u0161ech.<\/p>\n","protected":false},"excerpt":{"rendered":"<p>K VARIANT\u00c1M KONCEPTU NOV\u00c9HO \u00daZEMN\u00cdHO PL\u00c1NU M\u011aSTA BRNA V pond\u011bl\u00ed 14. 11. 2011 byli pozv\u00e1ni z\u00e1stupci ve\u0159ejnosti za sdru\u017een\u00ed Zelen\u00e1 pro Kom\u00edn na jedn\u00e1n\u00ed s n\u00e1m\u011bstkem prim\u00e1tora Mackem.<\/p>\n","protected":false},"author":1,"featured_media":93,"comment_status":"open","ping_status":"open","sticky":false,"template":"","format":"standard","meta":{"footnotes":""},"categories":[5],"tags":[],"_links":{"self":[{"href":"http:\/\/zelenykomin.cz\/index.php?rest_route=\/wp\/v2\/posts\/91"}],"collection":[{"href":"http:\/\/zelenykomin.cz\/index.php?rest_route=\/wp\/v2\/posts"}],"about":[{"href":"http:\/\/zelenykomin.cz\/index.php?rest_route=\/wp\/v2\/types\/post"}],"author":[{"embeddable":true,"href":"http:\/\/zelenykomin.cz\/index.php?rest_route=\/wp\/v2\/users\/1"}],"replies":[{"embeddable":true,"href":"http:\/\/zelenykomin.cz\/index.php?rest_route=%2Fwp%2Fv2%2Fcomments&post=91"}],"version-history":[{"count":4,"href":"http:\/\/zelenykomin.cz\/index.php?rest_route=\/wp\/v2\/posts\/91\/revisions"}],"predecessor-version":[{"id":150,"href":"http:\/\/zelenykomin.cz\/index.php?rest_route=\/wp\/v2\/posts\/91\/revisions\/150"}],"wp:featuredmedia":[{"embeddable":true,"href":"http:\/\/zelenykomin.cz\/index.php?rest_route=\/wp\/v2\/media\/93"}],"wp:attachment":[{"href":"http:\/\/zelenykomin.cz\/index.php?rest_route=%2Fwp%2Fv2%2Fmedia&parent=91"}],"wp:term":[{"taxonomy":"category","embeddable":true,"href":"http:\/\/zelenykomin.cz\/index.php?rest_route=%2Fwp%2Fv2%2Fcategories&post=91"},{"taxonomy":"post_tag","embeddable":true,"href":"http:\/\/zelenykomin.cz\/index.php?rest_route=%2Fwp%2Fv2%2Ftags&post=91"}],"curies":[{"name":"wp","href":"https:\/\/api.w.org\/{rel}","templated":true}]}}