{"id":906,"date":"2016-10-02T14:39:52","date_gmt":"2016-10-02T12:39:52","guid":{"rendered":"http:\/\/zelenykomin.cz\/?p=906"},"modified":"2016-10-02T14:39:52","modified_gmt":"2016-10-02T12:39:52","slug":"fotografie-z-tahu-kominem-aneb-kdo-se-chytil-v-siti","status":"publish","type":"post","link":"http:\/\/zelenykomin.cz\/?p=906","title":{"rendered":"Fotografie z Tahu Kom\u00ednem aneb Kdo se chytil v S\u00edt\u00ed"},"content":{"rendered":"<p>Kr\u00e1sn\u011b jsme se pro\u0161li v bab\u00edm l\u00e9t\u011b, poznali kraj, odpad rozt\u0159\u00eddili, lo\u010fku z borov\u00e9 k\u016fry vy\u0159ezali, trdeln\u00edk nad ohn\u011bm a brambory v ohni upekli.<\/p>\n<p><strong>Krajsk\u00e9 volby za\u010d\u00ednaj\u00ed ji\u017e v p\u00e1tek: p\u0159ij\u010fte i tam za Zelen\u00fdmi a Pir\u00e1ty.<\/strong><\/p>\n<p><a href=\"http:\/\/zelenykomin.cz\/wp-content\/uploads\/2016\/10\/IMG_1543.jpg\"><img loading=\"lazy\" decoding=\"async\" class=\"alignnone wp-image-907 size-medium\" src=\"http:\/\/zelenykomin.cz\/wp-content\/uploads\/2016\/10\/IMG_1543-300x200.jpg\" alt=\"img_1543\" width=\"300\" height=\"200\" srcset=\"http:\/\/zelenykomin.cz\/wp-content\/uploads\/2016\/10\/IMG_1543-300x200.jpg 300w, http:\/\/zelenykomin.cz\/wp-content\/uploads\/2016\/10\/IMG_1543-1024x682.jpg 1024w\" sizes=\"(max-width: 300px) 100vw, 300px\" \/><\/a><a href=\"http:\/\/zelenykomin.cz\/wp-content\/uploads\/2016\/10\/IMG_1494.jpg\"><img loading=\"lazy\" decoding=\"async\" class=\"alignnone wp-image-908 size-medium\" src=\"http:\/\/zelenykomin.cz\/wp-content\/uploads\/2016\/10\/IMG_1494-300x200.jpg\" alt=\"img_1494\" width=\"300\" height=\"200\" srcset=\"http:\/\/zelenykomin.cz\/wp-content\/uploads\/2016\/10\/IMG_1494-300x200.jpg 300w, http:\/\/zelenykomin.cz\/wp-content\/uploads\/2016\/10\/IMG_1494-1024x682.jpg 1024w\" sizes=\"(max-width: 300px) 100vw, 300px\" \/><\/a><a href=\"http:\/\/zelenykomin.cz\/wp-content\/uploads\/2016\/10\/IMG_1484.jpg\"><img loading=\"lazy\" decoding=\"async\" class=\"alignnone wp-image-914 size-medium\" src=\"http:\/\/zelenykomin.cz\/wp-content\/uploads\/2016\/10\/IMG_1484-300x200.jpg\" alt=\"img_1484\" width=\"300\" height=\"200\" srcset=\"http:\/\/zelenykomin.cz\/wp-content\/uploads\/2016\/10\/IMG_1484-300x200.jpg 300w, http:\/\/zelenykomin.cz\/wp-content\/uploads\/2016\/10\/IMG_1484-1024x682.jpg 1024w\" sizes=\"(max-width: 300px) 100vw, 300px\" \/><\/a><a href=\"http:\/\/zelenykomin.cz\/wp-content\/uploads\/2016\/10\/IMG_1500.jpg\"><img loading=\"lazy\" decoding=\"async\" class=\"alignnone wp-image-910 size-medium\" src=\"http:\/\/zelenykomin.cz\/wp-content\/uploads\/2016\/10\/IMG_1500-300x200.jpg\" alt=\"img_1500\" width=\"300\" height=\"200\" srcset=\"http:\/\/zelenykomin.cz\/wp-content\/uploads\/2016\/10\/IMG_1500-300x200.jpg 300w, http:\/\/zelenykomin.cz\/wp-content\/uploads\/2016\/10\/IMG_1500-1024x682.jpg 1024w\" sizes=\"(max-width: 300px) 100vw, 300px\" \/><\/a><a href=\"http:\/\/zelenykomin.cz\/wp-content\/uploads\/2016\/10\/IMG_1513.jpg\"><img loading=\"lazy\" decoding=\"async\" class=\"alignnone wp-image-911 size-medium\" src=\"http:\/\/zelenykomin.cz\/wp-content\/uploads\/2016\/10\/IMG_1513-300x200.jpg\" alt=\"img_1513\" width=\"300\" height=\"200\" srcset=\"http:\/\/zelenykomin.cz\/wp-content\/uploads\/2016\/10\/IMG_1513-300x200.jpg 300w, http:\/\/zelenykomin.cz\/wp-content\/uploads\/2016\/10\/IMG_1513-1024x682.jpg 1024w\" sizes=\"(max-width: 300px) 100vw, 300px\" \/><\/a><a href=\"http:\/\/zelenykomin.cz\/wp-content\/uploads\/2016\/10\/IMG_1522.jpg\"><img loading=\"lazy\" decoding=\"async\" class=\"alignnone wp-image-912 size-medium\" src=\"http:\/\/zelenykomin.cz\/wp-content\/uploads\/2016\/10\/IMG_1522-300x200.jpg\" alt=\"img_1522\" width=\"300\" height=\"200\" srcset=\"http:\/\/zelenykomin.cz\/wp-content\/uploads\/2016\/10\/IMG_1522-300x200.jpg 300w, http:\/\/zelenykomin.cz\/wp-content\/uploads\/2016\/10\/IMG_1522-1024x682.jpg 1024w\" sizes=\"(max-width: 300px) 100vw, 300px\" \/><\/a><a href=\"http:\/\/zelenykomin.cz\/wp-content\/uploads\/2016\/10\/IMG_1525.jpg\"><img loading=\"lazy\" decoding=\"async\" class=\"alignnone wp-image-913 size-medium\" src=\"http:\/\/zelenykomin.cz\/wp-content\/uploads\/2016\/10\/IMG_1525-300x200.jpg\" alt=\"img_1525\" width=\"300\" height=\"200\" srcset=\"http:\/\/zelenykomin.cz\/wp-content\/uploads\/2016\/10\/IMG_1525-300x200.jpg 300w, http:\/\/zelenykomin.cz\/wp-content\/uploads\/2016\/10\/IMG_1525-1024x682.jpg 1024w\" sizes=\"(max-width: 300px) 100vw, 300px\" \/><\/a><a href=\"http:\/\/zelenykomin.cz\/wp-content\/uploads\/2016\/10\/IMG_1541.jpg\"><img loading=\"lazy\" decoding=\"async\" class=\"alignnone wp-image-915 size-medium\" src=\"http:\/\/zelenykomin.cz\/wp-content\/uploads\/2016\/10\/IMG_1541-300x200.jpg\" alt=\"img_1541\" width=\"300\" height=\"200\" srcset=\"http:\/\/zelenykomin.cz\/wp-content\/uploads\/2016\/10\/IMG_1541-300x200.jpg 300w, http:\/\/zelenykomin.cz\/wp-content\/uploads\/2016\/10\/IMG_1541-1024x682.jpg 1024w\" sizes=\"(max-width: 300px) 100vw, 300px\" \/><\/a><\/p>\n<p>&nbsp;<\/p>\n","protected":false},"excerpt":{"rendered":"<p>Kr\u00e1sn\u011b jsme se pro\u0161li v bab\u00edm l\u00e9t\u011b, poznali kraj, odpad rozt\u0159\u00eddili, lo\u010fku z borov\u00e9 k\u016fry vy\u0159ezali, trdeln\u00edk nad ohn\u011bm a brambory v ohni upekli. Krajsk\u00e9 volby za\u010d\u00ednaj\u00ed ji\u017e v p\u00e1tek: p\u0159ij\u010fte i tam za Zelen\u00fdmi a Pir\u00e1ty. &nbsp;<\/p>\n","protected":false},"author":6,"featured_media":0,"comment_status":"open","ping_status":"open","sticky":false,"template":"","format":"gallery","meta":{"footnotes":""},"categories":[5,15],"tags":[],"_links":{"self":[{"href":"http:\/\/zelenykomin.cz\/index.php?rest_route=\/wp\/v2\/posts\/906"}],"collection":[{"href":"http:\/\/zelenykomin.cz\/index.php?rest_route=\/wp\/v2\/posts"}],"about":[{"href":"http:\/\/zelenykomin.cz\/index.php?rest_route=\/wp\/v2\/types\/post"}],"author":[{"embeddable":true,"href":"http:\/\/zelenykomin.cz\/index.php?rest_route=\/wp\/v2\/users\/6"}],"replies":[{"embeddable":true,"href":"http:\/\/zelenykomin.cz\/index.php?rest_route=%2Fwp%2Fv2%2Fcomments&post=906"}],"version-history":[{"count":3,"href":"http:\/\/zelenykomin.cz\/index.php?rest_route=\/wp\/v2\/posts\/906\/revisions"}],"predecessor-version":[{"id":917,"href":"http:\/\/zelenykomin.cz\/index.php?rest_route=\/wp\/v2\/posts\/906\/revisions\/917"}],"wp:attachment":[{"href":"http:\/\/zelenykomin.cz\/index.php?rest_route=%2Fwp%2Fv2%2Fmedia&parent=906"}],"wp:term":[{"taxonomy":"category","embeddable":true,"href":"http:\/\/zelenykomin.cz\/index.php?rest_route=%2Fwp%2Fv2%2Fcategories&post=906"},{"taxonomy":"post_tag","embeddable":true,"href":"http:\/\/zelenykomin.cz\/index.php?rest_route=%2Fwp%2Fv2%2Ftags&post=906"}],"curies":[{"name":"wp","href":"https:\/\/api.w.org\/{rel}","templated":true}]}}