{"id":902,"date":"2016-09-27T21:32:25","date_gmt":"2016-09-27T19:32:25","guid":{"rendered":"http:\/\/zelenykomin.cz\/?p=902"},"modified":"2016-09-27T21:32:25","modified_gmt":"2016-09-27T19:32:25","slug":"tah-kominem-tah-krajem","status":"publish","type":"post","link":"http:\/\/zelenykomin.cz\/?p=902","title":{"rendered":"TAH KOM\u00cdNEM, TAH KRAJEM"},"content":{"rendered":"<p>Srde\u010dn\u011b V\u00e1s zveme na dal\u0161\u00ed TAH KOM\u00cdNEM aneb KDO SE CHYT\u00cd V S\u00cdT\u00cd<\/p>\n<p><strong>1. \u0159\u00edjna 2016, start mezi 15 a 17 hodinou u Star\u00e9 hasi\u010dky<\/strong><\/p>\n<p>P\u0159es doprav\u00e1k, kolem ekodvora k reten\u010dce a do pol\u00ed k sadu v S\u00edt\u00ed&#8230;<\/p>\n<p>Poznejte dal\u0161\u00ed \u010d\u00e1st Kom\u00edna, pl\u0148te \u00fakoly, hrajte si, u\u017e\u00edvejte bab\u00edho l\u00e9ta a mo\u017en\u00e1 p\u0159itom tak\u00e9 zjist\u00edte, co jsou t\u00e9mata, kter\u00e1 je pot\u0159eba na jihu Moravy \u0159e\u0161it a jak jejich \u0159e\u0161en\u00ed vid\u00ed Zelen\u00ed a pir\u00e1ti.<\/p>\n<p><a href=\"http:\/\/zelenykomin.cz\/wp-content\/uploads\/2016\/09\/Tah_okolo_Komina_krajsky.jpg\"><img loading=\"lazy\" decoding=\"async\" class=\"alignleft size-large wp-image-903\" src=\"http:\/\/zelenykomin.cz\/wp-content\/uploads\/2016\/09\/Tah_okolo_Komina_krajsky-1024x482.jpg\" alt=\"tah_okolo_komina_krajsky\" width=\"640\" height=\"301\" srcset=\"http:\/\/zelenykomin.cz\/wp-content\/uploads\/2016\/09\/Tah_okolo_Komina_krajsky-1024x482.jpg 1024w, http:\/\/zelenykomin.cz\/wp-content\/uploads\/2016\/09\/Tah_okolo_Komina_krajsky-300x141.jpg 300w\" sizes=\"(max-width: 640px) 100vw, 640px\" \/><\/a><\/p>\n","protected":false},"excerpt":{"rendered":"<p>Srde\u010dn\u011b V\u00e1s zveme na dal\u0161\u00ed TAH KOM\u00cdNEM aneb KDO SE CHYT\u00cd V S\u00cdT\u00cd 1. \u0159\u00edjna 2016, start mezi 15 a 17 hodinou u Star\u00e9 hasi\u010dky P\u0159es doprav\u00e1k, kolem ekodvora k reten\u010dce a do pol\u00ed k sadu v S\u00edt\u00ed&#8230; Poznejte dal\u0161\u00ed &hellip; <a href=\"http:\/\/zelenykomin.cz\/?p=902\">Cel\u00fd p\u0159\u00edsp\u011bvek <span class=\"meta-nav\">&rarr;<\/span><\/a><\/p>\n","protected":false},"author":6,"featured_media":0,"comment_status":"open","ping_status":"open","sticky":false,"template":"","format":"standard","meta":{"footnotes":""},"categories":[5,15],"tags":[],"_links":{"self":[{"href":"http:\/\/zelenykomin.cz\/index.php?rest_route=\/wp\/v2\/posts\/902"}],"collection":[{"href":"http:\/\/zelenykomin.cz\/index.php?rest_route=\/wp\/v2\/posts"}],"about":[{"href":"http:\/\/zelenykomin.cz\/index.php?rest_route=\/wp\/v2\/types\/post"}],"author":[{"embeddable":true,"href":"http:\/\/zelenykomin.cz\/index.php?rest_route=\/wp\/v2\/users\/6"}],"replies":[{"embeddable":true,"href":"http:\/\/zelenykomin.cz\/index.php?rest_route=%2Fwp%2Fv2%2Fcomments&post=902"}],"version-history":[{"count":1,"href":"http:\/\/zelenykomin.cz\/index.php?rest_route=\/wp\/v2\/posts\/902\/revisions"}],"predecessor-version":[{"id":904,"href":"http:\/\/zelenykomin.cz\/index.php?rest_route=\/wp\/v2\/posts\/902\/revisions\/904"}],"wp:attachment":[{"href":"http:\/\/zelenykomin.cz\/index.php?rest_route=%2Fwp%2Fv2%2Fmedia&parent=902"}],"wp:term":[{"taxonomy":"category","embeddable":true,"href":"http:\/\/zelenykomin.cz\/index.php?rest_route=%2Fwp%2Fv2%2Fcategories&post=902"},{"taxonomy":"post_tag","embeddable":true,"href":"http:\/\/zelenykomin.cz\/index.php?rest_route=%2Fwp%2Fv2%2Ftags&post=902"}],"curies":[{"name":"wp","href":"https:\/\/api.w.org\/{rel}","templated":true}]}}