{"id":89,"date":"2013-12-04T14:39:40","date_gmt":"2013-12-04T13:39:40","guid":{"rendered":"http:\/\/zelenykomin.cz\/?p=89"},"modified":"2014-11-26T10:34:22","modified_gmt":"2014-11-26T09:34:22","slug":"otevreny-dopis-starostovi","status":"publish","type":"post","link":"http:\/\/zelenykomin.cz\/?p=89","title":{"rendered":"Otev\u0159en\u00fd dopis starostovi"},"content":{"rendered":"<p style=\"text-align: justify;\">Dobr\u00fd den pane starosto,<\/p>\n<p style=\"text-align: justify;\">v\u010dera jsem \u0161la vy\u0159\u00eddit dce\u0159i ob\u011bdy (jako ka\u017ed\u00fd rok) a p\u0159i t\u00e9 p\u0159\u00edle\u017eitosti jsem po\u017e\u00e1dala zam\u011bstnance, a\u0165 mn\u011b uk\u00e1\u017e\u00ed nov\u011b rekonstruovan\u00e9 prostory j\u00eddelny a WC.<\/p>\n<p style=\"text-align: justify;\"><!--more-->Reakce zam\u011bstnanc\u016f byla takov\u00e1, \u017ee se m\u016fj z\u00e1jem v\u00fdrazn\u011b zv\u00fd\u0161il. To, co jsem uvid\u011bla, mn\u011b \u0161okovalo. A proto pos\u00edl\u00e1m tento otev\u0159en\u00fd dopis nejen V\u00e1m, ale v\u0161em zastupitel\u016fm.\u00a0V\u00fdb\u011brov\u00e9 \u0159\u00edzen\u00ed na tuto zak\u00e1zku prob\u00edhalo 2x. Prvn\u00ed bylo zru\u0161eno p\u0159\u00edmo v\u00fdb\u011brovou komis\u00ed \u00fa\u0159adu, proto\u017ee pr\u00fd kriteria nebyla bl\u00ed\u017ee specifikov\u00e1na. T\u011bmi nespecifikovan\u00fdmi kriterii byly: 1. cena, 2. z\u00e1ruka, 3. reference. Na zastupitelstvu mn\u011b nav\u00edc sd\u011blil pan Pek\u00e1r, \u017ee pokud m\u00e1 o zak\u00e1zku z\u00e1jem 20 firem, existuje velk\u00e9 riziko odvol\u00e1n\u00ed a tuto pr\u00e1ci je p\u0159ece nutn\u00e9 dokon\u010dit do konce pr\u00e1zdnin. Jak jsem si v\u0161ak ov\u011b\u0159ila v dokumentech na \u00fa\u0159adu, do v\u00fdb\u011brov\u00e9ho \u0159\u00edzen\u00ed se p\u0159ihl\u00e1silo pouze 5 firem ze 17, kter\u00e9 si toliko vyzvedly zad\u00e1vac\u00ed dokumentaci.<\/p>\n<p style=\"text-align: justify;\">V nov\u00e9m v\u00fdb\u011brov\u00e9m \u0159\u00edzen\u00ed, kter\u00e9 organizovala extern\u00ed firma, byla stanovena pouze 2 kriteria: 1. cena 65%, 2. doba pln\u011bn\u00ed 30%. Toto v\u00fdb\u011brov\u00e9 \u0159\u00edzen\u00ed vyhr\u00e1la firma Frama s cenou 1.447.706 K\u010d a s dobou pln\u011bn\u00ed 40 kalend\u00e1\u0159n\u00edch dn\u016f p\u0159ed firmou Germont, kter\u00e1 sout\u011b\u017eila s cenou 1.331.034 K\u010d a s dobou pln\u011bn\u00ed 60 kalend\u00e1\u0159n\u00edch dn\u016f.<\/p>\n<p style=\"text-align: justify;\">Doba pln\u011bn\u00ed byla t\u00edm rozhoduj\u00edc\u00edm jaz\u00fd\u010dkem na vah\u00e1ch pro to, aby byla d\u00e1na p\u0159ednost firm\u011b, jej\u00ed\u017e cena za proveden\u00ed zak\u00e1zky byla vy\u0161\u0161\u00ed o 116.672 K\u010d. Zak\u00e1zka m\u011bla b\u00fdt dokon\u010dena a p\u0159ed\u00e1na \u0161kole 22.8.2011.<\/p>\n<p style=\"text-align: justify;\">V\u010dera mn\u011b pan Najvirt (stavebn\u00ed dozor) sd\u011blil za p\u0159\u00edtomnosti pan\u00ed \u0159editelky Z\u0160 a ostatn\u00edch, \u017ee smlouva byla podeps\u00e1na 12.7.2011 a stavba p\u0159ed\u00e1na 13.7.2011. Zak\u00e1zka nen\u00ed hotova a nebude, pokud jsem tomu dob\u0159e rozum\u011bla, do konce z\u00e1\u0159\u00ed.<\/p>\n<p style=\"text-align: justify;\">Nav\u00edc jsem zjistila, \u017ee cel\u00e1 zak\u00e1zka spo\u010d\u00edv\u00e1 pouze v rekonstrukci prostoru p\u0159ed \u0161koln\u00ed j\u00eddelnou, p\u0159ilehl\u00fdch dvou mal\u00fdch WC, rolet\u00e1ch v j\u00eddeln\u011b a n\u00e1bytku v j\u00eddeln\u011b.<\/p>\n<p style=\"text-align: justify;\">Opravdu nerozum\u00edm tomu, jak jste mohl pane starosto, jako osoba maj\u00edc\u00ed v tomto volebn\u00edm obdob\u00ed na starost \u0161kolstv\u00ed, dopustit, \u017ee z\u00e1chodky na chodb\u011b u j\u00eddelny, kter\u00e9 jsou nejv\u00edce z\u00e1t\u011b\u017eov\u00e9 (pou\u017e\u00edvaj\u00ed je nejen \u017e\u00e1ci a u\u010ditel\u00e9, ale v\u0161ichni extern\u00ed n\u00e1v\u0161t\u011bvn\u00edci \u0161koly, kte\u0159\u00ed chod\u00ed pro nebo na ob\u011bdy a v\u0161echny odpoledn\u00ed krou\u017eky) a jsou jedn\u00edm slovem ODPORN\u00c9, nebyly sou\u010d\u00e1st\u00ed t\u00e9to zak\u00e1zky.<\/p>\n<p style=\"text-align: justify;\">Nech\u00e1pu, jak je mo\u017en\u00e9, \u017ee s veden\u00edm \u0161koly byl n\u00e1bytek do j\u00eddelny konzultov\u00e1n a\u017e tak pozd\u011b \u2013 v\u010dera zazn\u011blo datum po 8.8.2011. Tedy necel\u00fdch 14 dn\u016f p\u0159ed smlouvou stanoven\u00fdm dokon\u010den\u00edm. Konzultace<\/p>\n<p style=\"text-align: justify;\">o vhodn\u00e9m n\u00e1bytku p\u0159ece m\u011bla prob\u011bhnout u\u017e p\u0159i zpracov\u00e1n\u00ed projektov\u00e9 dokumentace.<\/p>\n<p style=\"text-align: justify;\">Jak je mo\u017en\u00e9, \u017ee firma, kter\u00e1 vyhr\u00e1la v\u00fdb\u011brov\u00e9 \u0159\u00edzen\u00ed pr\u00e1v\u011b dobou pln\u011bn\u00ed, m\u00e1 tak obrovsk\u00fd skluz a \u00fa\u0159ad v\u011bc ne\u0159e\u0161\u00ed. I p\u0159esto, \u017ee je doba dovolen\u00fdch, mus\u00ed b\u00fdt automaticky zaji\u0161t\u011bna zastupitelnost.<\/p>\n<p style=\"text-align: justify;\">V\u010dera mn\u011b pan Najvirt sd\u011blil, \u017ee o cel\u00e9 v\u011bci m\u00e1 dnes jednat rada. Proto V\u00e1s \u017e\u00e1d\u00e1m pane starosto o sd\u011blen\u00ed k n\u00e1sleduj\u00edc\u00edm dotaz\u016fm:<\/p>\n<p style=\"text-align: justify;\">1. Jak vysok\u00e9 pen\u00e1le mus\u00ed Frama zaplatit za prodlen\u00ed s pracemi. Proto\u017ee tuto &#8211; podle rozsahu prac\u00ed malou zak\u00e1zku \u2013 Frama prov\u00e1d\u00ed naprosto nedostate\u010dn\u011b.<\/p>\n<p style=\"text-align: justify;\">2. \u017d\u00e1d\u00e1m o vysv\u011btlen\u00ed, jak p\u0159esn\u011b zn\u011bla specifikace n\u00e1bytku do j\u00eddelny v projektu a kdo rozhodl o zm\u011bn\u011b.<\/p>\n<p style=\"text-align: justify;\">3. \u017d\u00e1d\u00e1m o sd\u011blen\u00ed, jak\u00e9 person\u00e1ln\u00ed d\u016fsledky vyvod\u00edte ze zanedb\u00e1n\u00ed dozoru ze strany \u00fa\u0159adu.<\/p>\n<p style=\"text-align: justify;\">Z\u00e1v\u011brem dopl\u0148uji sv\u016fj osobn\u00ed n\u00e1zor. V d\u016fsledku v\u0161ech existuj\u00edc\u00edch skute\u010dnost\u00ed jsem nabyla p\u0159esv\u011bd\u010den\u00ed,<\/p>\n<p style=\"text-align: justify;\">\u017ee prvn\u00ed v\u00fdb\u011brov\u00e9 \u0159\u00edzen\u00ed nem\u011bla v\u00fdb\u011brov\u00e1 komise stanoven\u00e1 \u00fa\u0159adem pr\u00e1vo ru\u0161it. Cena a reference jsou toti\u017e obecn\u011b d\u016fle\u017eit\u00fdmi hledisky p\u0159i rozhodov\u00e1n\u00ed a v\u00edm, \u017ee v\u00fdhrady veden\u00ed \u0161koly v\u016f\u010di kvalit\u011b odveden\u00e9 pr\u00e1ce firmy Frama p\u0159i p\u0159estavb\u011b p\u0159\u00edzem\u00ed na \u0161kolku byly velk\u00e9. Kroky, kter\u00e9 vedly k nov\u00e9mu v\u00fdb\u011brov\u00e9mu mn\u011b p\u0159ipadaj\u00ed \u00fa\u010delov\u00e9 a jakoby konan\u00e9 ve prosp\u011bch jedn\u00e9 firmy.<\/p>\n<p style=\"text-align: justify;\">Celou v\u011bc\u00ed kolem postupu \u00fa\u0159adu by se m\u011bl zab\u00fdvat kontroln\u00ed v\u00fdbor. A asi i m\u00e9dia.<\/p>\n","protected":false},"excerpt":{"rendered":"<p>Dobr\u00fd den pane starosto, v\u010dera jsem \u0161la vy\u0159\u00eddit dce\u0159i ob\u011bdy (jako ka\u017ed\u00fd rok) a p\u0159i t\u00e9 p\u0159\u00edle\u017eitosti jsem po\u017e\u00e1dala zam\u011bstnance, a\u0165 mn\u011b uk\u00e1\u017e\u00ed nov\u011b rekonstruovan\u00e9 prostory j\u00eddelny a WC.<\/p>\n","protected":false},"author":1,"featured_media":94,"comment_status":"open","ping_status":"open","sticky":false,"template":"","format":"standard","meta":{"footnotes":""},"categories":[8,10],"tags":[],"_links":{"self":[{"href":"http:\/\/zelenykomin.cz\/index.php?rest_route=\/wp\/v2\/posts\/89"}],"collection":[{"href":"http:\/\/zelenykomin.cz\/index.php?rest_route=\/wp\/v2\/posts"}],"about":[{"href":"http:\/\/zelenykomin.cz\/index.php?rest_route=\/wp\/v2\/types\/post"}],"author":[{"embeddable":true,"href":"http:\/\/zelenykomin.cz\/index.php?rest_route=\/wp\/v2\/users\/1"}],"replies":[{"embeddable":true,"href":"http:\/\/zelenykomin.cz\/index.php?rest_route=%2Fwp%2Fv2%2Fcomments&post=89"}],"version-history":[{"count":4,"href":"http:\/\/zelenykomin.cz\/index.php?rest_route=\/wp\/v2\/posts\/89\/revisions"}],"predecessor-version":[{"id":152,"href":"http:\/\/zelenykomin.cz\/index.php?rest_route=\/wp\/v2\/posts\/89\/revisions\/152"}],"wp:featuredmedia":[{"embeddable":true,"href":"http:\/\/zelenykomin.cz\/index.php?rest_route=\/wp\/v2\/media\/94"}],"wp:attachment":[{"href":"http:\/\/zelenykomin.cz\/index.php?rest_route=%2Fwp%2Fv2%2Fmedia&parent=89"}],"wp:term":[{"taxonomy":"category","embeddable":true,"href":"http:\/\/zelenykomin.cz\/index.php?rest_route=%2Fwp%2Fv2%2Fcategories&post=89"},{"taxonomy":"post_tag","embeddable":true,"href":"http:\/\/zelenykomin.cz\/index.php?rest_route=%2Fwp%2Fv2%2Ftags&post=89"}],"curies":[{"name":"wp","href":"https:\/\/api.w.org\/{rel}","templated":true}]}}