{"id":883,"date":"2016-09-04T14:20:07","date_gmt":"2016-09-04T12:20:07","guid":{"rendered":"http:\/\/zelenykomin.cz\/?p=883"},"modified":"2016-09-04T14:26:34","modified_gmt":"2016-09-04T12:26:34","slug":"proc-je-jiri-hlavenka-dobrym-kandidatem-na-hejtmana","status":"publish","type":"post","link":"http:\/\/zelenykomin.cz\/?p=883","title":{"rendered":"PRO\u010c JE JI\u0158\u00cd HLAVENKA DOBR\u00ddM KANDID\u00c1TEM NA HEJTMANA"},"content":{"rendered":"<p><a href=\"http:\/\/zelenykomin.cz\/wp-content\/uploads\/2016\/09\/hlavenka.jpg\"><img loading=\"lazy\" decoding=\"async\" class=\"alignleft wp-image-895 size-medium\" src=\"http:\/\/zelenykomin.cz\/wp-content\/uploads\/2016\/09\/hlavenka-285x300.jpg\" alt=\"\" width=\"285\" height=\"300\" srcset=\"http:\/\/zelenykomin.cz\/wp-content\/uploads\/2016\/09\/hlavenka-285x300.jpg 285w, http:\/\/zelenykomin.cz\/wp-content\/uploads\/2016\/09\/hlavenka-975x1024.jpg 975w, http:\/\/zelenykomin.cz\/wp-content\/uploads\/2016\/09\/hlavenka.jpg 1818w\" sizes=\"(max-width: 285px) 100vw, 285px\" \/><\/a>Do leto\u0161n\u00edch podzimn\u00edch voleb jdou v\u00a0Jihomoravsk\u00e9m kraji Zelen\u00ed v koalici s Pir\u00e1ty. Do \u010dela spole\u010dn\u00e9 kandid\u00e1tky si zvolili jednapades\u00e1tilet\u00e9ho podnikatele Ji\u0159\u00edho Hlavenku spojen\u00e9ho s\u00a0\u00fasp\u011b\u0161n\u00fdmi projekty Computer Press a InternetShops, zakladatele prvn\u00edho \u010desk\u00e9ho e-shopu Vltava.cz a tak\u00e9 velmi zaj\u00edmav\u011b a podn\u011btn\u011b p\u00ed\u0161\u00edc\u00edho publicistu.<\/p>\n<p>Pro\u010d je podle mne v\u00fdborn\u00fdm kandid\u00e1tem na hejtmana? Proto\u017ee je chytr\u00fdm, \u00fasp\u011b\u0161n\u00fdm \u010dlov\u011bkem, kter\u00fd jde do ve\u0159ejn\u00e9 sf\u00e9ry, aby zm\u011bnil v\u011bci, kter\u00e9 se mu nel\u00edb\u00ed. Nejde tam proto, aby pos\u00edlil sv\u00e9 imperium. V\u00ed, co chce zm\u011bnit a um\u00ed vysv\u011btlit, pro\u010d je to pot\u0159ebn\u00e9 zm\u011bnit. Pokud se chcete p\u0159esv\u011bd\u010dit, zda m\u00e1m pravdu, p\u0159ipojuji n\u011bkolik odkaz\u016f na rozhovory a \u010dl\u00e1nky, v kter\u00fdch to podle m\u00e9ho m\u00edn\u011bn\u00ed jasn\u011b demonstruje.<\/p>\n<p><em>Petr \u010cerm\u00e1k<\/em><\/p>\n<p>Rozhovor na <em>PiratskeListy.cz<\/em>: <a href=\"http:\/\/www.piratskelisty.cz\/clanek-1491-hlavenka-soustredime-se-na-temata-ktera-se-leta-zanedbavaji\">Hlavenka: Soust\u0159ed\u00edme se na t\u00e9mata, kter\u00e1 se l\u00e9ta zanedb\u00e1vaj\u00ed<\/a><\/p>\n<p>Koment\u00e1\u0159e a \u010dl\u00e1nky Ji\u0159\u00edho Hlavenky v <em>Kulturn\u00edch novin\u00e1ch<\/em>: <a href=\"http:\/\/www.kulturni-noviny.cz\/nezavisle-vydavatelske-a-medialni-druzstvo\/autori\/autori-kulturnich-novin\/jiri-hlavenka\">kulturni-noviny.cz<\/a><\/p>\n<p>Koment\u00e1\u0159e a \u010dl\u00e1nky Ji\u0159\u00edho Hlavenky v <em>Den\u00edku Referendum<\/em>: <a href=\"http:\/\/denikreferendum.cz\/autor\/1173-jiri-hlavenka\">denikreferendum.cz<\/a><\/p>\n<p>Blog Ji\u0159\u00edho Hlavenky: <a href=\"http:\/\/www.bloc.cz\/\">bloc.cz<\/a><\/p>\n<p>Rozhovor v <em>5plus2<\/em>: <a href=\"http:\/\/www.zeleniapiratijmk.cz\/2016\/07\/20\/nejsem-zahradkar-ale-miluji-prirodu-a-vandry\/\">Nejsem zahr\u00e1dk\u00e1\u0159, ale miluji p\u0159\u00edrodu a vandry<\/a><\/p>\n<p>Rozhovor v <em>Brn\u011bnsk\u00e9m den\u00edku<\/em>: <a href=\"http:\/\/brnensky.denik.cz\/zpravy_region\/kandidatura-spis-splatka-nez-kariera-tvrdi-kandidat-na-hejtmana-hlavenka-20151205.html\">Kandidatura? Sp\u00ed\u0161 spl\u00e1tka ne\u017e kari\u00e9ra, tvrd\u00ed kandid\u00e1t na hejtmana Hlavenka<\/a><\/p>\n","protected":false},"excerpt":{"rendered":"<p>Do leto\u0161n\u00edch podzimn\u00edch voleb jdou v\u00a0Jihomoravsk\u00e9m kraji Zelen\u00ed v koalici s Pir\u00e1ty. Do \u010dela spole\u010dn\u00e9 kandid\u00e1tky si zvolili jednapades\u00e1tilet\u00e9ho podnikatele Ji\u0159\u00edho Hlavenku spojen\u00e9ho s\u00a0\u00fasp\u011b\u0161n\u00fdmi projekty Computer Press a InternetShops, zakladatele prvn\u00edho \u010desk\u00e9ho e-shopu Vltava.cz a tak\u00e9 velmi zaj\u00edmav\u011b a podn\u011btn\u011b &hellip; <a href=\"http:\/\/zelenykomin.cz\/?p=883\">Cel\u00fd p\u0159\u00edsp\u011bvek <span class=\"meta-nav\">&rarr;<\/span><\/a><\/p>\n","protected":false},"author":6,"featured_media":0,"comment_status":"open","ping_status":"open","sticky":false,"template":"","format":"standard","meta":{"footnotes":""},"categories":[15,1],"tags":[],"_links":{"self":[{"href":"http:\/\/zelenykomin.cz\/index.php?rest_route=\/wp\/v2\/posts\/883"}],"collection":[{"href":"http:\/\/zelenykomin.cz\/index.php?rest_route=\/wp\/v2\/posts"}],"about":[{"href":"http:\/\/zelenykomin.cz\/index.php?rest_route=\/wp\/v2\/types\/post"}],"author":[{"embeddable":true,"href":"http:\/\/zelenykomin.cz\/index.php?rest_route=\/wp\/v2\/users\/6"}],"replies":[{"embeddable":true,"href":"http:\/\/zelenykomin.cz\/index.php?rest_route=%2Fwp%2Fv2%2Fcomments&post=883"}],"version-history":[{"count":14,"href":"http:\/\/zelenykomin.cz\/index.php?rest_route=\/wp\/v2\/posts\/883\/revisions"}],"predecessor-version":[{"id":899,"href":"http:\/\/zelenykomin.cz\/index.php?rest_route=\/wp\/v2\/posts\/883\/revisions\/899"}],"wp:attachment":[{"href":"http:\/\/zelenykomin.cz\/index.php?rest_route=%2Fwp%2Fv2%2Fmedia&parent=883"}],"wp:term":[{"taxonomy":"category","embeddable":true,"href":"http:\/\/zelenykomin.cz\/index.php?rest_route=%2Fwp%2Fv2%2Fcategories&post=883"},{"taxonomy":"post_tag","embeddable":true,"href":"http:\/\/zelenykomin.cz\/index.php?rest_route=%2Fwp%2Fv2%2Ftags&post=883"}],"curies":[{"name":"wp","href":"https:\/\/api.w.org\/{rel}","templated":true}]}}