{"id":876,"date":"2016-09-03T11:15:18","date_gmt":"2016-09-03T09:15:18","guid":{"rendered":"http:\/\/zelenykomin.cz\/?p=876"},"modified":"2016-09-03T11:16:05","modified_gmt":"2016-09-03T09:16:05","slug":"mame-nejhorsiho-hejtmana","status":"publish","type":"post","link":"http:\/\/zelenykomin.cz\/?p=876","title":{"rendered":"M\u00c1ME NEJHOR\u0160\u00cdHO HEJTMANA"},"content":{"rendered":"<p><a href=\"http:\/\/zelenykomin.cz\/wp-content\/uploads\/2016\/09\/vysvedceni.jpg\"><img loading=\"lazy\" decoding=\"async\" class=\"alignleft size-full wp-image-878\" src=\"http:\/\/zelenykomin.cz\/wp-content\/uploads\/2016\/09\/vysvedceni.jpg\" alt=\"vysvedceni\" width=\"284\" height=\"62\" \/><\/a><\/p>\n<p>&nbsp;<\/p>\n<p>&nbsp;<\/p>\n<p>Podle \u010dten\u00e1\u0159\u016f iDNES.cz pracovali hejtmani v minul\u00e9m volebn\u00edm obdob\u00ed pro sv\u00e9 kraje jen o trochu l\u00e9pe ne\u017e pr\u016fm\u011brn\u011b. Nejp\u0159\u00edzniv\u011bj\u0161\u00ed pr\u016fm\u011brnou zn\u00e1mku z deseti p\u0159edm\u011bt\u016f &#8211; 2,68 &#8211; dostal st\u0159edo\u010desk\u00fd hejtman Milo\u0161 Petera, nejhor\u0161\u00ed pak jihomoravsk\u00fd hejtman Michal Ha\u0161ek a to d\u011bsiv\u00fdch 4,29. Jeho fungov\u00e1n\u00ed p\u0159itom ohodnotilo nejv\u00edce \u010dten\u00e1\u0159\u016f!<\/p>\n<p>Zdroj: <a href=\"http:\/\/zpravy.idnes.cz\/znamkovani-vysvedceni-hejtmanu-vysledky-fg0-\/domaci.aspx?c=A160901_090952_domaci_mav%3E\">zpravy.idnes.cz<\/a><\/p>\n","protected":false},"excerpt":{"rendered":"<p>&nbsp; &nbsp; Podle \u010dten\u00e1\u0159\u016f iDNES.cz pracovali hejtmani v minul\u00e9m volebn\u00edm obdob\u00ed pro sv\u00e9 kraje jen o trochu l\u00e9pe ne\u017e pr\u016fm\u011brn\u011b. Nejp\u0159\u00edzniv\u011bj\u0161\u00ed pr\u016fm\u011brnou zn\u00e1mku z deseti p\u0159edm\u011bt\u016f &#8211; 2,68 &#8211; dostal st\u0159edo\u010desk\u00fd hejtman Milo\u0161 Petera, nejhor\u0161\u00ed pak jihomoravsk\u00fd hejtman Michal Ha\u0161ek &hellip; <a href=\"http:\/\/zelenykomin.cz\/?p=876\">Cel\u00fd p\u0159\u00edsp\u011bvek <span class=\"meta-nav\">&rarr;<\/span><\/a><\/p>\n","protected":false},"author":6,"featured_media":0,"comment_status":"open","ping_status":"open","sticky":false,"template":"","format":"standard","meta":{"footnotes":""},"categories":[15,1],"tags":[],"_links":{"self":[{"href":"http:\/\/zelenykomin.cz\/index.php?rest_route=\/wp\/v2\/posts\/876"}],"collection":[{"href":"http:\/\/zelenykomin.cz\/index.php?rest_route=\/wp\/v2\/posts"}],"about":[{"href":"http:\/\/zelenykomin.cz\/index.php?rest_route=\/wp\/v2\/types\/post"}],"author":[{"embeddable":true,"href":"http:\/\/zelenykomin.cz\/index.php?rest_route=\/wp\/v2\/users\/6"}],"replies":[{"embeddable":true,"href":"http:\/\/zelenykomin.cz\/index.php?rest_route=%2Fwp%2Fv2%2Fcomments&post=876"}],"version-history":[{"count":5,"href":"http:\/\/zelenykomin.cz\/index.php?rest_route=\/wp\/v2\/posts\/876\/revisions"}],"predecessor-version":[{"id":882,"href":"http:\/\/zelenykomin.cz\/index.php?rest_route=\/wp\/v2\/posts\/876\/revisions\/882"}],"wp:attachment":[{"href":"http:\/\/zelenykomin.cz\/index.php?rest_route=%2Fwp%2Fv2%2Fmedia&parent=876"}],"wp:term":[{"taxonomy":"category","embeddable":true,"href":"http:\/\/zelenykomin.cz\/index.php?rest_route=%2Fwp%2Fv2%2Fcategories&post=876"},{"taxonomy":"post_tag","embeddable":true,"href":"http:\/\/zelenykomin.cz\/index.php?rest_route=%2Fwp%2Fv2%2Ftags&post=876"}],"curies":[{"name":"wp","href":"https:\/\/api.w.org\/{rel}","templated":true}]}}