{"id":861,"date":"2016-09-03T10:48:59","date_gmt":"2016-09-03T08:48:59","guid":{"rendered":"http:\/\/zelenykomin.cz\/?p=861"},"modified":"2016-09-08T11:18:38","modified_gmt":"2016-09-08T09:18:38","slug":"nadrazi-v-centru","status":"publish","type":"post","link":"http:\/\/zelenykomin.cz\/?p=861","title":{"rendered":"N\u00c1DRA\u017d\u00cd V CENTRU"},"content":{"rendered":"<p><a href=\"http:\/\/zelenykomin.cz\/wp-content\/uploads\/2016\/09\/v_centru.jpg\"><img loading=\"lazy\" decoding=\"async\" class=\"alignleft size-full wp-image-862\" src=\"http:\/\/zelenykomin.cz\/wp-content\/uploads\/2016\/09\/v_centru.jpg\" alt=\"v_centru\" width=\"244\" height=\"245\" srcset=\"http:\/\/zelenykomin.cz\/wp-content\/uploads\/2016\/09\/v_centru.jpg 244w, http:\/\/zelenykomin.cz\/wp-content\/uploads\/2016\/09\/v_centru-150x150.jpg 150w\" sizes=\"(max-width: 244px) 100vw, 244px\" \/><\/a>Term\u00edn krajsk\u00fdch voleb a referenda o poloze hlavn\u00edho n\u00e1dra\u017e\u00ed se bl\u00ed\u017e\u00ed. R\u00e1di bychom V\u00e1s upozornili na n\u011bkolik web\u016f \u010di facebookov\u00fdch profilov\u00fdch profil\u016f, kter\u00e9 V\u00e1m mohou osv\u011btlit mnoh\u00e1 tvrzen\u00ed s um\u00edst\u011bn\u00edm n\u00e1dra\u017e\u00ed spojen\u00e1, odpov\u011bd\u011bt na ot\u00e1zky, kter\u00e9 se sami nab\u00edz\u00ed, nebo zazn\u00edvaj\u00ed z m\u00e9di\u00ed, z \u00fast politik\u016f, vlastn\u00edk\u016f pozemk\u016f, lobbist\u016f&#8230;<\/p>\n<p>Mysl\u00edme si toti\u017e, \u017ee n\u00e1dra\u017e\u00ed v centru je spr\u00e1vn\u00fdm a zcela re\u00e1ln\u00fdm \u0159e\u0161en\u00edm.<\/p>\n<p>Facebook N\u00e1dra\u017e\u00ed v centru: <a href=\"https:\/\/www.facebook.com\/NadraziBrno\/\">www.facebook.com\/NadraziBrno<\/a><\/p>\n<p>Web Ob\u010dansk\u00e9 aliance \u201eReferendum 2016\u201c, kter\u00e1 je dobrovoln\u00fdm sdru\u017een\u00edm Br\u0148an\u016f a Br\u0148anek, nez\u00e1visl\u00fdm na firm\u00e1ch, podnikatel\u00edch, \u00fa\u0159adech i politick\u00fdch stran\u00e1ch: <a href=\"http:\/\/www.nadrazivcentru.cz\/\">www.nadrazivcentru.cz<\/a><\/p>\n<p>I v kancel\u00e1\u0159i Blan\u00edk maj\u00ed jasno: <a href=\"https:\/\/www.facebook.com\/NadraziBrno\/videos\/vb.572768559406899\/1275549905795424\/?type=2&amp;theater\">Blan\u00edk vol\u00e1 do Brna.<\/a> A pokra\u010dov\u00e1n\u00ed: <a href=\"https:\/\/www.facebook.com\/NadraziBrno\/videos\/vb.572768559406899\/1308418589175222\/?type=2&amp;theater\">Blan\u00edk se nevzd\u00e1v\u00e1.<\/a><\/p>\n","protected":false},"excerpt":{"rendered":"<p>Term\u00edn krajsk\u00fdch voleb a referenda o poloze hlavn\u00edho n\u00e1dra\u017e\u00ed se bl\u00ed\u017e\u00ed. R\u00e1di bychom V\u00e1s upozornili na n\u011bkolik web\u016f \u010di facebookov\u00fdch profilov\u00fdch profil\u016f, kter\u00e9 V\u00e1m mohou osv\u011btlit mnoh\u00e1 tvrzen\u00ed s um\u00edst\u011bn\u00edm n\u00e1dra\u017e\u00ed spojen\u00e1, odpov\u011bd\u011bt na ot\u00e1zky, kter\u00e9 se sami nab\u00edz\u00ed, nebo &hellip; <a href=\"http:\/\/zelenykomin.cz\/?p=861\">Cel\u00fd p\u0159\u00edsp\u011bvek <span class=\"meta-nav\">&rarr;<\/span><\/a><\/p>\n","protected":false},"author":6,"featured_media":0,"comment_status":"open","ping_status":"open","sticky":false,"template":"","format":"standard","meta":{"footnotes":""},"categories":[15],"tags":[],"_links":{"self":[{"href":"http:\/\/zelenykomin.cz\/index.php?rest_route=\/wp\/v2\/posts\/861"}],"collection":[{"href":"http:\/\/zelenykomin.cz\/index.php?rest_route=\/wp\/v2\/posts"}],"about":[{"href":"http:\/\/zelenykomin.cz\/index.php?rest_route=\/wp\/v2\/types\/post"}],"author":[{"embeddable":true,"href":"http:\/\/zelenykomin.cz\/index.php?rest_route=\/wp\/v2\/users\/6"}],"replies":[{"embeddable":true,"href":"http:\/\/zelenykomin.cz\/index.php?rest_route=%2Fwp%2Fv2%2Fcomments&post=861"}],"version-history":[{"count":14,"href":"http:\/\/zelenykomin.cz\/index.php?rest_route=\/wp\/v2\/posts\/861\/revisions"}],"predecessor-version":[{"id":874,"href":"http:\/\/zelenykomin.cz\/index.php?rest_route=\/wp\/v2\/posts\/861\/revisions\/874"}],"wp:attachment":[{"href":"http:\/\/zelenykomin.cz\/index.php?rest_route=%2Fwp%2Fv2%2Fmedia&parent=861"}],"wp:term":[{"taxonomy":"category","embeddable":true,"href":"http:\/\/zelenykomin.cz\/index.php?rest_route=%2Fwp%2Fv2%2Fcategories&post=861"},{"taxonomy":"post_tag","embeddable":true,"href":"http:\/\/zelenykomin.cz\/index.php?rest_route=%2Fwp%2Fv2%2Ftags&post=861"}],"curies":[{"name":"wp","href":"https:\/\/api.w.org\/{rel}","templated":true}]}}