{"id":858,"date":"2016-03-16T22:30:17","date_gmt":"2016-03-16T21:30:17","guid":{"rendered":"http:\/\/zelenykomin.cz\/?p=858"},"modified":"2016-03-16T22:31:40","modified_gmt":"2016-03-16T21:31:40","slug":"carodejnicky-rej","status":"publish","type":"post","link":"http:\/\/zelenykomin.cz\/?p=858","title":{"rendered":"\u010cAROD\u011aJNICK\u00dd REJ"},"content":{"rendered":"<p>Srde\u010dn\u011b zveme na<br \/>\n<strong>kter\u00fd se bude konat v sobotu 30. dubna 2016<\/strong><br \/>\nve sportovn\u00edm are\u00e1lu HROCH.<br \/>\nZa\u010d\u00e1tek v 16 hodin.<br \/>\nZap\u00e1len\u00ed \u010darod\u011bjn\u00e9ho ohn\u011b v 17.33 hodin.<br \/>\nRej v mask\u00e1ch nejen pro d\u011bti.<br \/>\n\u0160pek\u00e1\u010dky s sebou.<\/p>\n<p><a href=\"http:\/\/zelenykomin.cz\/wp-content\/uploads\/2016\/03\/carodejka2.jpg\"><img loading=\"lazy\" decoding=\"async\" class=\"alignleft  wp-image-853\" src=\"http:\/\/zelenykomin.cz\/wp-content\/uploads\/2016\/03\/carodejka2.jpg\" alt=\"carodejka2\" width=\"355\" height=\"266\" srcset=\"http:\/\/zelenykomin.cz\/wp-content\/uploads\/2016\/03\/carodejka2.jpg 2500w, http:\/\/zelenykomin.cz\/wp-content\/uploads\/2016\/03\/carodejka2-300x225.jpg 300w, http:\/\/zelenykomin.cz\/wp-content\/uploads\/2016\/03\/carodejka2-1024x768.jpg 1024w\" sizes=\"(max-width: 355px) 100vw, 355px\" \/><\/a><\/p>\n","protected":false},"excerpt":{"rendered":"<p>Srde\u010dn\u011b zveme na kter\u00fd se bude konat v sobotu 30. dubna 2016 ve sportovn\u00edm are\u00e1lu HROCH. Za\u010d\u00e1tek v 16 hodin. Zap\u00e1len\u00ed \u010darod\u011bjn\u00e9ho ohn\u011b v 17.33 hodin. Rej v mask\u00e1ch nejen pro d\u011bti. \u0160pek\u00e1\u010dky s sebou.<\/p>\n","protected":false},"author":6,"featured_media":0,"comment_status":"open","ping_status":"open","sticky":false,"template":"","format":"standard","meta":{"footnotes":""},"categories":[5,8],"tags":[],"_links":{"self":[{"href":"http:\/\/zelenykomin.cz\/index.php?rest_route=\/wp\/v2\/posts\/858"}],"collection":[{"href":"http:\/\/zelenykomin.cz\/index.php?rest_route=\/wp\/v2\/posts"}],"about":[{"href":"http:\/\/zelenykomin.cz\/index.php?rest_route=\/wp\/v2\/types\/post"}],"author":[{"embeddable":true,"href":"http:\/\/zelenykomin.cz\/index.php?rest_route=\/wp\/v2\/users\/6"}],"replies":[{"embeddable":true,"href":"http:\/\/zelenykomin.cz\/index.php?rest_route=%2Fwp%2Fv2%2Fcomments&post=858"}],"version-history":[{"count":1,"href":"http:\/\/zelenykomin.cz\/index.php?rest_route=\/wp\/v2\/posts\/858\/revisions"}],"predecessor-version":[{"id":859,"href":"http:\/\/zelenykomin.cz\/index.php?rest_route=\/wp\/v2\/posts\/858\/revisions\/859"}],"wp:attachment":[{"href":"http:\/\/zelenykomin.cz\/index.php?rest_route=%2Fwp%2Fv2%2Fmedia&parent=858"}],"wp:term":[{"taxonomy":"category","embeddable":true,"href":"http:\/\/zelenykomin.cz\/index.php?rest_route=%2Fwp%2Fv2%2Fcategories&post=858"},{"taxonomy":"post_tag","embeddable":true,"href":"http:\/\/zelenykomin.cz\/index.php?rest_route=%2Fwp%2Fv2%2Ftags&post=858"}],"curies":[{"name":"wp","href":"https:\/\/api.w.org\/{rel}","templated":true}]}}