{"id":849,"date":"2016-03-16T22:07:50","date_gmt":"2016-03-16T21:07:50","guid":{"rendered":"http:\/\/zelenykomin.cz\/?p=849"},"modified":"2016-03-16T22:07:50","modified_gmt":"2016-03-16T21:07:50","slug":"849","status":"publish","type":"post","link":"http:\/\/zelenykomin.cz\/?p=849","title":{"rendered":""},"content":{"rendered":"<p><a href=\"http:\/\/zelenykomin.cz\/wp-content\/uploads\/2016\/03\/logo-USUC-2016_WEB_72dpi_black_transparent.png\"><img loading=\"lazy\" decoding=\"async\" class=\"alignleft size-full wp-image-850\" src=\"http:\/\/zelenykomin.cz\/wp-content\/uploads\/2016\/03\/logo-USUC-2016_WEB_72dpi_black_transparent.png\" alt=\"logo-USUC-2016_WEB_72dpi_black_transparent\" width=\"500\" height=\"81\" srcset=\"http:\/\/zelenykomin.cz\/wp-content\/uploads\/2016\/03\/logo-USUC-2016_WEB_72dpi_black_transparent.png 500w, http:\/\/zelenykomin.cz\/wp-content\/uploads\/2016\/03\/logo-USUC-2016_WEB_72dpi_black_transparent-300x48.png 300w\" sizes=\"(max-width: 500px) 100vw, 500px\" \/><\/a><\/p>\n<p>&nbsp;<\/p>\n<p>&nbsp;<\/p>\n<p>P\u0159ijd\u0165e se p\u0159ipojit k akci Ukli\u010fme \u010cesko, kterou v Kom\u00edn\u011b po\u0159\u00e1d\u00e1 M\u010c Brno-Kom\u00edn.<\/p>\n<p><strong>16. 4. 2016<\/strong><\/p>\n<p><strong>Sraz \u00fa\u010dastn\u00edk\u016f \u00faklidu v 8.30 u to\u010dny trolejbusu \u010d. 36 pro ty, kte\u0159\u00ed budou ukl\u00edzet sever Kom\u00edna, u sokolovny pro ty, kte\u0159\u00ed budou ukl\u00edzet b\u0159eh \u0159eky.<\/strong><\/p>\n<p>Po zku\u0161enosti z minul\u00e9ho roku se \u00faklid op\u011bt zam\u011b\u0159\u00ed na severn\u00ed \u010d\u00e1st Kom\u00edna sm\u011brem k ps\u00edmu \u00fatulku a leti\u0161ti. Ukl\u00edzen\u00fd \u00fasek ale pl\u00e1nujeme roz\u0161\u00ed\u0159it tak\u00e9 o b\u0159eh \u0159eky Svratky od l\u00e1vky u sokolovny sm\u011brem do Bystrce.<br \/>\nKdo n\u00e1m bude cht\u00edt pomoci, a\u0165 se p\u0159edem p\u0159ihl\u00e1s\u00ed u asistentky \u00fa\u0159adu M\u010c Kate\u0159iny Bukovjanov\u00e9, tel.: 541 428 162 nebo e-mail: bukovjanova@komin.brno.cz \u2013 pot\u0159ebujeme v\u011bd\u011bt, kolik zajistit pytl\u016f a rukavic.<br \/>\nPodobn\u011b jako minul\u00fd rok zakon\u010d\u00edme \u00faklid mezi 13. a 14. hodinou p\u0159ed budovou Z\u0160 Pastviny op\u00e9k\u00e1n\u00edm \u0161pek\u00e1\u010dk\u016f.<\/p>\n<p><a href=\"http:\/\/zelenykomin.cz\/wp-content\/uploads\/2016\/03\/xichtiky_WEB_72dpi.png\"><img loading=\"lazy\" decoding=\"async\" class=\"alignleft size-full wp-image-851\" src=\"http:\/\/zelenykomin.cz\/wp-content\/uploads\/2016\/03\/xichtiky_WEB_72dpi.png\" alt=\"xichtiky_WEB_72dpi\" width=\"500\" height=\"288\" srcset=\"http:\/\/zelenykomin.cz\/wp-content\/uploads\/2016\/03\/xichtiky_WEB_72dpi.png 500w, http:\/\/zelenykomin.cz\/wp-content\/uploads\/2016\/03\/xichtiky_WEB_72dpi-300x172.png 300w\" sizes=\"(max-width: 500px) 100vw, 500px\" \/><\/a><\/p>\n","protected":false},"excerpt":{"rendered":"<p>&nbsp; &nbsp; P\u0159ijd\u0165e se p\u0159ipojit k akci Ukli\u010fme \u010cesko, kterou v Kom\u00edn\u011b po\u0159\u00e1d\u00e1 M\u010c Brno-Kom\u00edn. 16. 4. 2016 Sraz \u00fa\u010dastn\u00edk\u016f \u00faklidu v 8.30 u to\u010dny trolejbusu \u010d. 36 pro ty, kte\u0159\u00ed budou ukl\u00edzet sever Kom\u00edna, u sokolovny pro ty, kte\u0159\u00ed &hellip; <a href=\"http:\/\/zelenykomin.cz\/?p=849\">Cel\u00fd p\u0159\u00edsp\u011bvek <span class=\"meta-nav\">&rarr;<\/span><\/a><\/p>\n","protected":false},"author":6,"featured_media":0,"comment_status":"open","ping_status":"open","sticky":false,"template":"","format":"standard","meta":{"footnotes":""},"categories":[5,8,10],"tags":[],"_links":{"self":[{"href":"http:\/\/zelenykomin.cz\/index.php?rest_route=\/wp\/v2\/posts\/849"}],"collection":[{"href":"http:\/\/zelenykomin.cz\/index.php?rest_route=\/wp\/v2\/posts"}],"about":[{"href":"http:\/\/zelenykomin.cz\/index.php?rest_route=\/wp\/v2\/types\/post"}],"author":[{"embeddable":true,"href":"http:\/\/zelenykomin.cz\/index.php?rest_route=\/wp\/v2\/users\/6"}],"replies":[{"embeddable":true,"href":"http:\/\/zelenykomin.cz\/index.php?rest_route=%2Fwp%2Fv2%2Fcomments&post=849"}],"version-history":[{"count":1,"href":"http:\/\/zelenykomin.cz\/index.php?rest_route=\/wp\/v2\/posts\/849\/revisions"}],"predecessor-version":[{"id":852,"href":"http:\/\/zelenykomin.cz\/index.php?rest_route=\/wp\/v2\/posts\/849\/revisions\/852"}],"wp:attachment":[{"href":"http:\/\/zelenykomin.cz\/index.php?rest_route=%2Fwp%2Fv2%2Fmedia&parent=849"}],"wp:term":[{"taxonomy":"category","embeddable":true,"href":"http:\/\/zelenykomin.cz\/index.php?rest_route=%2Fwp%2Fv2%2Fcategories&post=849"},{"taxonomy":"post_tag","embeddable":true,"href":"http:\/\/zelenykomin.cz\/index.php?rest_route=%2Fwp%2Fv2%2Ftags&post=849"}],"curies":[{"name":"wp","href":"https:\/\/api.w.org\/{rel}","templated":true}]}}