{"id":78,"date":"2013-12-04T14:33:12","date_gmt":"2013-12-04T13:33:12","guid":{"rendered":"http:\/\/zelenykomin.cz\/?p=78"},"modified":"2014-11-26T10:34:58","modified_gmt":"2014-11-26T09:34:58","slug":"vysledek-peticniho-snazeni","status":"publish","type":"post","link":"http:\/\/zelenykomin.cz\/?p=78","title":{"rendered":"V\u00fdsledek peti\u010dn\u00edho sna\u017een\u00ed"},"content":{"rendered":"<p lang=\"--multilingual\">V\u00e1\u017een\u00ed ob\u010dan\u00e9,<\/p>\n<p lang=\"--multilingual\">d\u00edky va\u0161im podpis\u016fm pod peticemi s\u00a0p\u0159ipom\u00ednkami ke Konceptu \u00dazemn\u00edho pl\u00e1nu m\u011bsta Brna, byli zmocn\u011bni t\u0159i z\u00e1stupce ve\u0159ejnosti k\u00a0zastupov\u00e1n\u00ed va\u0161ich z\u00e1jm\u016f. P\u0159ipom\u00edn\u00e1me, \u017ee ke ka\u017ed\u00e9 p\u0159ipom\u00ednce bylo nutn\u00e9 z\u00edskat 200 podpis\u016f.<\/p>\n<p lang=\"--multilingual\"><!--more--><\/p>\n<p lang=\"--multilingual\">Petice byly odevzd\u00e1ny do 9.3.2011 na podatelnu Magistr\u00e1tu m\u011bsta Brna. Celkem se se\u0161el k\u00a0jednotliv\u00fdm p\u0159ipom\u00ednk\u00e1m n\u00e1sleduj\u00edc\u00ed po\u010det podpis\u016f:<\/p>\n<p lang=\"--multilingual\">P\u0159ipom\u00ednka 1.<\/p>\n<p lang=\"--multilingual\">Nesouhlas s\u00a0plochou pro stavbu n\u00e1kupn\u00edho a z\u00e1bavn\u00edho centra ve vazb\u011b na OBI, kter\u00e1 je navr\u017eena ve variant\u011b I, II a III konceptu \u00daP na severoz\u00e1padn\u00edm okraji M\u010c Kom\u00edn.<\/p>\n<p lang=\"--multilingual\">Ve\u0159ejn\u00fd z\u00e1stupce Ing. arch. Ivana Gole\u0161ov\u00e1 \u2013 238 podpis\u016f.<\/p>\n<p lang=\"--multilingual\">P\u0159ipom\u00ednka 2.<\/p>\n<p lang=\"--multilingual\">Nesouhlas se silni\u010dn\u00edm \u00a0propojen\u00edm M\u010c Medl\u00e1nky a M\u010c Bystrc trasovan\u00fdm severn\u00edm a severoz\u00e1padn\u00edm okrajem M\u010c Kom\u00edn (Varianta I a III konceptu \u00daP).<\/p>\n<p lang=\"--multilingual\">Ve\u0159ejn\u00fd z\u00e1stupce pan Rudolf Holz &#8211;\u00a0 394 podpisu p\u0159ilo\u017een\u00fdch k\u00a0n\u00e1mitce, kone\u010dn\u00fd sou\u010det 456 podpis\u016f.<\/p>\n<p lang=\"--multilingual\">P\u0159ipom\u00ednka 3.<\/p>\n<p lang=\"--multilingual\">Nesouhlas se z\u00e1stavbou za st\u00e1vaj\u00edc\u00edmi bytov\u00fdmi domy\u00a0 pod\u00e9l ulice \u0158ez\u00e1\u010dova (variata II). Ve\u0159ejn\u00fd z\u00e1stupce Ing. arch Ev\u017een To\u010d\u00edk \u2013 427\u00a0 podpis\u016f.<\/p>\n<p lang=\"--multilingual\">Milada Blatn\u00e1 a Ev\u017een To\u010d\u00edk ( zastupitel\u00e9 sdru\u017een\u00ed\u00a0 Zelen\u00e1 pro Kom\u00edn)<\/p>\n<p lang=\"--multilingual\">Odkaz na webov\u00e9 str\u00e1nky Konceptu \u00daP m\u011bsta Brna <a title=\"http:\/\/gis.brno.cz\/tms\/konceptup_a\/#c=-601734%2C-1158634&amp;z=6&amp;l=vektory_upk,upk_02_2_r&amp;p=&amp;\" href=\"http:\/\/gis.brno.cz\/tms\/konceptup_a\/#c=-601734%252C-1158634&amp;z=6&amp;l=vektory_upk,upk_02_2_r&amp;p=&amp;\">ZDE<\/a>.<\/p>\n<p lang=\"--multilingual\">Dal\u0161\u00ed informace ke konceptu \u00daP m\u011bsta Brna:<\/p>\n<p lang=\"--multilingual\">U p r a v\u00a0e n \u00fd\u00a0\u00a0 h a r m o n o g r a m ve\u0159ejn\u00e9ho projedn\u00e1n\u00ed konceptu nov\u00e9ho \u00dazemn\u00edho pl\u00e1nu m\u011bsta Brna\u00a0 schv\u00e1len\u00fd usnesen\u00edm R6\/013. sch\u016fze Rady m\u011bsta Brna konan\u00e9 dne 2.3.2011<\/p>\n<p lang=\"--multilingual\">&#8212;&#8212;&#8212;&#8212;&#8212;&#8212;&#8212;&#8212;&#8212;&#8212;&#8212;&#8212;&#8212;&#8212;&#8212;&#8212;&#8211;Rok2011&#8212;&#8212;&#8212;&#8212;&#8212;&#8212;&#8212;&#8212;&#8212;&#8212;&#8212;&#8212;&#8212;&#8212;&#8212;&#8212;&#8211;<\/p>\n<p lang=\"--multilingual\">Leden 2011<\/p>\n<p lang=\"--multilingual\">pokra\u010dov\u00e1n\u00ed informa\u010dn\u00ed kampan\u011b, besed, kulat\u00fdch stol\u016f s<\/p>\n<p lang=\"--multilingual\">v\u00fdkladem; sezn\u00e1men\u00ed org\u00e1n\u016f M\u010c a okoln\u00edch obc\u00ed<\/p>\n<p lang=\"--multilingual\">\u00danor 2011<\/p>\n<p lang=\"--multilingual\">ve\u0159ejn\u00e9 projedn\u00e1n\u00ed dle stavebn\u00edho z\u00e1kona<\/p>\n<p lang=\"--multilingual\">B\u0159ezen 2011<\/p>\n<p lang=\"--multilingual\">P\u0159ed\u00e1n\u00ed stanovisek, p\u0159ipom\u00ednek a n\u00e1mitek m\u011bstsk\u00fdm \u010d\u00e1stem jako podklad pro vyj\u00e1d\u0159en\u00ed M\u010c<\/p>\n<p lang=\"--multilingual\">B\u0159ezen-kv\u011bten 2011<\/p>\n<p lang=\"--multilingual\">Zpracov\u00e1n\u00ed v\u00fdsledk\u016f projedn\u00e1n\u00ed,<\/p>\n<p lang=\"--multilingual\">Zah\u00e1jen\u00ed dohodovac\u00edch jedn\u00e1n\u00ed s dot\u010den\u00fdmi org\u00e1ny<\/p>\n<p lang=\"--multilingual\">\u010cerven 2011<\/p>\n<p lang=\"--multilingual\">Vyj\u00e1d\u0159en\u00ed m\u011bstsk\u00fdch \u010d\u00e1st\u00ed<\/p>\n<p lang=\"--multilingual\">\u010cervenec-srpen 2011<\/p>\n<p lang=\"--multilingual\">Vyhodnocen\u00ed vyj\u00e1d\u0159en\u00ed m\u011bstsk\u00fdch \u010d\u00e1st\u00ed<\/p>\n<p lang=\"--multilingual\">Z\u00e1\u0159\u00ed-prosinec 2011<\/p>\n<p lang=\"--multilingual\">Vypracov\u00e1n\u00ed n\u00e1vrhu pokyn\u016f pro zpracov\u00e1n\u00ed n\u00e1vrhu \u00daPmB &#8211; v\u00fdb\u011br v\u00fdsledn\u00e9 varianty<\/p>\n<p lang=\"--multilingual\">&#8212;&#8212;&#8212;&#8212;&#8212;&#8212;&#8212;&#8212;&#8212;&#8212;&#8212;&#8212;&#8212;&#8212;&#8212;&#8212;&#8212;Rok2012&#8212;&#8212;&#8212;&#8212;&#8212;&#8212;&#8212;&#8212;&#8212;&#8212;&#8212;&#8212;&#8212;&#8212;&#8212;&#8212;-<\/p>\n<p lang=\"--multilingual\">Za p\u0159edpokladu vyd\u00e1n\u00ed Z\u00e1sad \u00fazemn\u00edho rozvoje Jihomoravsk\u00e9ho kraje v\u00a0roce 2011:<\/p>\n<p lang=\"--multilingual\">Leden-b\u0159ezen 2012<\/p>\n<p lang=\"--multilingual\">Projedn\u00e1n\u00ed n\u00e1vrhu pokyn\u016f pro zpracov\u00e1n\u00ed n\u00e1vrhu \u00daPmB v samospr\u00e1vn\u00fdch org\u00e1nech m\u011bsta<\/p>\n<p lang=\"--multilingual\">Aktu\u00e1ln\u011b:<\/p>\n<p>Jedn\u00e1n\u00ed\u00a0 Zastupitelstva m\u011bstsk\u00e9 \u010d\u00e1sti Brno-Kom\u00edn prob\u011bhne ve st\u0159edu 27.4.2011 na\u00a0 \u00da\u0159adu m\u011bstsk\u00e9 \u010d\u00e1sti. Za\u010d\u00e1tek je stanoven na 17.00. P\u0159edpokl\u00e1d\u00e1me, \u017ee sou\u010d\u00e1st\u00ed programu bude projedn\u00e1v\u00e1n\u00ed p\u0159ipom\u00ednek ke Konceptu \u00daP m\u011bsta Brna za m\u011bstskou \u010d\u00e1st. Program zat\u00edm k\u00a0dispozici nen\u00ed.<\/p>\n","protected":false},"excerpt":{"rendered":"<p>V\u00e1\u017een\u00ed ob\u010dan\u00e9, d\u00edky va\u0161im podpis\u016fm pod peticemi s\u00a0p\u0159ipom\u00ednkami ke Konceptu \u00dazemn\u00edho pl\u00e1nu m\u011bsta Brna, byli zmocn\u011bni t\u0159i z\u00e1stupce ve\u0159ejnosti k\u00a0zastupov\u00e1n\u00ed va\u0161ich z\u00e1jm\u016f. P\u0159ipom\u00edn\u00e1me, \u017ee ke ka\u017ed\u00e9 p\u0159ipom\u00ednce bylo nutn\u00e9 z\u00edskat 200 podpis\u016f.<\/p>\n","protected":false},"author":1,"featured_media":80,"comment_status":"open","ping_status":"open","sticky":false,"template":"","format":"standard","meta":{"footnotes":""},"categories":[8,10],"tags":[],"_links":{"self":[{"href":"http:\/\/zelenykomin.cz\/index.php?rest_route=\/wp\/v2\/posts\/78"}],"collection":[{"href":"http:\/\/zelenykomin.cz\/index.php?rest_route=\/wp\/v2\/posts"}],"about":[{"href":"http:\/\/zelenykomin.cz\/index.php?rest_route=\/wp\/v2\/types\/post"}],"author":[{"embeddable":true,"href":"http:\/\/zelenykomin.cz\/index.php?rest_route=\/wp\/v2\/users\/1"}],"replies":[{"embeddable":true,"href":"http:\/\/zelenykomin.cz\/index.php?rest_route=%2Fwp%2Fv2%2Fcomments&post=78"}],"version-history":[{"count":2,"href":"http:\/\/zelenykomin.cz\/index.php?rest_route=\/wp\/v2\/posts\/78\/revisions"}],"predecessor-version":[{"id":105,"href":"http:\/\/zelenykomin.cz\/index.php?rest_route=\/wp\/v2\/posts\/78\/revisions\/105"}],"wp:featuredmedia":[{"embeddable":true,"href":"http:\/\/zelenykomin.cz\/index.php?rest_route=\/wp\/v2\/media\/80"}],"wp:attachment":[{"href":"http:\/\/zelenykomin.cz\/index.php?rest_route=%2Fwp%2Fv2%2Fmedia&parent=78"}],"wp:term":[{"taxonomy":"category","embeddable":true,"href":"http:\/\/zelenykomin.cz\/index.php?rest_route=%2Fwp%2Fv2%2Fcategories&post=78"},{"taxonomy":"post_tag","embeddable":true,"href":"http:\/\/zelenykomin.cz\/index.php?rest_route=%2Fwp%2Fv2%2Ftags&post=78"}],"curies":[{"name":"wp","href":"https:\/\/api.w.org\/{rel}","templated":true}]}}