{"id":776,"date":"2015-04-17T18:42:48","date_gmt":"2015-04-17T16:42:48","guid":{"rendered":"http:\/\/zelenykomin.cz\/?p=776"},"modified":"2015-05-05T20:54:00","modified_gmt":"2015-05-05T18:54:00","slug":"tah-okolo-komina","status":"publish","type":"post","link":"http:\/\/zelenykomin.cz\/?p=776","title":{"rendered":"Tah okolo Kom\u00edna"},"content":{"rendered":"<p>V\u0161echny srde\u010dn\u011b zveme na dv\u011b soub\u011b\u017en\u011b prob\u00edhaj\u00edc\u00ed akce na Kom\u00ednsk\u00e9 a Medl\u00e1neck\u00e9 pl\u00e1ni (Netop\u00fdrky, leti\u0161t\u011b&#8230;).<br \/>\nOb\u011b akce se konaj\u00ed <strong>v ned\u011bli 24.5.2015 od 14.30 hod<\/strong>.<br \/>\nChceme V\u00e1s pozvat do kr\u00e1sn\u00e9ho koutu p\u0159\u00edm\u011bstsk\u00e9 krajiny s c\u00edlem podpo\u0159it jeho zachov\u00e1n\u00ed jako krajiny bez v\u00fdstavby, krajiny voln\u011b pr\u016fchoz\u00ed, krajiny se sysly a lhot\u00e1kovsk\u00fdmi scen\u00e9riemi&#8230;<br \/>\nTAH OKOLO KOM\u00cdNA po\u0159\u00e1d\u00e1me my, akci VYD\u00ddCHEJ SE VOKOLO LETI\u0160T\u011a pak Zelen\u00e9 Medl\u00e1nky (<a href=\"http:\/\/www.zelenemedlanky.cz\">www.zelenemedlanky.cz<\/a>, podrobnosti najdete na p\u0159ilo\u017een\u00fdch let\u00e1c\u00edch.<\/p>\n<p><a href=\"http:\/\/zelenykomin.cz\/wp-content\/uploads\/2015\/04\/Tah_okolo_Komina_Inzerat.jpg\"><img loading=\"lazy\" decoding=\"async\" class=\"wp-image-779 size-full alignleft\" src=\"http:\/\/zelenykomin.cz\/wp-content\/uploads\/2015\/04\/Tah_okolo_Komina_Inzerat.jpg\" alt=\"Tah_okolo_Komina_Inzerat\" width=\"945\" height=\"446\" srcset=\"http:\/\/zelenykomin.cz\/wp-content\/uploads\/2015\/04\/Tah_okolo_Komina_Inzerat.jpg 945w, http:\/\/zelenykomin.cz\/wp-content\/uploads\/2015\/04\/Tah_okolo_Komina_Inzerat-300x141.jpg 300w\" sizes=\"(max-width: 945px) 100vw, 945px\" \/><\/a><!--more--><a href=\"http:\/\/zelenykomin.cz\/wp-content\/uploads\/2015\/04\/vokolo_letiste.jpg\"><img loading=\"lazy\" decoding=\"async\" class=\"alignright wp-image-808 size-full\" src=\"http:\/\/zelenykomin.cz\/wp-content\/uploads\/2015\/04\/vokolo_letiste.jpg\" alt=\"vokolo_letiste\" width=\"867\" height=\"673\" srcset=\"http:\/\/zelenykomin.cz\/wp-content\/uploads\/2015\/04\/vokolo_letiste.jpg 867w, http:\/\/zelenykomin.cz\/wp-content\/uploads\/2015\/04\/vokolo_letiste-300x232.jpg 300w\" sizes=\"(max-width: 867px) 100vw, 867px\" \/><\/a><\/p>\n","protected":false},"excerpt":{"rendered":"<p>V\u0161echny srde\u010dn\u011b zveme na dv\u011b soub\u011b\u017en\u011b prob\u00edhaj\u00edc\u00ed akce na Kom\u00ednsk\u00e9 a Medl\u00e1neck\u00e9 pl\u00e1ni (Netop\u00fdrky, leti\u0161t\u011b&#8230;). Ob\u011b akce se konaj\u00ed v ned\u011bli 24.5.2015 od 14.30 hod. Chceme V\u00e1s pozvat do kr\u00e1sn\u00e9ho koutu p\u0159\u00edm\u011bstsk\u00e9 krajiny s c\u00edlem podpo\u0159it jeho zachov\u00e1n\u00ed jako krajiny &hellip; <a href=\"http:\/\/zelenykomin.cz\/?p=776\">Cel\u00fd p\u0159\u00edsp\u011bvek <span class=\"meta-nav\">&rarr;<\/span><\/a><\/p>\n","protected":false},"author":6,"featured_media":0,"comment_status":"open","ping_status":"open","sticky":false,"template":"","format":"standard","meta":{"footnotes":""},"categories":[5,8],"tags":[],"_links":{"self":[{"href":"http:\/\/zelenykomin.cz\/index.php?rest_route=\/wp\/v2\/posts\/776"}],"collection":[{"href":"http:\/\/zelenykomin.cz\/index.php?rest_route=\/wp\/v2\/posts"}],"about":[{"href":"http:\/\/zelenykomin.cz\/index.php?rest_route=\/wp\/v2\/types\/post"}],"author":[{"embeddable":true,"href":"http:\/\/zelenykomin.cz\/index.php?rest_route=\/wp\/v2\/users\/6"}],"replies":[{"embeddable":true,"href":"http:\/\/zelenykomin.cz\/index.php?rest_route=%2Fwp%2Fv2%2Fcomments&post=776"}],"version-history":[{"count":23,"href":"http:\/\/zelenykomin.cz\/index.php?rest_route=\/wp\/v2\/posts\/776\/revisions"}],"predecessor-version":[{"id":811,"href":"http:\/\/zelenykomin.cz\/index.php?rest_route=\/wp\/v2\/posts\/776\/revisions\/811"}],"wp:attachment":[{"href":"http:\/\/zelenykomin.cz\/index.php?rest_route=%2Fwp%2Fv2%2Fmedia&parent=776"}],"wp:term":[{"taxonomy":"category","embeddable":true,"href":"http:\/\/zelenykomin.cz\/index.php?rest_route=%2Fwp%2Fv2%2Fcategories&post=776"},{"taxonomy":"post_tag","embeddable":true,"href":"http:\/\/zelenykomin.cz\/index.php?rest_route=%2Fwp%2Fv2%2Ftags&post=776"}],"curies":[{"name":"wp","href":"https:\/\/api.w.org\/{rel}","templated":true}]}}