{"id":764,"date":"2015-04-16T21:47:29","date_gmt":"2015-04-16T19:47:29","guid":{"rendered":"http:\/\/zelenykomin.cz\/?p=764"},"modified":"2015-04-16T21:50:36","modified_gmt":"2015-04-16T19:50:36","slug":"pesky","status":"publish","type":"post","link":"http:\/\/zelenykomin.cz\/?p=764","title":{"rendered":"P\u011b\u0161ky"},"content":{"rendered":"<p style=\"text-align: left;\"><a href=\"http:\/\/zelenykomin.cz\/wp-content\/uploads\/2015\/04\/20140615_105229.jpg\"><img loading=\"lazy\" decoding=\"async\" class=\"alignright size-medium wp-image-771\" src=\"http:\/\/zelenykomin.cz\/wp-content\/uploads\/2015\/04\/20140615_105229-225x300.jpg\" alt=\"20140615_105229\" width=\"225\" height=\"300\" srcset=\"http:\/\/zelenykomin.cz\/wp-content\/uploads\/2015\/04\/20140615_105229-225x300.jpg 225w, http:\/\/zelenykomin.cz\/wp-content\/uploads\/2015\/04\/20140615_105229-768x1024.jpg 768w, http:\/\/zelenykomin.cz\/wp-content\/uploads\/2015\/04\/20140615_105229.jpg 1920w\" sizes=\"(max-width: 225px) 100vw, 225px\" \/><\/a>Mo\u017en\u00e1 to zn\u00e1te. \u201eTo m\u00e1me kousek, tam se pod\u00edv\u00e1me kdykoliv, rad\u011bji pojedeme n\u011bkam d\u00e1le, na po\u0159\u00e1dn\u00fd v\u00fdlet, nebo n\u011bkam na kole.\u201c Ub\u011bhnou roky a je\u0161t\u011b jste tam st\u00e1le nebyli. V\u0161ak n\u011bkdy. P\u0159\u00ed\u0161t\u011b. A\u017e nebudeme m\u00edt kam. A tak ani nev\u00edme, co jedine\u010dn\u00e9ho lze naj\u00edt za vlastn\u00edmi humny a jak snadn\u00e9 a osvobozuj\u00edc\u00ed je vyj\u00edt rovnou, nebo t\u00e9m\u011b\u0159 rovnou, z domu do voln\u00e9 krajiny.<br \/>\nP\u0159ed p\u011btadvaceti lety jsem se z mal\u00e9ho m\u011bsta ve v\u00fdchodn\u00edch \u010cech\u00e1ch p\u0159est\u011bhoval do Brna. A spolu s t\u00edm si nechal do hlavy nasadit p\u0159edstavu, \u017ee k tomu, aby \u010dlov\u011bk mohl n\u011bkam j\u00edt a n\u011bco zaj\u00edmav\u00e9ho uvid\u011bt, mus\u00ed nejd\u0159\u00edve n\u011bkam popojet. Autem, MHD nebo alespo\u0148 na kole. V\u017edy\u0165 p\u011b\u0161ky se z m\u011bsta p\u0159eci ned\u00e1 v podstat\u011b nikam doj\u00edt. Nikam, kde by bylo co objevovat. <!--more-->Pak jsme se p\u0159est\u011bhovali do Kom\u00edna. Kdy\u017e ud\u011bl\u00e1me ze s\u00eddli\u0161t\u011b p\u00e1r krok\u016f, jsme u Netop\u00fdrek, kvetou tam koniklec velkokv\u011bt\u00fd, jetel horsk\u00fd, rozrazil klasnat\u00fd\u2026 Z nor p\u00edskaj\u00ed sysli, potk\u00e1te kudlanku, oba na\u0161e otak\u00e1rky\u2026<br \/>\nJsme generace sed\u00edc\u00ed, sedav\u00e9. A plat\u00edme za to da\u0148 bolestmi zad, nadv\u00e1hou, nervozitou a kdov\u00ed \u010d\u00edm je\u0161t\u011b. \u0158e\u0161\u00edme to rehabilitacemi, l\u00e9ky, b\u011bh\u00e1n\u00edm, chozen\u00edm do posilovny, na squash\u2026 I kdy\u017e n\u00e1s l\u00e9ka\u0159i op\u011btovn\u011b upozor\u0148uj\u00ed, \u017ee cenn\u011bj\u0161\u00ed je ka\u017edodenn\u00ed ch\u016fze a \u017ee bychom m\u011bli ide\u00e1ln\u011b uj\u00edt ka\u017ed\u00fd den v\u00edc ne\u017e p\u011bt kilometr\u016f.<br \/>\nP\u0159itom pravideln\u011b chodit je relativn\u011b snadn\u00e9 a v m\u00edstech jako je Kom\u00edn nav\u00edc velmi p\u0159\u00edjemn\u00e9. A nemus\u00ed to b\u00fdt jen cesta za humna. Pro n\u00e1s bydl\u00edc\u00ed na kopci sta\u010d\u00ed m\u00edsto \u010dek\u00e1n\u00ed na trolejbus vyrazit dol\u016f z kopce p\u011b\u0161ky, kdy\u017e ne rovnou a\u017e do centra, tak alespo\u0148 dol\u016f na Svrateckou. D\u00edvat se, kde co rozkv\u00e9t\u00e1, poslouchat zp\u00edvaj\u00edc\u00ed drozdy, s\u00fdkory, \u010dervenky, nal\u00e9zat v korun\u00e1ch jejich hn\u00edzda. Vn\u00edmat, jak v ka\u017ed\u00e9m sv\u011btle, v ka\u017ed\u00e9m ro\u010dn\u00edm obdob\u00ed vypad\u00e1 jinak kopec Holedn\u00e9 \u010di kom\u00ednsk\u00e9 panorama s kostelem. A spolu s t\u00edm nach\u00e1zet \u010das na klidn\u00e9 rozva\u017eov\u00e1n\u00ed\u2026 \u010ci naopak alespo\u0148 chv\u00edli nep\u0159em\u00fd\u0161let a jen se h\u00fdbat, vn\u00edmat, odpo\u010d\u00edvat, b\u00fdt.<\/p>\n<p><em>Petr \u010cerm\u00e1k<\/em><\/p>\n","protected":false},"excerpt":{"rendered":"<p>Mo\u017en\u00e1 to zn\u00e1te. \u201eTo m\u00e1me kousek, tam se pod\u00edv\u00e1me kdykoliv, rad\u011bji pojedeme n\u011bkam d\u00e1le, na po\u0159\u00e1dn\u00fd v\u00fdlet, nebo n\u011bkam na kole.\u201c Ub\u011bhnou roky a je\u0161t\u011b jste tam st\u00e1le nebyli. V\u0161ak n\u011bkdy. P\u0159\u00ed\u0161t\u011b. A\u017e nebudeme m\u00edt kam. A tak ani nev\u00edme, &hellip; <a href=\"http:\/\/zelenykomin.cz\/?p=764\">Cel\u00fd p\u0159\u00edsp\u011bvek <span class=\"meta-nav\">&rarr;<\/span><\/a><\/p>\n","protected":false},"author":6,"featured_media":0,"comment_status":"open","ping_status":"open","sticky":false,"template":"","format":"standard","meta":{"footnotes":""},"categories":[11],"tags":[],"_links":{"self":[{"href":"http:\/\/zelenykomin.cz\/index.php?rest_route=\/wp\/v2\/posts\/764"}],"collection":[{"href":"http:\/\/zelenykomin.cz\/index.php?rest_route=\/wp\/v2\/posts"}],"about":[{"href":"http:\/\/zelenykomin.cz\/index.php?rest_route=\/wp\/v2\/types\/post"}],"author":[{"embeddable":true,"href":"http:\/\/zelenykomin.cz\/index.php?rest_route=\/wp\/v2\/users\/6"}],"replies":[{"embeddable":true,"href":"http:\/\/zelenykomin.cz\/index.php?rest_route=%2Fwp%2Fv2%2Fcomments&post=764"}],"version-history":[{"count":9,"href":"http:\/\/zelenykomin.cz\/index.php?rest_route=\/wp\/v2\/posts\/764\/revisions"}],"predecessor-version":[{"id":775,"href":"http:\/\/zelenykomin.cz\/index.php?rest_route=\/wp\/v2\/posts\/764\/revisions\/775"}],"wp:attachment":[{"href":"http:\/\/zelenykomin.cz\/index.php?rest_route=%2Fwp%2Fv2%2Fmedia&parent=764"}],"wp:term":[{"taxonomy":"category","embeddable":true,"href":"http:\/\/zelenykomin.cz\/index.php?rest_route=%2Fwp%2Fv2%2Fcategories&post=764"},{"taxonomy":"post_tag","embeddable":true,"href":"http:\/\/zelenykomin.cz\/index.php?rest_route=%2Fwp%2Fv2%2Ftags&post=764"}],"curies":[{"name":"wp","href":"https:\/\/api.w.org\/{rel}","templated":true}]}}