{"id":76,"date":"2013-12-04T14:32:04","date_gmt":"2013-12-04T13:32:04","guid":{"rendered":"http:\/\/zelenykomin.cz\/?p=76"},"modified":"2014-11-26T10:35:03","modified_gmt":"2014-11-26T09:35:03","slug":"pripominkovani-konceptu-uzemniho-planu-mesta-brna","status":"publish","type":"post","link":"http:\/\/zelenykomin.cz\/?p=76","title":{"rendered":"P\u0159ipom\u00ednkov\u00e1n\u00ed konceptu \u00dazemn\u00edho pl\u00e1nu m\u011bsta Brna"},"content":{"rendered":"<p lang=\"--multilingual\">V\u00e1\u017een\u00ed soused\u00e9,<\/p>\n<p lang=\"--multilingual\">v\u00a0Kom\u00ednsk\u00e9m zpravodaji jste se do\u010detli o tom, \u017ee prob\u00edh\u00e1 p\u0159ipom\u00ednkov\u00e1n\u00ed Konceptu nov\u00e9ho \u00dazemn\u00ed pl\u00e1nu (\u00daP) m\u011bsta Brna. D\u00e1le, \u017ee se m\u016f\u017eete s\u00a0navr\u017een\u00fdm konceptem sezn\u00e1mit bu\u010fto na webov\u00fdch str\u00e1nk\u00e1ch m\u011bsta Brna nebo osobn\u011b na Odboru \u00fazemn\u00edho pl\u00e1nov\u00e1n\u00ed m\u011bsta Brna.<\/p>\n<p lang=\"--multilingual\"><!--more--><\/p>\n<p lang=\"--multilingual\">Informace\u00a0 k\u00a0nov\u00e9mu \u00daP najdete na webu Statut\u00e1rn\u00edho m\u011bsta Brna, konkr\u00e9tn\u011b\u00a0\u00a0\u00a0\u00a0\u00a0\u00a0\u00a0\u00a0 na adrese <a title=\"http:\/\/www.brno.cz\/pripravovany-uzemni-plan-mesta-brna-upmb\/koncept-textova-a-vykresova-cast\/\" href=\"http:\/\/www.brno.cz\/pripravovany-uzemni-plan-mesta-brna-upmb\/koncept-textova-a-vykresova-cast\/\">http:\/\/www.brno.cz\/pripravovany-uzemni-plan-mesta-brna-upmb\/koncept-textova-a-vykresova-cast\/<\/a><\/p>\n<p lang=\"--multilingual\">Proto\u017ee v\u00edme, \u017ee orientace v\u00a0t\u00e9to dokumentaci nen\u00ed pro laika \u00fapln\u011b jednoduch\u00e1, m\u011bli jsme z\u00e1jem na tom, aby veden\u00ed radnice zorganizovalo pro kom\u00ednskou ve\u0159ejnost besedu k\u00a0tomuto z\u00e1va\u017en\u00e9mu t\u00e9matu. Sna\u017eili jsme se prosadit bod t\u00fdkaj\u00edc\u00ed se \u00daP\u00a0\u00a0\u00a0\u00a0\u00a0 do programu jedn\u00e1n\u00ed Zastupitelstva m\u011bstsk\u00e9 \u010d\u00e1sti Brno \u2013 Kom\u00edn,\u00a0 kter\u00e9 se konalo\u00a0\u00a0\u00a0\u00a0 ve st\u0159edu 16.2.2011, ale bohu\u017eel\u00a0 jsme nepochodili. Mus\u00edme konstatovat, \u017ee sousedn\u00ed m\u011bstsk\u00e9 \u010d\u00e1sti Jundrov, Medl\u00e1nky, Bystrc po\u0159\u00e1daj\u00ed minim\u00e1ln\u011b jednu besedu tomuto t\u00e9matu. Vysv\u011btluj\u00ed, jak se v\u00a0pl\u00e1nu orientovat a upozor\u0148uj\u00ed sv\u00e9 ob\u010dany na zm\u011bny, kter\u00e9 pro jejich bydlen\u00ed a \u017eivot z\u00a0konceptu plynou.<\/p>\n<p lang=\"--multilingual\"><strong>Jak\u00e9 dopady maj\u00ed n\u011bkter\u00e9 n\u00e1vrhy variant pro Kom\u00edn?<\/strong><\/p>\n<ol>\n<li>Jako hrozbu vn\u00edm\u00e1me konkr\u00e9tn\u011b\u00a0 silni\u010dn\u00ed propojen\u00ed M\u010c Medl\u00e1nky s \u00a0M\u010c Bystrc \u201ePropojen\u00ed Bystrc \u2013 Medl\u00e1nky\u201c (trasovan\u00fdm severn\u00edm a severoz\u00e1padn\u00edm okrajem M\u010c Kom\u00edn), kter\u00e9 je navr\u017eeno ve variant\u011b I a III konceptu \u00daP. Realizac\u00ed tohoto z\u00e1m\u011bru by do\u0161lo k\u00a0zavle\u010den\u00ed tranzitn\u00ed dopravy do cenn\u00e9ho p\u0159\u00edrodn\u00edho a rekrea\u010dn\u00edho z\u00e1zem\u00ed m\u011bsta Brna v okol\u00ed Medl\u00e1neck\u00e9ho leti\u0161t\u011b a P\u0159\u00edrodn\u00edho parku Baba a t\u00edm k\u00a0jeho nevratn\u00e9mu po\u0161kozen\u00ed.<\/li>\n<li>Dal\u0161\u00ed hrozbou je\u00a0 plocha pro stavbu n\u00e1kupn\u00edho a z\u00e1bavn\u00edho centra ve vazb\u011b na OBI, kter\u00e1 je navr\u017eena ve variant\u011b I, II a III konceptu \u00daP na severoz\u00e1padn\u00edm okraji M\u010c Kom\u00edn. Tato realizace by znamenala zv\u00fd\u0161en\u00ed intenzity dopravy v m\u011bstsk\u00e9 \u010d\u00e1sti Kom\u00edn, dal\u0161\u00ed zhor\u0161en\u00ed zdrav\u00fdch \u017eivotn\u00edch podm\u00ednek obyvatel Kom\u00edna. Nav\u00edc by vybudov\u00e1n\u00edm hypermarketu na okraji M\u010c Kom\u00edn do\u0161lo k po\u0161kozen\u00ed \u010di z\u00e1niku drobn\u00fdch podnikatel\u016f v\u00a0centru m\u011bstsk\u00e9 \u010d\u00e1sti Kom\u00edn.<\/li>\n<\/ol>\n<p lang=\"--multilingual\">Jak se m\u016f\u017eeme jako ob\u010dan\u00e9 br\u00e1nit proti tomuto vznikaj\u00edc\u00edmu z\u00e1m\u011bru?<\/p>\n<p lang=\"--multilingual\">Ka\u017ed\u00fd ob\u010dan Brna m\u016f\u017ee podat \u201ep\u0159ipom\u00ednku\u201c, kter\u00e1 by m\u011bla b\u00fdt p\u0159i tvorb\u011b \u00daP zohledn\u011bna. V\u00fdrazn\u011b siln\u011bj\u0161\u00edm n\u00e1strojem je \u201en\u00e1mitka\u201c, o kter\u00e9 mus\u00ed p\u0159\u00edslu\u0161n\u00fd org\u00e1n rozhodnout a sv\u00e9 rozhodnut\u00ed od\u016fvodnit. Nav\u00edc je mo\u017en\u00e9 proti takov\u00e9mu rozhodnut\u00ed pou\u017e\u00edt opravn\u00e9 prost\u0159edky. N\u00e1mitky mohou vzn\u00e1\u0161et jednak majitel\u00e9 dot\u010den\u00fdch nemovitost\u00ed a d\u00e1le stavebn\u00ed z\u00e1kon umo\u017e\u0148uje podat v\u011bcn\u011b shodnou p\u0159ipom\u00ednku prost\u0159ednictv\u00edm\u00a0 \u201ez\u00e1stupce ve\u0159ejnosti\u201c. D\u00edky tomu je potom mo\u017en\u00e9 z\u00fa\u010dastnit se aktivn\u011b projedn\u00e1v\u00e1n\u00ed konceptu \u00daP.<\/p>\n<p lang=\"--multilingual\">N\u00e1mitky a p\u0159ipom\u00ednky je mo\u017en\u00e9 odevzdat na Odbor \u00fazemn\u00edho pl\u00e1nov\u00e1n\u00ed a rozvoje, Kounicova 67, 601 67 Brno nebo na podateln\u011b magistr\u00e1tu Malinovsk\u00e9ho n\u00e1m\u011bst\u00ed 3.<\/p>\n<p>My jsme p\u0159ipravili\u00a0 2 n\u00e1mitky, kter\u00e9 jsou ke sta\u017een\u00ed na na\u0161em webu spole\u010dn\u011b s\u00a0podpisov\u00fdmi archy. Abychom toti\u017e mohli n\u00e1mitky uplatnit, mus\u00edme ke ka\u017ed\u00e9 sehnat alespo\u0148 200 podpis\u016f. Podm\u00ednkou je, aby podepsan\u00fd ob\u010dan m\u011bl trval\u00e9 bydli\u0161t\u011b v\u00a0Brn\u011b.\u00a0 Vy, kte\u0159\u00ed souhlas\u00edte s\u00a0n\u00e1mitkami, pomozte sv\u00fdm podpisem zaktivovat ve\u0159ejn\u00e9 z\u00e1stupce a br\u00e1nit zm\u011bn\u00e1m, kter\u00e9 tento koncept \u00daP nese p\u0159edev\u0161\u00edm v\u00a0dopadu na kvalitu \u017eivota a hodnotu na\u0161eho bydlen\u00ed v\u00a0Kom\u00edn\u011b. Term\u00edn pro ob\u010dany pro odevzd\u00e1n\u00ed podpisov\u00fdch arch\u016f je nejpozd\u011bji 10.3.2011.<\/p>\n","protected":false},"excerpt":{"rendered":"<p>V\u00e1\u017een\u00ed soused\u00e9, v\u00a0Kom\u00ednsk\u00e9m zpravodaji jste se do\u010detli o tom, \u017ee prob\u00edh\u00e1 p\u0159ipom\u00ednkov\u00e1n\u00ed Konceptu nov\u00e9ho \u00dazemn\u00ed pl\u00e1nu (\u00daP) m\u011bsta Brna. D\u00e1le, \u017ee se m\u016f\u017eete s\u00a0navr\u017een\u00fdm konceptem sezn\u00e1mit bu\u010fto na webov\u00fdch str\u00e1nk\u00e1ch m\u011bsta Brna nebo osobn\u011b na Odboru \u00fazemn\u00edho pl\u00e1nov\u00e1n\u00ed m\u011bsta Brna.<\/p>\n","protected":false},"author":1,"featured_media":81,"comment_status":"open","ping_status":"open","sticky":false,"template":"","format":"standard","meta":{"footnotes":""},"categories":[8,10],"tags":[],"_links":{"self":[{"href":"http:\/\/zelenykomin.cz\/index.php?rest_route=\/wp\/v2\/posts\/76"}],"collection":[{"href":"http:\/\/zelenykomin.cz\/index.php?rest_route=\/wp\/v2\/posts"}],"about":[{"href":"http:\/\/zelenykomin.cz\/index.php?rest_route=\/wp\/v2\/types\/post"}],"author":[{"embeddable":true,"href":"http:\/\/zelenykomin.cz\/index.php?rest_route=\/wp\/v2\/users\/1"}],"replies":[{"embeddable":true,"href":"http:\/\/zelenykomin.cz\/index.php?rest_route=%2Fwp%2Fv2%2Fcomments&post=76"}],"version-history":[{"count":2,"href":"http:\/\/zelenykomin.cz\/index.php?rest_route=\/wp\/v2\/posts\/76\/revisions"}],"predecessor-version":[{"id":106,"href":"http:\/\/zelenykomin.cz\/index.php?rest_route=\/wp\/v2\/posts\/76\/revisions\/106"}],"wp:featuredmedia":[{"embeddable":true,"href":"http:\/\/zelenykomin.cz\/index.php?rest_route=\/wp\/v2\/media\/81"}],"wp:attachment":[{"href":"http:\/\/zelenykomin.cz\/index.php?rest_route=%2Fwp%2Fv2%2Fmedia&parent=76"}],"wp:term":[{"taxonomy":"category","embeddable":true,"href":"http:\/\/zelenykomin.cz\/index.php?rest_route=%2Fwp%2Fv2%2Fcategories&post=76"},{"taxonomy":"post_tag","embeddable":true,"href":"http:\/\/zelenykomin.cz\/index.php?rest_route=%2Fwp%2Fv2%2Ftags&post=76"}],"curies":[{"name":"wp","href":"https:\/\/api.w.org\/{rel}","templated":true}]}}