{"id":715,"date":"2014-12-15T23:30:35","date_gmt":"2014-12-15T22:30:35","guid":{"rendered":"http:\/\/zelenykomin.cz\/?p=715"},"modified":"2014-12-16T22:34:00","modified_gmt":"2014-12-16T21:34:00","slug":"svetelka-na-rece","status":"publish","type":"post","link":"http:\/\/zelenykomin.cz\/?p=715","title":{"rendered":"Sv\u011bt\u00e9lka na \u0159ece"},"content":{"rendered":"<p>Zveme v\u0161echny Kom\u00ed\u0148\u00e1ky i p\u0159espoln\u00ed na p\u0159edve\u010der \u0160t\u011bdr\u00e9ho dne k Svratce u Sokolovny rozsv\u00edtit \u0159eku a pop\u0159\u00e1t si kr\u00e1sn\u00e9 v\u00e1no\u010dn\u00ed sv\u00e1tky. Sraz u mostu U Sokolovny v 18 hodin.<\/p>\n<p><a href=\"http:\/\/zelenykomin.cz\/wp-content\/uploads\/2014\/12\/sv\u011bt\u00e9lka_na_\u0159ece.jpg\"><img loading=\"lazy\" decoding=\"async\" class=\"alignnone wp-image-716 size-medium\" src=\"http:\/\/zelenykomin.cz\/wp-content\/uploads\/2014\/12\/sv\u011bt\u00e9lka_na_\u0159ece-300x225.jpg\" alt=\"sv\u011bt\u00e9lka_na_\u0159ece\" width=\"300\" height=\"225\" srcset=\"http:\/\/zelenykomin.cz\/wp-content\/uploads\/2014\/12\/sv\u011bt\u00e9lka_na_\u0159ece-300x225.jpg 300w, http:\/\/zelenykomin.cz\/wp-content\/uploads\/2014\/12\/sv\u011bt\u00e9lka_na_\u0159ece.jpg 960w\" sizes=\"(max-width: 300px) 100vw, 300px\" \/><\/a><\/p>\n","protected":false},"excerpt":{"rendered":"<p>Zveme v\u0161echny Kom\u00ed\u0148\u00e1ky i p\u0159espoln\u00ed na p\u0159edve\u010der \u0160t\u011bdr\u00e9ho dne k Svratce u Sokolovny rozsv\u00edtit \u0159eku a pop\u0159\u00e1t si kr\u00e1sn\u00e9 v\u00e1no\u010dn\u00ed sv\u00e1tky. Sraz u mostu U Sokolovny v 18 hodin.<\/p>\n","protected":false},"author":6,"featured_media":0,"comment_status":"open","ping_status":"open","sticky":false,"template":"","format":"standard","meta":{"footnotes":""},"categories":[5,8],"tags":[],"_links":{"self":[{"href":"http:\/\/zelenykomin.cz\/index.php?rest_route=\/wp\/v2\/posts\/715"}],"collection":[{"href":"http:\/\/zelenykomin.cz\/index.php?rest_route=\/wp\/v2\/posts"}],"about":[{"href":"http:\/\/zelenykomin.cz\/index.php?rest_route=\/wp\/v2\/types\/post"}],"author":[{"embeddable":true,"href":"http:\/\/zelenykomin.cz\/index.php?rest_route=\/wp\/v2\/users\/6"}],"replies":[{"embeddable":true,"href":"http:\/\/zelenykomin.cz\/index.php?rest_route=%2Fwp%2Fv2%2Fcomments&post=715"}],"version-history":[{"count":4,"href":"http:\/\/zelenykomin.cz\/index.php?rest_route=\/wp\/v2\/posts\/715\/revisions"}],"predecessor-version":[{"id":719,"href":"http:\/\/zelenykomin.cz\/index.php?rest_route=\/wp\/v2\/posts\/715\/revisions\/719"}],"wp:attachment":[{"href":"http:\/\/zelenykomin.cz\/index.php?rest_route=%2Fwp%2Fv2%2Fmedia&parent=715"}],"wp:term":[{"taxonomy":"category","embeddable":true,"href":"http:\/\/zelenykomin.cz\/index.php?rest_route=%2Fwp%2Fv2%2Fcategories&post=715"},{"taxonomy":"post_tag","embeddable":true,"href":"http:\/\/zelenykomin.cz\/index.php?rest_route=%2Fwp%2Fv2%2Ftags&post=715"}],"curies":[{"name":"wp","href":"https:\/\/api.w.org\/{rel}","templated":true}]}}