{"id":691,"date":"2014-11-28T21:09:32","date_gmt":"2014-11-28T20:09:32","guid":{"rendered":"http:\/\/zelenykomin.cz\/?p=691"},"modified":"2014-11-30T22:53:45","modified_gmt":"2014-11-30T21:53:45","slug":"svatomartinske-putovani-aneb-poznat-komin-potme-je-velke-dobrodruzstvi","status":"publish","type":"post","link":"http:\/\/zelenykomin.cz\/?p=691","title":{"rendered":"Svatomartinsk\u00e9 putov\u00e1n\u00ed aneb poznat Kom\u00edn potm\u011b je velk\u00e9 dobrodru\u017estv\u00ed"},"content":{"rendered":"<p>R\u00e1di zde publikujeme dv\u011b reakce na Martinsk\u00e9 putov\u00e1n\u00ed.<\/p>\n<p><a href=\"http:\/\/zelenykomin.cz\/wp-content\/uploads\/2014\/11\/lodicky.jpg\"><img loading=\"lazy\" decoding=\"async\" class=\"alignleft wp-image-694 size-medium\" src=\"http:\/\/zelenykomin.cz\/wp-content\/uploads\/2014\/11\/lodicky-300x224.jpg\" alt=\"lodicky\" width=\"300\" height=\"224\" srcset=\"http:\/\/zelenykomin.cz\/wp-content\/uploads\/2014\/11\/lodicky-300x224.jpg 300w, http:\/\/zelenykomin.cz\/wp-content\/uploads\/2014\/11\/lodicky.jpg 448w\" sizes=\"(max-width: 300px) 100vw, 300px\" \/><\/a><\/p>\n<p>Podzim si bez lampi\u00f3nov\u00fdch pr\u016fvod\u016f ani nedovedeme p\u0159edstavit. V p\u00e1tek 14.11. se v Kom\u00edn\u011b jeden takov\u00fd konal, a to na po\u010dest svat\u00e9ho Martina. D\u011bti v doprovodu rodi\u010d\u016f \u010dekalo hned n\u011bkolik stanovi\u0161\u0165, na kter\u00fdch plnily \u00fakoly jako po\u010d\u00edt\u00e1n\u00ed sv\u00edt\u00edc\u00edch krou\u017ek\u016f, hled\u00e1n\u00ed kon\u00edka pohmatu v pytl\u00edku, malov\u00e1n\u00ed k\u0159\u00eddou, pou\u0161t\u011bn\u00ed sko\u0159\u00e1pkov\u00fdch lodi\u010dek se sv\u00ed\u010dkou po Svratce nebo b\u011bh po p\u0159ek\u00e1\u017ekov\u00e9 dr\u00e1ze. Na ka\u017ed\u00e9m ze stanovi\u0161\u0165 si tak\u00e9 m\u011bly zapamatovat obr\u00e1zek, na kter\u00fdch byly r\u016fzn\u00e9 symboly vztahuj\u00edc\u00ed se ke svat\u00e9mu Martinovi.<!--more-->Pl\u00e1n pr\u016fvodu v\u0161echny \u00fa\u010dastn\u00edky zavedl od kostela sv. Vav\u0159ince na Rusk\u00fd vrch a d\u00e1le kolem Konstancie po most\u011b nad Svratkou a\u017e do c\u00edle cesty na h\u0159i\u0161t\u011b Tesla. Pro d\u011bti byla cesta m\u00edsty velmi dobrodru\u017en\u00e1, proto\u017ee zejm\u00e9na po cest\u011b ke h\u0159i\u0161t\u00ed Tesla bylo jejich jedin\u00fdm osv\u011btlen\u00edm lampion.<br \/>\nCel\u00e1 trasa byla ozna\u010dena sv\u00ed\u010dkami ve sklenic\u00edch a d\u011bti za ka\u017ed\u00fd spln\u011bn\u00fd \u00fakol dostaly v\u017edy odm\u011bnu v podob\u011b vln\u011bn\u00e9 \u017e\u00edn\u011b do h\u0159\u00edvy Martinova b\u011blou\u0161e, kter\u00fd jako zalaminovan\u00e9ho pap\u00edrov\u00e9ho kon\u00edka dostaly na prvn\u00edm stanovi\u0161ti. Na konci putov\u00e1n\u00ed je pak \u010dekala je\u0161t\u011b sladk\u00e1 pern\u00edkov\u00e1 odm\u011bna, kdy\u017e vyjmenovaly v\u0161echny symboly z jednotliv\u00fdch stanovi\u0161\u0165.<br \/>\nVysok\u00fd po\u010det z\u00fa\u010dastn\u011bn\u00fdch d\u011bt\u00ed dokl\u00e1d\u00e1, jak moc byla akce \u00fasp\u011b\u0161n\u00e1. Proto si dovoluji t\u00edmto pod\u011bkovat organiz\u00e1tor\u016fm a v\u016fbec v\u0161em dobrovoln\u00edk\u016fm ze sdru\u017een\u00ed Zelen\u00e1 pro Kom\u00edn, kte\u0159\u00ed akci uspo\u0159\u00e1dali a p\u0159ipravili. Byl to p\u0159\u00edjemn\u011b str\u00e1ven\u00fd podve\u010der, kter\u00fd, doufejme, nebyl posledn\u00ed akc\u00ed pro n\u00e1s kom\u00ednsk\u00e9.<\/p>\n<p><em>Ad\u00e9la \u0160torkov\u00e1<\/em><\/p>\n<p>&#8212;&#8212;-<\/p>\n<p>Cht\u011bl bych t\u00edmto pod\u011bkovat organiz\u00e1tork\u00e1m a organiz\u00e1tor\u016fm d\u011btsk\u00e9ho Martinsk\u00e9ho putov\u00e1n\u00ed, kter\u00e9 se konalo ve ve\u010dern\u00edch hodin\u00e1ch v p\u00e1tek 14. listopadu. Na v\u0161ech zastaven\u00edch jsme se setkali s p\u0159\u00edv\u011btiv\u00fdmi lidmi. Start u kostela, s pap\u00edrov\u00fdmi martinsk\u00fdmi kon\u00edky a sladk\u00fdm uv\u00edt\u00e1n\u00edm (od nov\u00e9 pan\u00ed starostky) n\u00e1s p\u011bkn\u011b naladil. N\u00e1pad vyu\u017e\u00edt Rusk\u00fd vrch i jinak ne\u017e jako pietn\u00ed m\u00edsto \u2013 ale jako m\u00edsto her \u2013 byl d\u011btmi velmi dob\u0159e p\u0159ijat. Mnoh\u00e9 tam byly poprv\u00e9 a i pro ty, kter\u00e9 to tam znaj\u00ed, to byly \u2013 d\u00edky tm\u011b, lampi\u00f3n\u016fm a sout\u011b\u017ei \u2013 \u00fapln\u011b nov\u00e9 z\u00e1\u017eitky.T\u0159\u00edd\u00edc\u00ed linka p\u0159ed Konstanci\u00ed fungovala d\u00edky d\u011btsk\u00e9mu enthuziasmu velice efektivn\u011b, v\u011b\u0159\u00edm, \u017ee to zanech\u00e1 trvalej\u0161\u00ed stopu v mnoha kom\u00ednsk\u00fdch dom\u00e1cnostech. Vrcholem bylo asi vypou\u0161t\u011bn\u00ed lodi\u010dek na \u0159eku; pozorovat \u0161\u0148\u016fru sv\u011bt\u00e9lek, plynouc\u00edch pomalu proudem, vdechlo slavnostn\u00ed atmosf\u00e9ru nejen do d\u011btsk\u00fdch du\u0161\u00ed. A z\u00e1v\u011br \u2013 op\u00e9k\u00e1n\u00ed sladk\u00fdch trdeln\u00edk\u016f na h\u0159i\u0161ti Tesly \u2013 byl sv\u011b\u017e\u00ed variac\u00ed na \u0161pek\u00e1\u010dky, kter\u00e9 zn\u00e1me v\u0161ichni. U ohn\u011b jsme se nejen zah\u0159\u00e1li a pochutnali si, ale i potkali se s mnoh\u00fdmi, kter\u00e9 v Kom\u00edn\u011b zn\u00e1me, ale p\u0159i b\u011b\u017en\u00e9m shonu bychom st\u011b\u017e\u00ed na\u0161li chvilku&#8230;<br \/>\nU\u017e se t\u011b\u0161\u00edme se na dal\u0161\u00ed akce,<\/p>\n<p><em>Ji\u0159\u00ed Kolouch s d\u011btmi<\/em><\/p>\n","protected":false},"excerpt":{"rendered":"<p>R\u00e1di zde publikujeme dv\u011b reakce na Martinsk\u00e9 putov\u00e1n\u00ed. Podzim si bez lampi\u00f3nov\u00fdch pr\u016fvod\u016f ani nedovedeme p\u0159edstavit. V p\u00e1tek 14.11. se v Kom\u00edn\u011b jeden takov\u00fd konal, a to na po\u010dest svat\u00e9ho Martina. D\u011bti v doprovodu rodi\u010d\u016f \u010dekalo hned n\u011bkolik stanovi\u0161\u0165, na &hellip; <a href=\"http:\/\/zelenykomin.cz\/?p=691\">Cel\u00fd p\u0159\u00edsp\u011bvek <span class=\"meta-nav\">&rarr;<\/span><\/a><\/p>\n","protected":false},"author":6,"featured_media":694,"comment_status":"open","ping_status":"open","sticky":false,"template":"","format":"standard","meta":{"footnotes":""},"categories":[5,8],"tags":[],"_links":{"self":[{"href":"http:\/\/zelenykomin.cz\/index.php?rest_route=\/wp\/v2\/posts\/691"}],"collection":[{"href":"http:\/\/zelenykomin.cz\/index.php?rest_route=\/wp\/v2\/posts"}],"about":[{"href":"http:\/\/zelenykomin.cz\/index.php?rest_route=\/wp\/v2\/types\/post"}],"author":[{"embeddable":true,"href":"http:\/\/zelenykomin.cz\/index.php?rest_route=\/wp\/v2\/users\/6"}],"replies":[{"embeddable":true,"href":"http:\/\/zelenykomin.cz\/index.php?rest_route=%2Fwp%2Fv2%2Fcomments&post=691"}],"version-history":[{"count":7,"href":"http:\/\/zelenykomin.cz\/index.php?rest_route=\/wp\/v2\/posts\/691\/revisions"}],"predecessor-version":[{"id":712,"href":"http:\/\/zelenykomin.cz\/index.php?rest_route=\/wp\/v2\/posts\/691\/revisions\/712"}],"wp:featuredmedia":[{"embeddable":true,"href":"http:\/\/zelenykomin.cz\/index.php?rest_route=\/wp\/v2\/media\/694"}],"wp:attachment":[{"href":"http:\/\/zelenykomin.cz\/index.php?rest_route=%2Fwp%2Fv2%2Fmedia&parent=691"}],"wp:term":[{"taxonomy":"category","embeddable":true,"href":"http:\/\/zelenykomin.cz\/index.php?rest_route=%2Fwp%2Fv2%2Fcategories&post=691"},{"taxonomy":"post_tag","embeddable":true,"href":"http:\/\/zelenykomin.cz\/index.php?rest_route=%2Fwp%2Fv2%2Ftags&post=691"}],"curies":[{"name":"wp","href":"https:\/\/api.w.org\/{rel}","templated":true}]}}