{"id":621,"date":"2014-11-09T20:21:12","date_gmt":"2014-11-09T19:21:12","guid":{"rendered":"http:\/\/zelenykomin.cz\/?p=621"},"modified":"2014-11-26T10:25:12","modified_gmt":"2014-11-26T09:25:12","slug":"radnice-v-komine-ma-nove-slozeni","status":"publish","type":"post","link":"http:\/\/zelenykomin.cz\/?p=621","title":{"rendered":"Radnice v Kom\u00edn\u011b m\u00e1 nov\u00e9 slo\u017een\u00ed"},"content":{"rendered":"<p>V\u00e1\u017een\u00ed ob\u010dan\u00e9,<br \/>\n\u00favodem bych r\u00e1da pod\u011bkovala v\u0161em, kte\u0159\u00ed se z\u00fa\u010dastnili ustavuj\u00edc\u00edho zased\u00e1n\u00ed Zastupitelstva m\u011bstsk\u00e9 \u010d\u00e1sti Brno-Kom\u00edn za velmi p\u0159\u00e1telskou atmosf\u00e9ru po celou dobu zased\u00e1n\u00ed. To prob\u011bhlo ve st\u0159edu 6. listopadu 2014 a byla na n\u011bm zvolena nov\u00e1 Rada zastupitelstva m\u011bstsk\u00e9 \u010d\u00e1sti Brno-Kom\u00edn (d\u00e1le jen RM\u010c) a tak\u00e9 dva v\u00fdbory zastupitelstva \u2013 finan\u010dn\u00ed a kontroln\u00ed.<\/p>\n<p><!--more-->Zelen\u00e1 pro Kom\u00edn z\u00edskala nejvy\u0161\u0161\u00ed po\u010det mand\u00e1t\u016f \u2013 celkem 5 zastupitel\u016f. Volebn\u00edm v\u00fdsledk\u016fm jsem rozum\u011bli tak, \u017ee si Kom\u00ed\u0148\u00e1ci p\u0159ej\u00ed zm\u011bnu a tomu odpov\u00eddalo i jedn\u00e1n\u00ed o slo\u017een\u00ed koalice, kter\u00e9 bylo pom\u011brn\u011b dlouh\u00e9. Trvalo t\u00e9m\u011b\u0159 14 dn\u016f. Koali\u010dn\u00ed smlouvu podepsali z\u00e1stupci sdru\u017een\u00ed Zelen\u00e1 pro Kom\u00edn, hnut\u00ed ANO, KDU-\u010cSL a hnut\u00ed A co Brno? Jakmile bude dokon\u010deno programov\u00e9 prohl\u00e1\u0161en\u00ed rady, bude koali\u010dn\u00ed smlouva zve\u0159ejn\u011bna na str\u00e1nk\u00e1ch \u00fa\u0159adu m\u011bstsk\u00e9 \u010d\u00e1sti.<strong>\u00a0<\/strong><\/p>\n<h4><strong>Volby RM\u010c a v\u00fdbor\u016f dopadly n\u00e1sledovn\u011b<\/strong><\/h4>\n<ul>\n<li>Starostka: Mgr. Milada Blatn\u00e1 (Zelen\u00e1 pro Kom\u00edn)<\/li>\n<li>1. neuvoln\u011bn\u00e1 m\u00edstostarostka: Bc. Kate\u0159ina Jaro\u0161ov\u00e1 (ANO)<\/li>\n<li>2. neuvoln\u011bn\u00fd m\u00edstostarosta: Ing. arch. Eugen To\u010d\u00edk (Zelen\u00e1 pro Kom\u00edn)<\/li>\n<li>3. \u010dlenka Rady m\u011bstsk\u00e9 \u010d\u00e1sti Brno-Kom\u00edn: PhDr. Olga Chalupov\u00e1 (ANO)<\/li>\n<li>4. \u010dlen Rady m\u011bstsk\u00e9 \u010d\u00e1sti Brno-Kom\u00edn: PhDr. Rostislav Nekuda (KDU-\u010cSL)<\/li>\n<\/ul>\n<h4>Finan\u010dn\u00ed v\u00fdbor<\/h4>\n<ul>\n<li>P\u0159edsedkyn\u011b: Ing. Eli\u0161ka Rekov\u00e1 (A co Brno?)<\/li>\n<li>\u010clenov\u00e9:\n<ul>\n<li>PhDr. Rostislav Nekuda (KDU-\u010cSL)<\/li>\n<li>Ing. Jana Novotn\u00e1 (Zelen\u00e1 pro Kom\u00edn)<\/li>\n<li>Bc. Adam J\u00e9gl (Zelen\u00e1 pro Kom\u00edn)<\/li>\n<li>Ing. David Pokorn\u00fd (ANO)<\/li>\n<\/ul>\n<\/li>\n<\/ul>\n<h4>Kontroln\u00ed v\u00fdbor<\/h4>\n<ul>\n<li>P\u0159edseda: Ing. Ji\u0159\u00ed Do\u010dekal (KS\u010cM)<\/li>\n<li>\u010clenov\u00e9:\n<ul>\n<li>Ing. arch. Libor Vl\u010dek (ODS)<\/li>\n<li>Robert Jokl (TOP 09)<\/li>\n<li>Mgr. Ing. Tom\u00e1\u0161 N\u011bmec (Zelen\u00e1 pro Kom\u00edn)<\/li>\n<li>Ond\u0159ej Kressa (ANO)<\/li>\n<\/ul>\n<\/li>\n<\/ul>\n<p>V\u00a0sou\u010dasn\u00e9 dob\u011b prob\u00edh\u00e1 p\u0159eb\u00edr\u00e1n\u00ed \u00fa\u0159adu. Prvn\u00ed dny jsou velmi hektick\u00e9, a proto se omlouv\u00e1m, \u017ee jsem na\u0161e webov\u00e9 str\u00e1nky zanedb\u00e1vala. Od st\u0159edy 12. listopadu 2014 m\u011b m\u016f\u017eete naj\u00edt na \u00fa\u0159ad\u011b ka\u017ed\u00fd den. \u00da\u0159edn\u00ed hodiny m\u00edstostarost\u016f budou zve\u0159ejn\u011bny na \u00fa\u0159ad\u011b a tak\u00e9 na webov\u00fdch str\u00e1nk\u00e1ch \u00fa\u0159adu.<br \/>\nNem\u00e1me v\u00a0t\u00e9to chv\u00edli p\u0159ehled, co v\u0161echno bude t\u0159eba nal\u00e9hav\u011b \u0159e\u0161it. Jenom v\u00edme o zastaven\u00ed prac\u00ed na rekonstrukci bytu na M\u0160 Absolonova, kter\u00fd m\u00e1 b\u00fdt p\u0159estaven pro pot\u0159eby DDM Komin\u00ed\u010dek. J\u00e1, stejn\u011b jako m\u00edstostarostov\u00e9, m\u00e1me z\u00e1jem rychle se s\u00a0problematikou cel\u00e9ho \u00fa\u0159adu sezn\u00e1mit a konat.<\/p>\n<p>Prvn\u00ed jedn\u00e1n\u00ed RM\u010c prob\u011bhne ve st\u0159edu 26. listopadu 2014 a na n\u011bm by mimo jin\u00e9\u00a0m\u011bly b\u00fdt zvoleny komise rady, jako jej\u00ed poradn\u00ed org\u00e1ny. P\u0159iv\u00edtala bych, aby o jedn\u00e1n\u00ed v\u00a0komis\u00edch m\u011bli z\u00e1jem i ob\u010dan\u00e9 Kom\u00edna a jejich jedn\u00e1n\u00ed se \u00fa\u010dastnili a\u0165 u\u017e jako \u010dlenov\u00e9 nebo host\u00e9.<br \/>\nKontakty na nov\u00e9 p\u0159edsedy komis\u00ed a term\u00edny zased\u00e1n\u00ed budou rovn\u011b\u017e k\u00a0dispozici na \u00fa\u0159adu a jeho webov\u00fdch str\u00e1nk\u00e1ch (<a href=\"http:\/\/www.brno-komin.cz\">http:\/\/www.brno-komin.cz<\/a>).<\/p>\n<p>Milada Blatn\u00e1<\/p>\n","protected":false},"excerpt":{"rendered":"<p>V\u00e1\u017een\u00ed ob\u010dan\u00e9, \u00favodem bych r\u00e1da pod\u011bkovala v\u0161em, kte\u0159\u00ed se z\u00fa\u010dastnili ustavuj\u00edc\u00edho zased\u00e1n\u00ed Zastupitelstva m\u011bstsk\u00e9 \u010d\u00e1sti Brno-Kom\u00edn za velmi p\u0159\u00e1telskou atmosf\u00e9ru po celou dobu zased\u00e1n\u00ed. To prob\u011bhlo ve st\u0159edu 6. listopadu 2014 a byla na n\u011bm zvolena nov\u00e1 Rada zastupitelstva m\u011bstsk\u00e9 &hellip; <a href=\"http:\/\/zelenykomin.cz\/?p=621\">Cel\u00fd p\u0159\u00edsp\u011bvek <span class=\"meta-nav\">&rarr;<\/span><\/a><\/p>\n","protected":false},"author":3,"featured_media":0,"comment_status":"open","ping_status":"open","sticky":false,"template":"","format":"standard","meta":{"footnotes":""},"categories":[10],"tags":[],"_links":{"self":[{"href":"http:\/\/zelenykomin.cz\/index.php?rest_route=\/wp\/v2\/posts\/621"}],"collection":[{"href":"http:\/\/zelenykomin.cz\/index.php?rest_route=\/wp\/v2\/posts"}],"about":[{"href":"http:\/\/zelenykomin.cz\/index.php?rest_route=\/wp\/v2\/types\/post"}],"author":[{"embeddable":true,"href":"http:\/\/zelenykomin.cz\/index.php?rest_route=\/wp\/v2\/users\/3"}],"replies":[{"embeddable":true,"href":"http:\/\/zelenykomin.cz\/index.php?rest_route=%2Fwp%2Fv2%2Fcomments&post=621"}],"version-history":[{"count":6,"href":"http:\/\/zelenykomin.cz\/index.php?rest_route=\/wp\/v2\/posts\/621\/revisions"}],"predecessor-version":[{"id":628,"href":"http:\/\/zelenykomin.cz\/index.php?rest_route=\/wp\/v2\/posts\/621\/revisions\/628"}],"wp:attachment":[{"href":"http:\/\/zelenykomin.cz\/index.php?rest_route=%2Fwp%2Fv2%2Fmedia&parent=621"}],"wp:term":[{"taxonomy":"category","embeddable":true,"href":"http:\/\/zelenykomin.cz\/index.php?rest_route=%2Fwp%2Fv2%2Fcategories&post=621"},{"taxonomy":"post_tag","embeddable":true,"href":"http:\/\/zelenykomin.cz\/index.php?rest_route=%2Fwp%2Fv2%2Ftags&post=621"}],"curies":[{"name":"wp","href":"https:\/\/api.w.org\/{rel}","templated":true}]}}