{"id":600,"date":"2014-10-07T09:52:50","date_gmt":"2014-10-07T07:52:50","guid":{"rendered":"http:\/\/zelenykomin.cz\/?p=600"},"modified":"2014-11-26T12:27:27","modified_gmt":"2014-11-26T11:27:27","slug":"lez-jako-vez","status":"publish","type":"post","link":"http:\/\/zelenykomin.cz\/?p=600","title":{"rendered":"Le\u017e jako v\u011b\u017e"},"content":{"rendered":"<p>p\u0159esn\u011bji sp\u00ed\u0161e jako obytn\u00fd d\u016fm. Ve schr\u00e1nk\u00e1ch bytov\u00fdch dom\u016f se objevil let\u00e1k, varuj\u00edc\u00ed p\u0159ed v\u00fdstavbou obytn\u00fdch dom\u016f ve vnitrobloc\u00edch v\u00a0Kom\u00ednsk\u00e9m s\u00eddli\u0161ti. Let\u00e1k, za kter\u00fdm stoj\u00ed jak\u00e9si ob\u010dansk\u00e9 sdru\u017een\u00ed, ov\u0161em za t\u00edmto sdru\u017een\u00edm a tedy i za let\u00e1kem je pobo\u010dka \u010cSSD v\u00a0Kom\u00edn\u011b.<!--more--> Pamflet, kter\u00fd vytvo\u0159ilo, dejme tomu ono sdru\u017een\u00ed, je zaj\u00edmav\u00fd z\u00a0n\u011bkolika hledisek. Ost\u0159e se vyhra\u0148uje proti zastavov\u00e1n\u00ed vnitroblok\u016f v\u00a0s\u00eddli\u0161ti. Na neum\u011bl\u00fdch a nekvalitn\u00edch vizualizac\u00edch z\u00e1stavby je pou\u017eit obytn\u00fd d\u016fm, kter\u00fd stoj\u00ed na ulici Vav\u0159ineck\u00e1. Text stra\u0161\u00ed obyvatele Kom\u00edna zahu\u0161t\u011bn\u00edm s\u00eddli\u0161t\u011b a upozor\u0148uje na to, \u017ee pokud budou volit soci\u00e1ln\u00ed demokracii, nic takov\u00e9ho se nestane. Pikantn\u00ed na v\u0161em je, \u017ee \u010cSSD v\u00a0Kom\u00edn\u011b vl\u00e1dne, ruku v\u00a0ruce s\u00a0koali\u010dn\u00edmi partnery ji\u017e n\u011bkolik volebn\u00edch obdob\u00ed po sob\u011b. Tud\u00ed\u017e se d\u00edky koali\u010dn\u00ed smlouv\u011b pod\u00edl\u00ed i na tom, jak vypad\u00e1 z\u00e1stavba v\u00a0okol\u00ed okru\u017en\u00ed k\u0159i\u017eovatky na Hlavn\u00ed. Varuje tedy p\u0159ed n\u011b\u010d\u00edm, na \u010dem se pod\u00edl\u00ed. Cel\u00fd styl let\u00e1ku siln\u011b p\u0159ipom\u00edn\u00e1 dezinformace, kter\u00e9 byly vytv\u00e1\u0159eny v\u00a0dob\u011b normalizace a slou\u017eily sv\u00fdm tv\u016frc\u016fm k\u00a0dehonestaci odp\u016frc\u016f re\u017eimu. Douf\u00e1m, \u017ee auto\u0159i d\u00edlka maj\u00ed souhlas s\u00a0autory projektu domu na Vav\u0159ineck\u00e9, \u017ee m\u016f\u017ee b\u00fdt pou\u017eit k\u00a0tomuto \u00fa\u010delu\u2026Dal\u0161\u00ed pikantnost\u00ed je, \u017ee svat\u00fd z\u00e1pal k\u00a0boji proti stavebn\u00ed loby objevili v\u00a0sob\u011b \u010dlenov\u00e9 strany, kter\u00e1 nebyla schopna se slu\u0161n\u011b a \u010delem postavit k\u00a0\u010dern\u00e9 v\u00fdstavb\u011b dome\u010dku na Brn\u011bnsk\u00e9 p\u0159ehrad\u011b. Dome\u010dku, kter\u00fd si na p\u0159ehrad\u011b stav\u011bl jej\u00ed n\u00e1m\u011bstek prim\u00e1tora (pardon, vlastn\u011b jeho dcera\u2026) Macek. V\u00a0klidu si do\u00fa\u0159adoval sv\u00e9 volebn\u00ed obdob\u00ed, obdob\u00ed, ve kter\u00e9m m\u011bl na starosti tvorbu nov\u00e9ho \u00fazemn\u00edho pl\u00e1nu.<\/p>\n<p>Na z\u00e1v\u011br, pro\u010d \u201ele\u017e jako v\u011b\u017e\u201c. Na \u00fa\u0159adu, kter\u00fd m\u00e1 na magistr\u00e1tu na starost \u00fazemn\u00ed pl\u00e1n nikdo nic nev\u00ed o z\u00e1stavb\u011b, nikdo nev\u00ed, \u017ee by se o n\u011bco takov\u00e9ho \u017e\u00e1dalo. Vypu\u0161t\u011bn\u00e1 dezinformace vylekala spoustu lid\u00ed, sna\u017eila se sb\u00edrat jak\u00e9si pochybn\u00e9 politick\u00e9 body. Je to sprost\u00e9 a podl\u00e9. Ani by mn\u011b nep\u0159ekvapilo, kdyby se ve schr\u00e1nk\u00e1ch \u010dasem n\u011bkdy objevila omluva za to, \u017ee jsme byli uv\u00e1d\u011bni v\u00a0omyl. Omluva od sdru\u017een\u00ed, od kter\u00e9ho se bude samoz\u0159ejm\u011b soci\u00e1ln\u00ed demokracie distancovat\u2026<\/p>\n<p>Ale\u0161 Homolka<\/p>\n","protected":false},"excerpt":{"rendered":"<p>p\u0159esn\u011bji sp\u00ed\u0161e jako obytn\u00fd d\u016fm. Ve schr\u00e1nk\u00e1ch bytov\u00fdch dom\u016f se objevil let\u00e1k, varuj\u00edc\u00ed p\u0159ed v\u00fdstavbou obytn\u00fdch dom\u016f ve vnitrobloc\u00edch v\u00a0Kom\u00ednsk\u00e9m s\u00eddli\u0161ti. Let\u00e1k, za kter\u00fdm stoj\u00ed jak\u00e9si ob\u010dansk\u00e9 sdru\u017een\u00ed, ov\u0161em za t\u00edmto sdru\u017een\u00edm a tedy i za let\u00e1kem je pobo\u010dka \u010cSSD &hellip; <a href=\"http:\/\/zelenykomin.cz\/?p=600\">Cel\u00fd p\u0159\u00edsp\u011bvek <span class=\"meta-nav\">&rarr;<\/span><\/a><\/p>\n","protected":false},"author":3,"featured_media":599,"comment_status":"open","ping_status":"open","sticky":false,"template":"","format":"standard","meta":{"footnotes":""},"categories":[8,9],"tags":[],"_links":{"self":[{"href":"http:\/\/zelenykomin.cz\/index.php?rest_route=\/wp\/v2\/posts\/600"}],"collection":[{"href":"http:\/\/zelenykomin.cz\/index.php?rest_route=\/wp\/v2\/posts"}],"about":[{"href":"http:\/\/zelenykomin.cz\/index.php?rest_route=\/wp\/v2\/types\/post"}],"author":[{"embeddable":true,"href":"http:\/\/zelenykomin.cz\/index.php?rest_route=\/wp\/v2\/users\/3"}],"replies":[{"embeddable":true,"href":"http:\/\/zelenykomin.cz\/index.php?rest_route=%2Fwp%2Fv2%2Fcomments&post=600"}],"version-history":[{"count":3,"href":"http:\/\/zelenykomin.cz\/index.php?rest_route=\/wp\/v2\/posts\/600\/revisions"}],"predecessor-version":[{"id":653,"href":"http:\/\/zelenykomin.cz\/index.php?rest_route=\/wp\/v2\/posts\/600\/revisions\/653"}],"wp:featuredmedia":[{"embeddable":true,"href":"http:\/\/zelenykomin.cz\/index.php?rest_route=\/wp\/v2\/media\/599"}],"wp:attachment":[{"href":"http:\/\/zelenykomin.cz\/index.php?rest_route=%2Fwp%2Fv2%2Fmedia&parent=600"}],"wp:term":[{"taxonomy":"category","embeddable":true,"href":"http:\/\/zelenykomin.cz\/index.php?rest_route=%2Fwp%2Fv2%2Fcategories&post=600"},{"taxonomy":"post_tag","embeddable":true,"href":"http:\/\/zelenykomin.cz\/index.php?rest_route=%2Fwp%2Fv2%2Ftags&post=600"}],"curies":[{"name":"wp","href":"https:\/\/api.w.org\/{rel}","templated":true}]}}