{"id":593,"date":"2014-10-06T20:30:22","date_gmt":"2014-10-06T18:30:22","guid":{"rendered":"http:\/\/zelenykomin.cz\/?p=593"},"modified":"2014-11-26T10:26:04","modified_gmt":"2014-11-26T09:26:04","slug":"tah-kominem-foto-z-akce","status":"publish","type":"post","link":"http:\/\/zelenykomin.cz\/?p=593","title":{"rendered":"Tah Kom\u00ednem &#8211; foto z akce"},"content":{"rendered":"<p>D\u011bkujeme v\u0161em, kte\u0159\u00ed se rozhodli spole\u010dn\u011b s n\u00e1mi str\u00e1vit sobotn\u00ed odpoledne.<\/p>\n<p><!--more--><\/p>\n<p><a href=\"http:\/\/zelenykomin.cz\/wp-content\/uploads\/2014\/10\/tahk4.jpg\"><img loading=\"lazy\" decoding=\"async\" class=\"alignnone size-medium wp-image-592\" src=\"http:\/\/zelenykomin.cz\/wp-content\/uploads\/2014\/10\/tahk4-300x212.jpg\" alt=\"tahk4\" width=\"300\" height=\"212\" srcset=\"http:\/\/zelenykomin.cz\/wp-content\/uploads\/2014\/10\/tahk4-300x212.jpg 300w, http:\/\/zelenykomin.cz\/wp-content\/uploads\/2014\/10\/tahk4-1024x723.jpg 1024w, http:\/\/zelenykomin.cz\/wp-content\/uploads\/2014\/10\/tahk4.jpg 1754w\" sizes=\"(max-width: 300px) 100vw, 300px\" \/><\/a><a href=\"http:\/\/zelenykomin.cz\/wp-content\/uploads\/2014\/10\/tahk3.jpg\"><img loading=\"lazy\" decoding=\"async\" class=\"alignnone size-medium wp-image-591\" src=\"http:\/\/zelenykomin.cz\/wp-content\/uploads\/2014\/10\/tahk3-300x212.jpg\" alt=\"tahk3\" width=\"300\" height=\"212\" srcset=\"http:\/\/zelenykomin.cz\/wp-content\/uploads\/2014\/10\/tahk3-300x212.jpg 300w, http:\/\/zelenykomin.cz\/wp-content\/uploads\/2014\/10\/tahk3-1024x723.jpg 1024w, http:\/\/zelenykomin.cz\/wp-content\/uploads\/2014\/10\/tahk3.jpg 1754w\" sizes=\"(max-width: 300px) 100vw, 300px\" \/><\/a> <a href=\"http:\/\/zelenykomin.cz\/wp-content\/uploads\/2014\/10\/tahk2.jpg\"><img loading=\"lazy\" decoding=\"async\" class=\"alignnone size-medium wp-image-590\" src=\"http:\/\/zelenykomin.cz\/wp-content\/uploads\/2014\/10\/tahk2-300x212.jpg\" alt=\"tahk2\" width=\"300\" height=\"212\" srcset=\"http:\/\/zelenykomin.cz\/wp-content\/uploads\/2014\/10\/tahk2-300x212.jpg 300w, http:\/\/zelenykomin.cz\/wp-content\/uploads\/2014\/10\/tahk2-1024x723.jpg 1024w, http:\/\/zelenykomin.cz\/wp-content\/uploads\/2014\/10\/tahk2.jpg 1754w\" sizes=\"(max-width: 300px) 100vw, 300px\" \/><\/a><a href=\"http:\/\/zelenykomin.cz\/wp-content\/uploads\/2014\/10\/tahk11.jpg\"><img loading=\"lazy\" decoding=\"async\" class=\"alignnone size-medium wp-image-595\" src=\"http:\/\/zelenykomin.cz\/wp-content\/uploads\/2014\/10\/tahk11-300x212.jpg\" alt=\"tahk1\" width=\"300\" height=\"212\" srcset=\"http:\/\/zelenykomin.cz\/wp-content\/uploads\/2014\/10\/tahk11-300x212.jpg 300w, http:\/\/zelenykomin.cz\/wp-content\/uploads\/2014\/10\/tahk11-1024x723.jpg 1024w, http:\/\/zelenykomin.cz\/wp-content\/uploads\/2014\/10\/tahk11.jpg 1754w\" sizes=\"(max-width: 300px) 100vw, 300px\" \/><\/a><\/p>\n","protected":false},"excerpt":{"rendered":"<p>D\u011bkujeme v\u0161em, kte\u0159\u00ed se rozhodli spole\u010dn\u011b s n\u00e1mi str\u00e1vit sobotn\u00ed odpoledne.<\/p>\n","protected":false},"author":3,"featured_media":594,"comment_status":"open","ping_status":"open","sticky":false,"template":"","format":"standard","meta":{"footnotes":""},"categories":[5],"tags":[],"_links":{"self":[{"href":"http:\/\/zelenykomin.cz\/index.php?rest_route=\/wp\/v2\/posts\/593"}],"collection":[{"href":"http:\/\/zelenykomin.cz\/index.php?rest_route=\/wp\/v2\/posts"}],"about":[{"href":"http:\/\/zelenykomin.cz\/index.php?rest_route=\/wp\/v2\/types\/post"}],"author":[{"embeddable":true,"href":"http:\/\/zelenykomin.cz\/index.php?rest_route=\/wp\/v2\/users\/3"}],"replies":[{"embeddable":true,"href":"http:\/\/zelenykomin.cz\/index.php?rest_route=%2Fwp%2Fv2%2Fcomments&post=593"}],"version-history":[{"count":2,"href":"http:\/\/zelenykomin.cz\/index.php?rest_route=\/wp\/v2\/posts\/593\/revisions"}],"predecessor-version":[{"id":598,"href":"http:\/\/zelenykomin.cz\/index.php?rest_route=\/wp\/v2\/posts\/593\/revisions\/598"}],"wp:featuredmedia":[{"embeddable":true,"href":"http:\/\/zelenykomin.cz\/index.php?rest_route=\/wp\/v2\/media\/594"}],"wp:attachment":[{"href":"http:\/\/zelenykomin.cz\/index.php?rest_route=%2Fwp%2Fv2%2Fmedia&parent=593"}],"wp:term":[{"taxonomy":"category","embeddable":true,"href":"http:\/\/zelenykomin.cz\/index.php?rest_route=%2Fwp%2Fv2%2Fcategories&post=593"},{"taxonomy":"post_tag","embeddable":true,"href":"http:\/\/zelenykomin.cz\/index.php?rest_route=%2Fwp%2Fv2%2Ftags&post=593"}],"curies":[{"name":"wp","href":"https:\/\/api.w.org\/{rel}","templated":true}]}}