{"id":576,"date":"2014-10-01T15:22:03","date_gmt":"2014-10-01T13:22:03","guid":{"rendered":"http:\/\/zelenykomin.cz\/?p=576"},"modified":"2014-11-26T10:26:16","modified_gmt":"2014-11-26T09:26:16","slug":"576","status":"publish","type":"post","link":"http:\/\/zelenykomin.cz\/?p=576","title":{"rendered":"Ned\u011bln\u00ed koncert B\u00e1ry Basikov\u00e9"},"content":{"rendered":"<p>Zveme v\u00e1s na koncert\u00a0B\u00e1ry Basikov\u00e9 pro Miloslavu Po\u0161v\u00e1\u0159ovou \u2013 nez\u00e1vislou kandid\u00e1tku do Sen\u00e1tu \u010cR s podporou Strany zelen\u00fdch a Pir\u00e1t\u016f.\u00a0Vstup je zdarma.<\/p>\n<p>Koncert se uskute\u010dn\u00ed v ned\u011bli 5. \u0159\u00edjna 2014 od 17 h v KC Semilasso.<\/p>\n<p><!--more--><\/p>\n<p><img decoding=\"async\" src=\"http:\/\/zelenykomin.cz\/wp-content\/uploads\/2014\/10\/10696287_914758978554309_2808569130674026659_n.jpg\" alt=\"\" \/><\/p>\n","protected":false},"excerpt":{"rendered":"<p>Zveme v\u00e1s na koncert\u00a0B\u00e1ry Basikov\u00e9 pro Miloslavu Po\u0161v\u00e1\u0159ovou \u2013 nez\u00e1vislou kandid\u00e1tku do Sen\u00e1tu \u010cR s podporou Strany zelen\u00fdch a Pir\u00e1t\u016f.\u00a0Vstup je zdarma. Koncert se uskute\u010dn\u00ed v ned\u011bli 5. \u0159\u00edjna 2014 od 17 h v KC Semilasso.<\/p>\n","protected":false},"author":2,"featured_media":577,"comment_status":"open","ping_status":"open","sticky":false,"template":"","format":"standard","meta":{"footnotes":""},"categories":[5],"tags":[],"_links":{"self":[{"href":"http:\/\/zelenykomin.cz\/index.php?rest_route=\/wp\/v2\/posts\/576"}],"collection":[{"href":"http:\/\/zelenykomin.cz\/index.php?rest_route=\/wp\/v2\/posts"}],"about":[{"href":"http:\/\/zelenykomin.cz\/index.php?rest_route=\/wp\/v2\/types\/post"}],"author":[{"embeddable":true,"href":"http:\/\/zelenykomin.cz\/index.php?rest_route=\/wp\/v2\/users\/2"}],"replies":[{"embeddable":true,"href":"http:\/\/zelenykomin.cz\/index.php?rest_route=%2Fwp%2Fv2%2Fcomments&post=576"}],"version-history":[{"count":3,"href":"http:\/\/zelenykomin.cz\/index.php?rest_route=\/wp\/v2\/posts\/576\/revisions"}],"predecessor-version":[{"id":580,"href":"http:\/\/zelenykomin.cz\/index.php?rest_route=\/wp\/v2\/posts\/576\/revisions\/580"}],"wp:featuredmedia":[{"embeddable":true,"href":"http:\/\/zelenykomin.cz\/index.php?rest_route=\/wp\/v2\/media\/577"}],"wp:attachment":[{"href":"http:\/\/zelenykomin.cz\/index.php?rest_route=%2Fwp%2Fv2%2Fmedia&parent=576"}],"wp:term":[{"taxonomy":"category","embeddable":true,"href":"http:\/\/zelenykomin.cz\/index.php?rest_route=%2Fwp%2Fv2%2Fcategories&post=576"},{"taxonomy":"post_tag","embeddable":true,"href":"http:\/\/zelenykomin.cz\/index.php?rest_route=%2Fwp%2Fv2%2Ftags&post=576"}],"curies":[{"name":"wp","href":"https:\/\/api.w.org\/{rel}","templated":true}]}}