{"id":573,"date":"2014-10-01T15:14:25","date_gmt":"2014-10-01T13:14:25","guid":{"rendered":"http:\/\/zelenykomin.cz\/?p=573"},"modified":"2014-11-26T10:26:23","modified_gmt":"2014-11-26T09:26:23","slug":"tip-na-prijemne-stravene-sobotni-odpoledne","status":"publish","type":"post","link":"http:\/\/zelenykomin.cz\/?p=573","title":{"rendered":"Tah Kom\u00ednem &#8211; ji\u017e 4. \u0159\u00edjna 2014, od 14.00 u Star\u00e9 hasi\u010dky"},"content":{"rendered":"<p>Zveme v\u0161echny Kom\u00ed\u0148\u00e1ky a tak\u00e9\u00a0ty, kte\u0159\u00ed maj\u00ed\u00a0 r\u00e1di Kom\u00edn, na mal\u00fd <strong>orienta\u010dn\u00ed pochod \u010di b\u011bh\u00a0Kom\u00ednem<\/strong> &#8211; podle toho, jak se kdo c\u00edt\u00ed.<\/p>\n<p>Pro \u00fa\u010dastn\u00edky jsou p\u0159ipraveny 4 stanovi\u0161t\u011b s kv\u00edzy, hrami a h\u0159\u00ed\u010dkami <strong>o historii, faun\u011b, fl\u00f3\u0159e a m\u00edstopise Kom\u00edna<\/strong>. Na sv\u00e9 si p\u0159ijdou v\u0161echny generace.\u00a0<strong>Zah\u00e1jen\u00ed je \u00a0u Star\u00e9 hasi\u010dky od\u00a014.00 (ulice Hlavn\u00ed) a c\u00edl v Sokolovn\u011b (u \u0159eky).<\/strong><\/p>\n<p><strong>V 17.00, v Sokolovn\u011b <\/strong>budete m\u00edt p\u0159\u00edle\u017eitost\u00a0setkat se s<strong> Ing. Miloslavou Po\u0161v\u00e1\u0159ovou, Ph.D<\/strong>., nez\u00e1vislou kandid\u00e1tkou na sen\u00e1tora, kter\u00e1\u00a0je na\u0161\u00ed p\u0159edn\u00ed odbornic\u00ed v oblasti stavebnictv\u00ed a dopravn\u00ed expertkou ocen\u011bnou Nadac\u00ed Charty 77 za boj proti korupci.<\/p>\n<p>P\u0159ij\u010fte str\u00e1vit\u00a0p\u0159\u00edjemn\u00e9 sobotn\u00ed odpoledne a dozv\u011bd\u011bt se mnoho\u00a0zaj\u00edmav\u00fdch informac\u00ed nejen o\u00a0Kom\u00edn\u011b.<\/p>\n<p>Srde\u010dn\u011b zvou kandid\u00e1ti sdru\u017een\u00ed <strong>Zelen\u00e1 pro Kom\u00edn<\/strong><\/p>\n<p>P.S. v\u00a0p\u0159\u00edpad\u011b \u0161patn\u00e9ho po\u010das\u00ed akce prob\u011bhne v Sokolovn\u011b\u00a0<!--more--><\/p>\n<p>&nbsp;<\/p>\n<p><img decoding=\"async\" src=\"http:\/\/zelenykomin.cz\/wp-content\/uploads\/2014\/10\/Tah_Kominem.jpg\" alt=\"Tah_Kominem\" \/><\/p>\n","protected":false},"excerpt":{"rendered":"<p>Zveme v\u0161echny Kom\u00ed\u0148\u00e1ky a tak\u00e9\u00a0ty, kte\u0159\u00ed maj\u00ed\u00a0 r\u00e1di Kom\u00edn, na mal\u00fd orienta\u010dn\u00ed pochod \u010di b\u011bh\u00a0Kom\u00ednem &#8211; podle toho, jak se kdo c\u00edt\u00ed. Pro \u00fa\u010dastn\u00edky jsou p\u0159ipraveny 4 stanovi\u0161t\u011b s kv\u00edzy, hrami a h\u0159\u00ed\u010dkami o historii, faun\u011b, fl\u00f3\u0159e a m\u00edstopise Kom\u00edna. &hellip; <a href=\"http:\/\/zelenykomin.cz\/?p=573\">Cel\u00fd p\u0159\u00edsp\u011bvek <span class=\"meta-nav\">&rarr;<\/span><\/a><\/p>\n","protected":false},"author":2,"featured_media":440,"comment_status":"open","ping_status":"open","sticky":false,"template":"","format":"standard","meta":{"footnotes":""},"categories":[5,1],"tags":[],"_links":{"self":[{"href":"http:\/\/zelenykomin.cz\/index.php?rest_route=\/wp\/v2\/posts\/573"}],"collection":[{"href":"http:\/\/zelenykomin.cz\/index.php?rest_route=\/wp\/v2\/posts"}],"about":[{"href":"http:\/\/zelenykomin.cz\/index.php?rest_route=\/wp\/v2\/types\/post"}],"author":[{"embeddable":true,"href":"http:\/\/zelenykomin.cz\/index.php?rest_route=\/wp\/v2\/users\/2"}],"replies":[{"embeddable":true,"href":"http:\/\/zelenykomin.cz\/index.php?rest_route=%2Fwp%2Fv2%2Fcomments&post=573"}],"version-history":[{"count":5,"href":"http:\/\/zelenykomin.cz\/index.php?rest_route=\/wp\/v2\/posts\/573\/revisions"}],"predecessor-version":[{"id":586,"href":"http:\/\/zelenykomin.cz\/index.php?rest_route=\/wp\/v2\/posts\/573\/revisions\/586"}],"wp:featuredmedia":[{"embeddable":true,"href":"http:\/\/zelenykomin.cz\/index.php?rest_route=\/wp\/v2\/media\/440"}],"wp:attachment":[{"href":"http:\/\/zelenykomin.cz\/index.php?rest_route=%2Fwp%2Fv2%2Fmedia&parent=573"}],"wp:term":[{"taxonomy":"category","embeddable":true,"href":"http:\/\/zelenykomin.cz\/index.php?rest_route=%2Fwp%2Fv2%2Fcategories&post=573"},{"taxonomy":"post_tag","embeddable":true,"href":"http:\/\/zelenykomin.cz\/index.php?rest_route=%2Fwp%2Fv2%2Ftags&post=573"}],"curies":[{"name":"wp","href":"https:\/\/api.w.org\/{rel}","templated":true}]}}