{"id":564,"date":"2014-10-01T11:56:33","date_gmt":"2014-10-01T09:56:33","guid":{"rendered":"http:\/\/zelenykomin.cz\/?p=564"},"modified":"2014-11-26T10:26:31","modified_gmt":"2014-11-26T09:26:31","slug":"i-po-6-mesicich-zustava-cerna-skladka-neodvezena","status":"publish","type":"post","link":"http:\/\/zelenykomin.cz\/?p=564","title":{"rendered":"I po 6 m\u011bs\u00edc\u00edch z\u016fst\u00e1v\u00e1 \u010dern\u00e1 skl\u00e1dka neodvezena"},"content":{"rendered":"<p>V\u00a0dubnu 2014 prob\u011bhla celorepublikov\u00e1 akce Ukli\u010fme \u010cesko, kter\u00e1 byla nam\u00ed\u0159ena hlavn\u011b na likvidaci \u010dern\u00fdch skl\u00e1dek. Dobr\u00e1 my\u0161lenka m\u011bla jednu trhlinu. Akce nebyla propojena s\u00a0magistr\u00e1tem nebo \u00a0\u00fa\u0159ady m\u011bstsk\u00fdch \u010d\u00e1st\u00ed a tak dobrovoln\u00edci, kte\u0159\u00ed se do \u00faklidu zapojili, nem\u011bli automaticky k\u00a0dispozici kontejnery nebo auto na odvoz odpadu.<\/p>\n<p><!--more--><\/p>\n<p>V\u00a0Kom\u00edn\u011b se do akce zapojilo 11 dobrovoln\u00edk\u016f. Magistr\u00e1tem sl\u00edben\u00fd kontejner p\u0159istaven nakonec nebyl. V\u011bc jsme operativn\u011b \u0159e\u0161ili dohodou s\u00a0\u00fa\u0159adem m\u011bstsk\u00e9 \u010d\u00e1sti tak, \u017ee v\u00a0pytl\u00edch sesb\u00edran\u00fd odpad, bude odvezen. <strong>Na \u00fa\u0159ad byly p\u0159ed\u00e1ny fotografie napln\u011bn\u00fdch pytl\u016f, v\u010detn\u011b p\u0159esn\u00e9ho ozna\u010den\u00ed m\u00edsta, kde jsou p\u0159ipraveny k\u00a0odvozu.<\/strong><\/p>\n<p>P\u0159esto najdete na hranici Kom\u00edna a Kr\u00e1lova Pole m\u00edsto, kde stoj\u00ed napln\u011bn\u00e9 \u010dern\u00e9 pytle a ani Kom\u00edn ani Kr\u00e1lovo Pole s\u00a0nimi v\u00a0pr\u016fb\u011bhu 6 m\u011bs\u00edc\u016f nic neud\u011blalo. Pr\u00e1v\u011b na toto m\u00edsto jsme stahovali ze \u0161irok\u00e9ho okol\u00ed nah\u00e1zen\u00fd odpad. Foto skl\u00e1dky bylo vlo\u017eeno i na web http:\/\/www.zmapujto.cz s\u00a0t\u00edm, \u017ee informace o jej\u00ed existenci se dostane k\u00a0\u00fa\u0159edn\u00edkovi, do jeho\u017e \u00fazemn\u00ed kompetence skl\u00e1dka pat\u0159\u00ed. Ani to nepomohlo.<\/p>\n<p>V\u00a0sou\u010dasn\u00e9 dob\u011b pytle za\u010dal n\u011bkdo vysyp\u00e1vat. M\u011bstsk\u00e9 \u010d\u00e1sti dost\u00e1vaj\u00ed dotace na \u00faklid \u010dern\u00fdch skl\u00e1dek. Jestli\u017ee dobrovoln\u00edci sesb\u00edraj\u00ed ze \u0161irok\u00e9ho okol\u00ed odpad, mnohdy objemn\u00fd a t\u011b\u017ek\u00fd, m\u011bl by \u00fa\u0159ad za tyto dotace zajistit alespo\u0148 jeho odvoz. \u00a0Kr\u00e1tce p\u0159ed zve\u0159ejn\u011bn\u00edm t\u00e9to informace jsem vznesla dotaz na \u00fa\u0159ad M\u010c Brno-Kom\u00edn, kdy bude skl\u00e1dka kone\u010dn\u011b odklizena. Bylo mn\u011b sl\u00edbeno, \u017ee ihned, jakmile p\u0159estane pr\u0161et. U t\u00e9to skl\u00e1dky m\u00e1 ale \u00fa\u0159ad u\u017e p\u016flro\u010dn\u00ed zpo\u017ed\u011bn\u00ed. Organiz\u00e1to\u0159i pl\u00e1nuj\u00ed na duben 2015 stejnou akci. Aby ale m\u011bla smysl, je nezbytn\u00e9 do pl\u00e1nu zahrnout i odvoz odpadu do ekodvor\u016f. Jinak \u010das a pr\u00e1ce dobrovoln\u00edk\u016f bude znehodnocena jako v\u00a0tomto p\u0159\u00edpad\u011b.<\/p>\n<p>Milada Blatn\u00e1<\/p>\n<table border=\"0\" cellspacing=\"0\" cellpadding=\"10\">\n<tbody>\n<tr>\n<td><a href=\"http:\/\/zelenykomin.cz\/wp-content\/uploads\/2014\/10\/Skladka_stav__duben_2014.jpg\"><img decoding=\"async\" src=\"http:\/\/zelenykomin.cz\/wp-content\/uploads\/2014\/10\/Skladka_stav__duben_2014.jpg\" alt=\"Skladka stav duben 2014\" width=\"400\" \/><\/a><\/td>\n<td><a href=\"http:\/\/zelenykomin.cz\/wp-content\/uploads\/2014\/10\/Skladka_stav_sou\u010dasnost.jpg\"><img decoding=\"async\" src=\"http:\/\/zelenykomin.cz\/wp-content\/uploads\/2014\/10\/Skladka_stav_sou\u010dasnost.jpg\" alt=\"Skladka stav sou\u010dasnost\" width=\"400\" \/><\/a><\/td>\n<\/tr>\n<tr>\n<td>Duben 2014<\/td>\n<td>Z\u00e1\u0159\u00ed 2014<\/td>\n<\/tr>\n<\/tbody>\n<\/table>\n","protected":false},"excerpt":{"rendered":"<p>V\u00a0dubnu 2014 prob\u011bhla celorepublikov\u00e1 akce Ukli\u010fme \u010cesko, kter\u00e1 byla nam\u00ed\u0159ena hlavn\u011b na likvidaci \u010dern\u00fdch skl\u00e1dek. Dobr\u00e1 my\u0161lenka m\u011bla jednu trhlinu. Akce nebyla propojena s\u00a0magistr\u00e1tem nebo \u00a0\u00fa\u0159ady m\u011bstsk\u00fdch \u010d\u00e1st\u00ed a tak dobrovoln\u00edci, kte\u0159\u00ed se do \u00faklidu zapojili, nem\u011bli automaticky k\u00a0dispozici kontejnery &hellip; <a href=\"http:\/\/zelenykomin.cz\/?p=564\">Cel\u00fd p\u0159\u00edsp\u011bvek <span class=\"meta-nav\">&rarr;<\/span><\/a><\/p>\n","protected":false},"author":2,"featured_media":566,"comment_status":"open","ping_status":"open","sticky":false,"template":"","format":"standard","meta":{"footnotes":""},"categories":[8],"tags":[],"_links":{"self":[{"href":"http:\/\/zelenykomin.cz\/index.php?rest_route=\/wp\/v2\/posts\/564"}],"collection":[{"href":"http:\/\/zelenykomin.cz\/index.php?rest_route=\/wp\/v2\/posts"}],"about":[{"href":"http:\/\/zelenykomin.cz\/index.php?rest_route=\/wp\/v2\/types\/post"}],"author":[{"embeddable":true,"href":"http:\/\/zelenykomin.cz\/index.php?rest_route=\/wp\/v2\/users\/2"}],"replies":[{"embeddable":true,"href":"http:\/\/zelenykomin.cz\/index.php?rest_route=%2Fwp%2Fv2%2Fcomments&post=564"}],"version-history":[{"count":7,"href":"http:\/\/zelenykomin.cz\/index.php?rest_route=\/wp\/v2\/posts\/564\/revisions"}],"predecessor-version":[{"id":581,"href":"http:\/\/zelenykomin.cz\/index.php?rest_route=\/wp\/v2\/posts\/564\/revisions\/581"}],"wp:featuredmedia":[{"embeddable":true,"href":"http:\/\/zelenykomin.cz\/index.php?rest_route=\/wp\/v2\/media\/566"}],"wp:attachment":[{"href":"http:\/\/zelenykomin.cz\/index.php?rest_route=%2Fwp%2Fv2%2Fmedia&parent=564"}],"wp:term":[{"taxonomy":"category","embeddable":true,"href":"http:\/\/zelenykomin.cz\/index.php?rest_route=%2Fwp%2Fv2%2Fcategories&post=564"},{"taxonomy":"post_tag","embeddable":true,"href":"http:\/\/zelenykomin.cz\/index.php?rest_route=%2Fwp%2Fv2%2Ftags&post=564"}],"curies":[{"name":"wp","href":"https:\/\/api.w.org\/{rel}","templated":true}]}}