{"id":423,"date":"2014-07-11T12:12:32","date_gmt":"2014-07-11T10:12:32","guid":{"rendered":"http:\/\/zelenykomin.cz\/?p=423"},"modified":"2014-11-26T10:27:55","modified_gmt":"2014-11-26T09:27:55","slug":"co-dale-s-rozvojovou-zonou-komin-rezacova-2","status":"publish","type":"post","link":"http:\/\/zelenykomin.cz\/?p=423","title":{"rendered":"Co d\u00e1le s rozvojovou z\u00f3nou Kom\u00edn \u2013 \u0158ez\u00e1\u010dova"},"content":{"rendered":"<p>Aktualizace \u00fazemn\u00edho pl\u00e1nu ukl\u00e1d\u00e1 povinnost zpracovat \u00fazemn\u00ed studii. Ta bude nezbytnou podm\u00ednkou pro dal\u0161\u00ed rozhodov\u00e1n\u00ed, co d\u00e1l s\u00a0t\u00edmto \u00fazem\u00edm.<\/p>\n<p>&nbsp;<\/p>\n<p><!--more--> Podle informace z\u00a0odboru pl\u00e1nov\u00e1n\u00ed by m\u011bla b\u00fdt studie dokon\u010dena do \u010dty\u0159 let.<\/p>\n<p>Jak ale bude toto \u00fazem\u00ed vypadat za dal\u0161\u00ed \u010dty\u0159i roky? V\u00a0\u010dervnu, na kom\u00ednsk\u00e9m zastupitelstvu zazn\u011blo, \u017ee p\u0159ed dvaceti lety bylo rozhodnuto, \u017ee se na b\u00fdval\u00fdch upraven\u00fdch zahr\u00e1dk\u00e1ch za panelov\u00fdmi domy bude stav\u011bt. Ti, kdo takto rozhodli, v\u016fbec nezohlednili fakt, \u017ee \u00fazem\u00ed nem\u00e1 pot\u0159ebn\u00e9 dopravn\u00ed napojen\u00ed. Zahr\u00e1dky postupn\u011b zmizely v\u00a0p\u0159ebujel\u00e9, l\u00e9ta neudr\u017eovan\u00e9 zeleni. U\u017e dnes t\u00e9m\u011b\u0159 zmizelo jejich oplocen\u00ed. Z\u00a0chodn\u00edku jsou vid\u011bt nezakryt\u00e9 j\u00edmky. Na stejn\u00e9m zastupitelstvu padla zm\u00ednka od ob\u010dan\u016f bydl\u00edc\u00edch v bezprost\u0159edn\u00edm okol\u00ed, \u017ee m\u00edsto p\u0159est\u00e1v\u00e1 b\u00fdt bezpe\u010dn\u00e9 a vad\u00ed jim nepo\u0159\u00e1dek na pozemc\u00edch, kter\u00fd je u\u017e tak velk\u00fd, \u017ee naru\u0161uje vzhled t\u00e9to \u010d\u00e1sti Kom\u00edna.<\/p>\n<p>Na zastupitelstvu jsem po\u017e\u00e1dala, aby \u00fa\u0159ad m\u011bstsk\u00e9 \u010d\u00e1sti vyzval vlastn\u00edky k\u00a0\u00faklidu pozemk\u016f.<\/p>\n<p>Vedouc\u00ed v\u0161eobecn\u00e9ho odd\u011blen\u00ed \u00fa\u0159adu, Ing. Dvo\u0159\u00e1k mn\u011b sd\u011blil, \u017ee \u00fa\u0159ad s\u00a0touto situac\u00ed nem\u016f\u017ee nic d\u011blat. Jen\u017ee to nen\u00ed pravda. Z\u00e1kon o obc\u00edch mluv\u00ed jinak. Dokonce ti, jejich\u017e pozemek sv\u00fdm nepo\u0159\u00e1dkem ohro\u017euje okol\u00ed a naru\u0161uje celkov\u00fd vzhled okol\u00ed, mohou b\u00fdt pokutov\u00e1ni vysokou pokutou.\u00a0 Kdy\u017e si \u00fa\u0159ad d\u00e1 chvilku pr\u00e1ci, zjist\u00ed, \u017ee velk\u00e1 skupina parcel pat\u0159\u00ed firm\u011b, kter\u00e1 m\u00e1 v\u00a0p\u0159edm\u011btu podnik\u00e1n\u00ed spr\u00e1vu vlastn\u00edho majetku. A ze z\u00e1kona je povinnost\u00ed ka\u017ed\u00e9ho vlastn\u00edka, starat se o sv\u016fj pozemek a udr\u017eovat jej.<\/p>\n<p>Milada Blatn\u00e1<\/p>\n<p><a href=\"http:\/\/zelenykomin.cz\/wp-content\/uploads\/2014\/07\/\u0158ez\u00e1\u010dov\u00e1.jpg\"><img loading=\"lazy\" decoding=\"async\" class=\"alignnone size-medium wp-image-421\" src=\"http:\/\/zelenykomin.cz\/wp-content\/uploads\/2014\/07\/\u0158ez\u00e1\u010dov\u00e1-300x205.jpg\" alt=\"\u0158ez\u00e1\u010dov\u00e1\" width=\"300\" height=\"205\" srcset=\"http:\/\/zelenykomin.cz\/wp-content\/uploads\/2014\/07\/\u0158ez\u00e1\u010dov\u00e1-300x205.jpg 300w, http:\/\/zelenykomin.cz\/wp-content\/uploads\/2014\/07\/\u0158ez\u00e1\u010dov\u00e1.jpg 666w\" sizes=\"(max-width: 300px) 100vw, 300px\" \/><\/a><\/p>\n","protected":false},"excerpt":{"rendered":"<p>Aktualizace \u00fazemn\u00edho pl\u00e1nu ukl\u00e1d\u00e1 povinnost zpracovat \u00fazemn\u00ed studii. Ta bude nezbytnou podm\u00ednkou pro dal\u0161\u00ed rozhodov\u00e1n\u00ed, co d\u00e1l s\u00a0t\u00edmto \u00fazem\u00edm. &nbsp;<\/p>\n","protected":false},"author":1,"featured_media":421,"comment_status":"open","ping_status":"open","sticky":false,"template":"","format":"standard","meta":{"footnotes":""},"categories":[8,10],"tags":[],"_links":{"self":[{"href":"http:\/\/zelenykomin.cz\/index.php?rest_route=\/wp\/v2\/posts\/423"}],"collection":[{"href":"http:\/\/zelenykomin.cz\/index.php?rest_route=\/wp\/v2\/posts"}],"about":[{"href":"http:\/\/zelenykomin.cz\/index.php?rest_route=\/wp\/v2\/types\/post"}],"author":[{"embeddable":true,"href":"http:\/\/zelenykomin.cz\/index.php?rest_route=\/wp\/v2\/users\/1"}],"replies":[{"embeddable":true,"href":"http:\/\/zelenykomin.cz\/index.php?rest_route=%2Fwp%2Fv2%2Fcomments&post=423"}],"version-history":[{"count":5,"href":"http:\/\/zelenykomin.cz\/index.php?rest_route=\/wp\/v2\/posts\/423\/revisions"}],"predecessor-version":[{"id":445,"href":"http:\/\/zelenykomin.cz\/index.php?rest_route=\/wp\/v2\/posts\/423\/revisions\/445"}],"wp:featuredmedia":[{"embeddable":true,"href":"http:\/\/zelenykomin.cz\/index.php?rest_route=\/wp\/v2\/media\/421"}],"wp:attachment":[{"href":"http:\/\/zelenykomin.cz\/index.php?rest_route=%2Fwp%2Fv2%2Fmedia&parent=423"}],"wp:term":[{"taxonomy":"category","embeddable":true,"href":"http:\/\/zelenykomin.cz\/index.php?rest_route=%2Fwp%2Fv2%2Fcategories&post=423"},{"taxonomy":"post_tag","embeddable":true,"href":"http:\/\/zelenykomin.cz\/index.php?rest_route=%2Fwp%2Fv2%2Ftags&post=423"}],"curies":[{"name":"wp","href":"https:\/\/api.w.org\/{rel}","templated":true}]}}