{"id":332,"date":"2014-01-27T10:05:32","date_gmt":"2014-01-27T09:05:32","guid":{"rendered":"http:\/\/zelenykomin.cz\/?p=332"},"modified":"2014-11-26T10:30:16","modified_gmt":"2014-11-26T09:30:16","slug":"kominske-zastupitelstvo-bude-projednavat-aktualizaci-uzemniho-planu","status":"publish","type":"post","link":"http:\/\/zelenykomin.cz\/?p=332","title":{"rendered":"Kom\u00ednsk\u00e9 zastupitelstvo bude projedn\u00e1vat Aktualizaci \u00fazemn\u00edho pl\u00e1nu"},"content":{"rendered":"<p style=\"text-align: left;\" align=\"center\">[p\u0159\u00edsp\u011bvek z 27. 01. 2014, \u00a0Milada Blatn\u00e1]<\/p>\n<p style=\"text-align: left;\" align=\"center\"><b style=\"font-size: 0.95em; line-height: 1.6em;\">Ve st\u0159edu 29. 1. 2014 od 17.00 na Radnici m\u011bstsk\u00e9 \u010d\u00e1sti Brno-Kom\u00edn.<\/b><b>\u00a0<\/b><\/p>\n<p style=\"text-align: left;\" align=\"center\">\n<p style=\"text-align: left;\" align=\"center\"><!--more--><\/p>\n<p>\u00dazemn\u00ed pl\u00e1n m\u011bsta Brna byl schv\u00e1len v\u00a0roce 1994. Plat\u00ed tedy 20 let a po t\u00e9to dob\u011b p\u0159ipravil po\u0159izovatel, m\u011bsto Brno, prost\u0159ednictv\u00edm Odboru \u00fazemn\u00edho pl\u00e1nov\u00e1n\u00ed m\u011bsta Brna (OUPR), jeho ofici\u00e1ln\u00ed aktualizaci.<\/p>\n<p><b>Jak\u00e9 konkr\u00e9tn\u00ed zm\u011bny pl\u00e1nuje tato aktualizace do \u00fazem\u00ed m\u011bstsk\u00e9 \u010d\u00e1sti Kom\u00edn?<br \/>\nPodrobn\u00e9 informace by n\u00e1m m\u011bly b\u00fdt sd\u011bleny veden\u00edm m\u011bstsk\u00e9 \u010d\u00e1sti na jedn\u00e1n\u00ed zastupitelstva ji\u017e tuto st\u0159edu. <\/b><\/p>\n<p>Program jedn\u00e1n\u00ed \u2013 viz d\u00e1le.<\/p>\n<p>S\u00a0n\u00e1vrhem Aktualizace \u00daP se m\u016f\u017ee ka\u017ed\u00fd ob\u010dan sezn\u00e1mit i na str\u00e1nk\u00e1ch <a href=\"http:\/\/www.brno.cz\/sprava-mesta\/magistrat-mesta-brna\/usek-rozvoje-mesta\/odbor-uzemniho-planovani-a-rozvoje\/dokumenty\/upmb\/aktualizace-uzemniho-planu-mesta-brna\/aktualizace-uvodni-stranka\/\">http:\/\/www.brno.cz\/sprava-mesta\/magistrat-mesta-brna\/usek-rozvoje-mesta\/odbor-uzemniho-planovani-a-rozvoje\/dokumenty\/upmb\/aktualizace-uzemniho-planu-mesta-brna\/aktualizace-uvodni-stranka\/<\/a>. Pro b\u011b\u017en\u00e9ho ob\u010dana to ale nen\u00ed jednoduch\u00e9 studium. I to je d\u016fvod, pro\u010d se \u00fa\u010dastnit st\u0159ede\u010dn\u00edho jedn\u00e1n\u00ed zastupitelstva.<\/p>\n<p>Dne 4. \u00fanora 2014 prob\u011bhne v\u00a0zastupitelsk\u00e9m s\u00e1le Magistr\u00e1tu m\u011bsta Brna ve\u0159ejn\u00e9 projedn\u00e1v\u00e1n\u00ed Aktualizace \u00fazemn\u00edho pl\u00e1nu,<\/p>\n<p>Do 11. \u00fanora 2014 v\u010detn\u011b p\u0159ij\u00edm\u00e1 Magistr\u00e1t m\u011bsta Brna p\u0159ipom\u00ednky ve\u0159ejnosti.<\/p>\n<p>Pokud V\u00e1s zaj\u00edmaj\u00ed p\u0159ipom\u00ednky a n\u00e1mitky ob\u010dan\u016f, neziskov\u00fdch organizac\u00ed a spolk\u016f, nav\u0161tivte \u00a0str\u00e1nky\u00a0 <a href=\"http:\/\/www.mampripominky.cz\/\">www.mampripominky.cz<\/a><\/p>\n<p><b>N\u011bkter\u00e9 navrhovan\u00e9 zm\u011bny v\u00a0Kom\u00edn\u011b:<\/b><\/p>\n<p><b><i>Ulice Kroftova, \u0160tursova<\/i><\/b>\u00a0 (\u0159e\u0161en\u00ed k\u0159i\u017eovatky)\u00a0&#8211; zm\u011bna plochy zelen\u011b na plochu komunikace a prostranstv\u00ed m\u00edstn\u00edho v\u00fdznamu;<\/p>\n<p><b><i>Ulice V\u00fdholec<\/i><\/b> (u lesa) zm\u011bna zem\u011bd\u011blsk\u00e9ho p\u016fdn\u00edho fondu\u00a0 na ploch BR &#8211; bydlen\u00ed v rodinn\u00fdch domech a a komunikaci a prostranstv\u00ed m\u00edstn\u00edho v\u00fdznamu;<\/p>\n<p><b><i>Ulice Hlavn\u00ed<\/i><\/b> (u kruhov\u00e9ho objezdu)\u00a0 &#8211; zm\u011bna funk\u010dn\u00ed plochy zelen\u011b na n\u00e1vrhovou plochu CO &#8211; obchod a slu\u017eby;<\/p>\n<p><b><i>Ulice \u00a0Vav\u0159ineck\u00e1<\/i><\/b> (Farsk\u00e1 zahrada) &#8211; zm\u011bna plochy bydlen\u00ed na n\u00e1vrhovou plochu Z &#8211; m\u011bstsk\u00e1 zele\u0148;<\/p>\n<p><b><i>Ulice Jundrovsk\u00e1<\/i><\/b> (roz\u0161\u00ed\u0159en\u00ed UNIS) &#8211; schv\u00e1len\u00ed n\u00e1vrhov\u00e9 plochy rekreace a dopravy na n\u00e1vrhovou plochu\u00a0 CO &#8211; obchod a slu\u017eby.<\/p>\n<p>Co se t\u00fd\u010de navrhovan\u00e9 zm\u011bny \u2013 <b>ulice Hlavn\u00ed<\/b>, historicky byla na tomto m\u00edst\u011b pl\u00e1nov\u00e1na stavba benzinky. Aby se t\u00e9to stavb\u011b zabr\u00e1nilo, byla zde navr\u017eena zele\u0148, co\u017e se pozd\u011bji v\u00a0obdob\u00ed 2006 \u2013 2010 zm\u011bnilo op\u011bt na n\u00e1vrh plochy CO (obchod a slu\u017eby) s\u00a0polyfunk\u010dn\u00edm domem. Informace, jak by m\u011bl tento d\u016fm vypadat a jak by m\u011bl b\u00fdt dopravn\u011b napojen, nebyla zastupitel\u016fm zat\u00edm dod\u00e1na p\u0159esto, \u017ee n\u00e1vrh zm\u011bny je ji\u017e zakomponov\u00e1n do n\u00e1vrhu Aktualizace \u2026 V\u00a0sou\u010dasn\u00e9 dob\u011b se stav\u00ed v\u00a0dan\u00e9 lokalit\u011b tak\u00e9 bytov\u00fd d\u016fm Meandr.<\/p>\n<p>Naopak v\u00a0n\u00e1vrhu Aktualizace \u2026. <b>chyb\u00ed dopravn\u00ed napojen\u00ed ke stavebn\u00edm parcel\u00e1m na ulici \u0158ez\u00e1\u010dova<\/b>, kter\u00e9 se dlouhodob\u011b projedn\u00e1v\u00e1. P\u0159itom existuje shoda ob\u010dan\u016f a obce, ofici\u00e1ln\u011b p\u0159edan\u00e1 kompetentn\u00edm org\u00e1n\u016fm m\u011bsta Brna, ve kter\u00e9 se uv\u00e1d\u00ed, \u017ee by tato komunikace m\u011bla v\u00e9st kolem h\u0159bitova. M\u00edsto rychl\u00e9ho \u0159e\u0161en\u00ed prost\u0159ednictv\u00edm Aktualizace \u2026si \u00fa\u0159ad objedn\u00e1v\u00e1 dal\u0161\u00ed studie a ob\u010dan\u00e9 bydl\u00edc\u00ed v\u00a0dan\u00e9 lokalit\u011b z\u016fst\u00e1vaj\u00ed v\u00a0nejistot\u011b, kudy nakonec bude veden\u00ed komunikace po\u0159izovatelem napl\u00e1nov\u00e1no.<\/p>\n<p align=\"left\"><span style=\"color: #ff0000;\"><strong><i>Ofici\u00e1ln\u00ed program jedn\u00e1n\u00ed a n\u00e1vrhy usnesen\u00ed \u00a0usnesen\u00ed 196. zased\u00e1n\u00ed Zastupitelstva M\u010c Brno\u2013Kom\u00edn, kter\u00e9 se kon\u00e1 ve st\u0159edu <span style=\"text-decoration: underline;\">29.1.2014 od 17.00 hodin<\/span> na Radnici M\u010c Brno-Kom\u00edn, Vav\u0159ineck\u00e1 15:<\/i><\/strong><\/span><\/p>\n<p><b><span style=\"text-decoration: underline;\">Navr\u017een\u00fd program zased\u00e1n\u00ed ZM\u010c Brno-Kom\u00edn (Radou M\u010c Brno-Kom\u00edn \u010d. 1\/2014):<\/span><\/b><\/p>\n<p>1.\u00a0 Technick\u00e9 body zased\u00e1n\u00ed ZM\u010c Brno-Kom\u00edn.<\/p>\n<p>2.\u00a0 Vyv\u011b\u0161en\u00ed Tibetsk\u00e9 vlajky dne 10.3.2014.<\/p>\n<p>3.\u00a0 Vyj\u00e1d\u0159en\u00ed M\u010c Brno-Kom\u00edn k\u00a0n\u00e1vrhu na zm\u011bnu \u00daPmB &#8211; pozemky p.\u010d. 5935, 5936 a 5938, k.\u00fa. Kom\u00edn.<\/p>\n<p>4.\u00a0 Vyj\u00e1d\u0159en\u00ed M\u010c Brno-Kom\u00edn k\u00a0n\u00e1vrhu na zm\u011bnu \u00daPmB &#8211; pozemky p. \u010d. 5331 a 5332, k.\u00fa. Kom\u00edn.<\/p>\n<p>5.\u00a0 P\u0159ipom\u00ednky M\u010c Brno-Kom\u00edn k \u201eAktualizaci \u00dazemn\u00edho pl\u00e1nu m\u011bsta Brna\u201c.<\/p>\n<p>6. Schv\u00e1len\u00ed v\u00fd\u0161e m\u011bs\u00ed\u010dn\u00edch odm\u011bn neuvoln\u011bn\u00fdm \u010dlen\u016fm Zastupitelstva M\u010c Brno-Kom\u00edn s\u00a0\u00fa\u010dinnost\u00ed od 1.1.2014.<\/p>\n<p>7.\u00a0 Rozpo\u010dtov\u00e9 opat\u0159en\u00ed \u010d. 10\/2013.<\/p>\n<p>(7a. Rozpo\u010dtov\u00e9 opat\u0159en\u00ed \u010d. 1\/2014 \u2013 dopln\u011bno dodate\u010dn\u011b).<\/p>\n<p>8.\u00a0 Z\u0160 a M\u0160 Brno, Pastviny 70, p.o. \u2013 dotace na provoz Centra pro sport a voln\u00fd \u010das.<\/p>\n<p>9.\u00a0 Finan\u010dn\u00ed a Kontroln\u00ed v\u00fdbor ZM\u010c Brno-Kom\u00edn.<\/p>\n<p>10. Jmenov\u00e1n\u00ed tajemn\u00edka Kontroln\u00edho v\u00fdboru ZM\u010c Brno-Kom\u00edn.<\/p>\n<p>11. Dotazy, p\u0159ipom\u00ednky, podn\u011bty zastupitel\u016f M\u010c Brno-Kom\u00edn.<\/p>\n<p>Hlasov\u00e1n\u00ed:\u00a0 pro &#8211; 0,\u00a0 proti &#8211; 0,\u00a0 zdr\u017eel se \u2013 0<\/p>\n<p><b><span style=\"text-decoration: underline;\">Bod \u010d. 2 <i>\u2013<\/i> Vyv\u011b\u0161en\u00ed Tibetsk\u00e9 vlajky dne 10.3.2014.<\/span><\/b><\/p>\n<p>Dne 10.3.2014 si p\u0159ipomeneme 55. v\u00fdro\u010d\u00ed povst\u00e1n\u00ed Tibe\u0165an\u016f proti \u010d\u00ednsk\u00e9 okupaci ve Lhase, p\u0159i kter\u00e9 zem\u0159elo na 80.000 Tibe\u0165an\u016f. \u010cesk\u00e1 republika se od roku 1996 pravideln\u011b p\u0159ipojuje k\u00a0akci \u201eVlajka pro Tibet\u201c. V\u00a0Kom\u00edn\u011b pravideln\u011b 10.3. ka\u017ed\u00fd rok vyv\u011b\u0161ujeme Tibetskou vlajku.<\/p>\n<p><span style=\"text-decoration: underline;\">RM\u010c B-K \u010d. 1\/2014:<\/span> RM\u010c Brno-Kom\u00edn <span style=\"text-decoration: underline;\">doporu\u010duje ZM\u010c Brno-Kom\u00edn<\/span> schv\u00e1lit vyv\u011b\u0161en\u00ed Tibetsk\u00e9 vlajky dne 10.3.2014 p\u0159ed budovou Radnice M\u010c Brno-Kom\u00edn, Vav\u0159ineck\u00e1 15.<b><i><\/i><\/b><\/p>\n<p><b><i><span style=\"text-decoration: underline;\">N\u00e1vrh usnesen\u00ed:<\/span><\/i><\/b><b><i> ZM\u010c Brno-Kom\u00edn schvaluje vyv\u011b\u0161en\u00ed Tibetsk\u00e9 vlajky dne 10.3.2014 p\u0159ed budovou Radnice M\u010c Brno-Kom\u00edn, Vav\u0159ineck\u00e1 15.<\/i><\/b><\/p>\n<p>Hlasov\u00e1n\u00ed:\u00a0 pro &#8211; 0,\u00a0 proti &#8211; 0,\u00a0 zdr\u017eel se \u2013 0<b><span style=\"text-decoration: underline;\">\u00a0<\/span><\/b><\/p>\n<p><b><span style=\"text-decoration: underline;\">Bod \u010d. 3 \u2013<i> <\/i>Vyj\u00e1d\u0159en\u00ed M\u010c Brno-Kom\u00edn k\u00a0n\u00e1vrhu na zm\u011bnu \u00daPmB &#8211; pozemky p.\u010d. 5935, 5936 a 5938, k.\u00fa. Kom\u00edn.<\/span><\/b><\/p>\n<p>M\u011bstsk\u00e9 \u010d\u00e1sti B-K byl postoupen Magistr\u00e1tem m\u011bsta Brna, Odborem \u00fazemn\u00edho pl\u00e1nov\u00e1n\u00ed a rozvoje, k\u00a0projedn\u00e1n\u00ed a k\u00a0vyj\u00e1d\u0159en\u00ed n\u00e1vrh na zm\u011bnu \u00dazemn\u00edho pl\u00e1nu m\u011bsta Brna. N\u00e1vrh se t\u00fdk\u00e1 pozemk\u016f p.\u010d. 5935, 5936 a 5938, k.\u00fa. Kom\u00edn, kter\u00e9 se nach\u00e1zej\u00ed v\u00a0poli nad ulic\u00ed \u0158ez\u00e1\u010dovou, vpravo od cesty, navazuj\u00edc\u00ed nad kone\u010dnou trolejbusu, a spo\u010d\u00edv\u00e1 ve zm\u011bn\u011b funk\u010dn\u00edho ur\u010den\u00ed t\u011bchto pozemk\u016f ze zem\u011bd\u011blsk\u00e9ho p\u016fdn\u00edho fondu na plochy na bydlen\u00ed.<\/p>\n<p>N\u00e1vrh byl projedn\u00e1n v Komisi stavebn\u00ed, dopravy a pro \u00fazemn\u00ed rozvoj a pl\u00e1nov\u00e1n\u00ed RM\u010c Brno\u2013Kom\u00edn na jej\u00edm zased\u00e1n\u00ed dne 7.10.2013 pod bodem \u010d. 2. a).<\/p>\n<p>V\u00a0kontextu d\u0159\u00edv\u011bj\u0161\u00edch vyj\u00e1d\u0159en\u00ed <span style=\"text-decoration: underline;\">komise nesouhlas\u00ed a nedoporu\u010duje org\u00e1n\u016fm obce schv\u00e1lit n\u00e1vrh na zm\u011bnu.<\/span><\/p>\n<p><span style=\"text-decoration: underline;\">RM\u010c B-K \u010d. 1\/2014:<\/span> RM\u010c B-K <span style=\"text-decoration: underline;\">doporu\u010duje ZM\u010c Brno-Kom\u00edn<\/span> neschv\u00e1lit n\u00e1vrh na zm\u011bnu \u00dazemn\u00edho pl\u00e1nu m\u011bsta Brna, kter\u00fd se t\u00fdk\u00e1 pozemk\u016f p.\u010d. 5935, 5936 a 5938, k.\u00fa. Kom\u00edn, nach\u00e1zej\u00edc\u00edch se v\u00a0poli nad ulic\u00ed \u0158ez\u00e1\u010dovou, vpravo od cesty, navazuj\u00edc\u00ed nad kone\u010dnou trolejbusu, a spo\u010d\u00edv\u00e1 ve zm\u011bn\u011b funk\u010dn\u00edho ur\u010den\u00ed t\u011bchto pozemk\u016f ze zem\u011bd\u011blsk\u00e9ho p\u016fdn\u00edho fondu na plochy na bydlen\u00ed.<b><i><\/i><\/b><\/p>\n<p><b><i><span style=\"text-decoration: underline;\">N\u00e1vrh usnesen\u00ed:<\/span><\/i><\/b><b><i> ZM\u010c Brno-Kom\u00edn neschvaluje n\u00e1vrh na zm\u011bnu \u00dazemn\u00edho pl\u00e1nu m\u011bsta Brna, kter\u00fd se t\u00fdk\u00e1 pozemk\u016f p.\u010d. 5935, 5936 a 5938, k.\u00fa. Kom\u00edn, nach\u00e1zej\u00edc\u00edch se v\u00a0poli nad ulic\u00ed \u0158ez\u00e1\u010dovou, vpravo od cesty, navazuj\u00edc\u00ed nad kone\u010dnou trolejbusu, a spo\u010d\u00edv\u00e1 ve zm\u011bn\u011b funk\u010dn\u00edho ur\u010den\u00ed t\u011bchto pozemk\u016f ze zem\u011bd\u011blsk\u00e9ho p\u016fdn\u00edho fondu na plochy na bydlen\u00ed.<\/i><\/b><\/p>\n<p>Hlasov\u00e1n\u00ed:\u00a0 pro &#8211; 0,\u00a0 proti &#8211; 0,\u00a0 zdr\u017eel se \u2013 0<b><span style=\"text-decoration: underline;\">\u00a0<\/span><\/b><\/p>\n<p><b><span style=\"text-decoration: underline;\">Bod \u010d. 4<i> \u2013<\/i> Vyj\u00e1d\u0159en\u00ed M\u010c Brno-Kom\u00edn k\u00a0n\u00e1vrhu na zm\u011bnu \u00daPmB &#8211; pozemky p. \u010d. 5331 a 5332, k.\u00fa. Kom\u00edn.<\/span><\/b><\/p>\n<p>M\u011bstsk\u00e9 \u010d\u00e1sti B-K byl postoupen Magistr\u00e1tem m\u011bsta Brna, Odborem \u00fazemn\u00edho pl\u00e1nov\u00e1n\u00ed a rozvoje, k\u00a0projedn\u00e1n\u00ed a k\u00a0vyj\u00e1d\u0159en\u00ed n\u00e1vrh na zm\u011bnu \u00dazemn\u00edho pl\u00e1nu m\u011bsta Brna. N\u00e1vrh se t\u00fdk\u00e1 pozemk\u016f p.\u010d. 5331 a 5332, k.\u00fa. Kom\u00edn, kter\u00e9 se nach\u00e1zej\u00ed v\u00a0t\u011bsn\u00e9m sousedstv\u00ed zahr\u00e1dek pod Hlubo\u010dkem, a spo\u010d\u00edv\u00e1 ve zm\u011bn\u011b funk\u010dn\u00edho ur\u010den\u00ed t\u011bchto pozemk\u016f ze zem\u011bd\u011blsk\u00e9ho p\u016fdn\u00edho fondu (ZPF) na plochy ZPF s\u00a0funkc\u00ed pro individu\u00e1ln\u00ed rekreaci.<\/p>\n<p>N\u00e1vrh byl projedn\u00e1n v Komisi stavebn\u00ed, dopravy a pro \u00fazemn\u00ed rozvoj a pl\u00e1nov\u00e1n\u00ed RM\u010c Brno\u2013Kom\u00edn na jej\u00edm zased\u00e1n\u00ed dne 7.10.2013 pod bodem \u010d. 2. b).<\/p>\n<p><span style=\"text-decoration: underline;\">Komise s\u00a0n\u00e1vrhem na zm\u011bnu souhlas\u00ed a doporu\u010duje org\u00e1n\u016fm obce tento n\u00e1vrh na zm\u011bnu schv\u00e1lit.<\/span><\/p>\n<p><span style=\"text-decoration: underline;\">RM\u010c B-K \u010d. 1\/2014:<\/span> RM\u010c B-K <span style=\"text-decoration: underline;\">doporu\u010duje ZM\u010c Brno-Kom\u00edn<\/span> schv\u00e1lit n\u00e1vrh na zm\u011bnu \u00dazemn\u00edho pl\u00e1nu m\u011bsta Brna, kter\u00fd se t\u00fdk\u00e1 pozemk\u016f p.\u010d. 5331 a 5332, k.\u00fa. Kom\u00edn, nach\u00e1zej\u00edc\u00edch se v\u00a0t\u011bsn\u00e9m sousedstv\u00ed zahr\u00e1dek pod Hlubo\u010dkem, a spo\u010d\u00edv\u00e1 ve zm\u011bn\u011b funk\u010dn\u00edho ur\u010den\u00ed t\u011bchto pozemk\u016f ze zem\u011bd\u011blsk\u00e9ho p\u016fdn\u00edho fondu na plochy ZPF s\u00a0funkc\u00ed pro individu\u00e1ln\u00ed rekreaci.<b><i><\/i><\/b><\/p>\n<p><b><i><span style=\"text-decoration: underline;\">N\u00e1vrh usnesen\u00ed:<\/span><\/i><\/b><b><i> ZM\u010c Brno-Kom\u00edn schvaluje n\u00e1vrh na zm\u011bnu \u00dazemn\u00edho pl\u00e1nu m\u011bsta Brna, kter\u00fd se t\u00fdk\u00e1 pozemk\u016f p.\u010d. 5331 a 5332, k.\u00fa. Kom\u00edn, nach\u00e1zej\u00edc\u00edch se v\u00a0t\u011bsn\u00e9m sousedstv\u00ed zahr\u00e1dek pod Hlubo\u010dkem, a spo\u010d\u00edv\u00e1 ve zm\u011bn\u011b funk\u010dn\u00edho ur\u010den\u00ed t\u011bchto pozemk\u016f ze zem\u011bd\u011blsk\u00e9ho p\u016fdn\u00edho fondu na plochy ZPF s\u00a0funkc\u00ed pro individu\u00e1ln\u00ed rekreaci.<\/i><\/b><\/p>\n<p>Hlasov\u00e1n\u00ed:\u00a0 pro &#8211; 0,\u00a0 proti &#8211; 0,\u00a0 zdr\u017eel se \u2013 0<b><span style=\"text-decoration: underline;\">\u00a0<\/span><\/b><\/p>\n<p><b><span style=\"text-decoration: underline;\">Bod \u010d. 5 \u2013 P\u0159ipom\u00ednky M\u010c Brno-Kom\u00edn k \u201eAktualizaci \u00dazemn\u00edho pl\u00e1nu m\u011bsta Brna\u201c.<\/span><\/b><\/p>\n<p>M\u011bstsk\u00e1 \u010d\u00e1st Brno-Kom\u00edn byla z\u00a0\u00farovn\u011b Statut\u00e1rn\u00edho m\u011bsta Brna informov\u00e1na o projedn\u00e1v\u00e1n\u00ed aktualizace \u00fazemn\u00edho pl\u00e1nu v\u011bt\u0161\u00edho rozsahu a d\u016fle\u017eit\u00fdch term\u00ednech v\u00a0tomto procesu, zejm\u00e9na o term\u00ednech vystaven\u00ed (2.2.2014 \u2013 11.2.2014), projedn\u00e1n\u00ed s\u00a0odborn\u00fdm v\u00fdkladem (4.2.2014) a term\u00ednu mo\u017enosti uplatn\u011bn\u00ed p\u0159ipom\u00ednek a n\u00e1mitek (\u00a0\u00a0\u00a0\u00a0\u00a0\u00a0\u00a0\u00a0\u00a0\u00a0\u00a0\u00a0\u00a0\u00a0\u00a0\u00a0\u00a0\u00a0\u00a0\u00a0\u00a0\u00a0\u00a0 11.2.2014). Dne 14.1.2014 se na MMB O\u00daPR na po\u017eadavky m\u011bstsk\u00fdch \u010d\u00e1st\u00ed konala prezentace zm\u011bn v\u00a0\u00daPmB s\u00a0odborn\u00fdm v\u00fdkladem pro z\u00e1stupce M\u010c. Z\u00e1stupci M\u010c Brno-Kom\u00edn se tohoto v\u00fdkladu z\u00fa\u010dastnili.<\/p>\n<p>Zm\u011bny, t\u00fdkaj\u00edc\u00ed se m\u011bstsk\u00e9 \u010d\u00e1sti Brno-Kom\u00edn, byly projedn\u00e1ny v Komisi stavebn\u00ed, dopravy a pro \u00fazemn\u00ed rozvoj a pl\u00e1nov\u00e1n\u00ed RM\u010c Brno\u2013Kom\u00edn na jej\u00edm zased\u00e1n\u00ed dne 2.12.2013 a podrobn\u011bji dne 13.1.2014 pod bodem \u010d. 1. Komise formulovala jednotliv\u00e9 p\u0159ipom\u00ednky k\u00a0aktualizaci \u00fazemn\u00edho pl\u00e1nu.<b><i><\/i><\/b><\/p>\n<p><b><i><span style=\"text-decoration: underline;\">N\u00e1vrh usnesen\u00ed:<\/span><\/i><\/b><b><i> ZM\u010c Brno-Kom\u00edn schvaluje tyto p\u0159ipom\u00ednky k\u00a0n\u00e1vrhu zm\u011bn \u00dazemn\u00edho pl\u00e1nu m\u011bsta Brna:<\/i><\/b><\/p>\n<p><b><i>a)<\/i><\/b><b><i>plochy pro bydlen\u00ed \u2013 M\u010c po\u017eaduje za\u0159azen\u00ed v\u0161ech ploch pro bydlen\u00ed do funk\u010dn\u00edho typu BK (bydlen\u00ed kombinovan\u00e9) a to pro stabilizovan\u00e9 plochy;<\/i><\/b><\/p>\n<p><b><i>b)<\/i><\/b><b><i>n\u00e1vrhov\u00e9 plochy pod\u00e9l ulice Uhl\u00ed\u0159ovy &#8211; M\u010c po\u017eaduje zm\u011bnu z BR na BK;<\/i><\/b><\/p>\n<p><b><i>c)<\/i><\/b><b><i>plochy v\u00a0lomu p\u0159i ulici Bystrck\u00e9 &#8211; M\u010c po\u017eaduje zm\u011bnu na z\u00a0BR na BB;<\/i><\/b><\/p>\n<p><b><i>d)<\/i><\/b><b><i>st\u00e1vaj\u00edc\u00ed are\u00e1ly ob\u010dansk\u00e9ho vybaven\u00ed v k.\u00fa. Kom\u00edn (nap\u0159. Z\u0160 Pastviny, Obecn\u00ed \u00fa\u0159ad M\u010c Kom\u00edn na ul. Vav\u0159ineck\u00e9, U\u010dili\u0161t\u011b spoj\u016f, M\u0160 \u0158ez\u00e1\u010dova) &#8211; M\u010c po\u017eaduje za\u0159azen\u00ed do ploch ob\u010dansk\u00e9ho vybaven\u00ed nebo jin\u00fdch funk\u010dn\u00edch ploch, kter\u00e9 tato za\u0159\u00edzen\u00ed p\u0159ipou\u0161t\u011bj\u00ed (dle aktu\u00e1ln\u00ed verze &#8222;aktualizace&#8220; jsou tyto are\u00e1ly za\u0159azeny do ploch dopravn\u00ed infrastruktury D (komunikace a prostranstv\u00ed m\u00edstn\u00edho v\u00fdznamu &#8211; DA); <\/i><\/b><\/p>\n<p><b><i>e)<\/i><\/b><b><i>plocha v\u00fdchodn\u011b za h\u0159bitovem \u2013 M\u010c po\u017eaduje neprov\u00e1d\u011bt zm\u011bnu na zele\u0148 krajinnou K, ponechat jako m\u011bstskou zele\u0148 Z;<\/i><\/b><\/p>\n<p><b><i>f)<\/i><\/b><b><i>plocha ji\u017en\u011b od h\u0159bitova \u2013 M\u010c po\u017eaduje ponechat celou plochu jako plochu pro bydlen\u00ed B;<\/i><\/b><\/p>\n<p><b><i>g)<\/i><\/b><b><i>n\u00e1vrhov\u00e1 plocha pro bydlen\u00ed p\u0159i ulici Uhl\u00ed\u0159ov\u011b &#8211; M\u010c po\u017eaduje zahrnout do seznamu lokalit, kde bude povinn\u00e9 zpracov\u00e1n\u00ed \u00fazemn\u00ed studie; <\/i><\/b><\/p>\n<p><b><i>h)<\/i><\/b><b><i>n\u00e1vrhov\u00e1 plocha CO severoz\u00e1padn\u011b p\u0159i rondelu na k\u0159i\u017eovatce Hlavn\u00ed x \u0160tursova x Absolonova x Vesla\u0159sk\u00e1 &#8211; M\u010c po\u017eaduje zahrnout do seznamu lokalit, kde bude povinn\u00e9 zpracov\u00e1n\u00ed \u00fazemn\u00ed studie; <\/i><\/b><\/p>\n<p>i)<b><i>lokalita Kom\u00ednsk\u00e1 luka &#8211;\u00a0 M\u010c po\u017eaduje zm\u011bnu funk\u010dn\u00edho vyu\u017eit\u00ed z\u00a0plochy Z\u00a0a CV na CS a dopln\u011bn\u00ed plochy CS mezi komunikac\u00ed Kn\u00edni\u010dskou a dopravn\u00edm napojen\u00edm Kom\u00ednsk\u00fdch luk novou komunikaci z\u00a0ulice Vesla\u0159sk\u00e9.<\/i><\/b><\/p>\n<p>Hlasov\u00e1n\u00ed:\u00a0 pro &#8211; 0,\u00a0 proti &#8211; 0,\u00a0 zdr\u017eel se \u2013 0<b><span style=\"text-decoration: underline;\">\u00a0<\/span><\/b><\/p>\n<p><b><span style=\"text-decoration: underline;\">Bod \u010d. 6 &#8211; Schv\u00e1len\u00ed v\u00fd\u0161e m\u011bs\u00ed\u010dn\u00edch odm\u011bn neuvoln\u011bn\u00fdm \u010dlen\u016fm Zastupitelstva M\u010c Brno-Kom\u00edn s\u00a0\u00fa\u010dinnost\u00ed od 1.1.2014.<\/span><\/b><\/p>\n<p>V\u00fd\u0161e m\u011bs\u00ed\u010dn\u00edch odm\u011bn je v\u00a0souladu s na\u0159\u00edzen\u00edm vl\u00e1dy \u010d. 459\/2013 Sb., kter\u00fdm se m\u011bn\u00ed na\u0159\u00edzen\u00ed vl\u00e1dy \u010d. 37\/2003 Sb., o odm\u011bn\u00e1ch za v\u00fdkon funkce \u010dlen\u016fm zastupitelstev, ve zn\u011bn\u00ed pozd\u011bj\u0161\u00edch p\u0159edpis\u016f. Od 1.1.2014 se m\u011bs\u00ed\u010dn\u00ed odm\u011bny \u010dlen\u016f zastupitelstev zvy\u0161uj\u00ed o 5,25 %.<b><i><\/i><\/b><\/p>\n<p><b><i><span style=\"text-decoration: underline;\">N\u00e1vrh usnesen\u00ed:<\/span><\/i><\/b><b><i> ZM\u010c Brno-Kom\u00edn schvaluje v\u00fd\u0161i m\u011bs\u00ed\u010dn\u00edch odm\u011bn neuvoln\u011bn\u00fdm \u010dlen\u016fm Zastupitelstva M\u010c Brno-Kom\u00edn v\u00a0souladu s\u00a0na\u0159\u00edzen\u00edm vl\u00e1dy \u010d. 459\/2013 Sb., kter\u00fdm se m\u011bn\u00ed na\u0159\u00edzen\u00ed vl\u00e1dy \u010d. 37\/2003 Sb., o odm\u011bn\u00e1ch za v\u00fdkon funkce \u010dlen\u016fm zastupitelstev, ve zn\u011bn\u00ed pozd\u011bj\u0161\u00edch p\u0159edpis\u016f, kter\u00e9 jsou p\u0159\u00edlohou \u010d. 1 z\u00e1pisu, a to ve v\u00fd\u0161i 41.870,- K\u010d\/15 neuvoln\u011bn\u00fdch zastupitel\u016f M\u010c Brno-Kom\u00edn\/m\u011bs\u00edc, s\u00a0\u00fa\u010dinnost\u00ed od 1.1.2014.<\/i><\/b><\/p>\n<p>Hlasov\u00e1n\u00ed:\u00a0 pro &#8211; 0,\u00a0 proti &#8211; 0,\u00a0 zdr\u017eel se \u2013 0<b><span style=\"text-decoration: underline;\">\u00a0<\/span><\/b><\/p>\n<p><b><span style=\"text-decoration: underline;\">Bod \u010d. 7 \u2013 Rozpo\u010dtov\u00e9 opat\u0159en\u00ed \u010d. 10\/2013.<\/span><\/b><\/p>\n<p>Rozpo\u010dtov\u00e9 opat\u0159en\u00ed \u010d. 10\/2013 &#8211; prov\u00e1d\u00ed p\u0159\u00edjem \u00fa\u010delov\u00fdch dota\u010dn\u00edch prost\u0159edk\u016f z\u00a0Jihomoravsk\u00e9ho kraje na po\u017e\u00e1rn\u00ed ochranu \u2013 Jednotku sboru dobrovoln\u00fdch hasi\u010d\u016f a \u00fa\u010delov\u00fdch dota\u010dn\u00edch prost\u0159edk\u016f na pracovn\u00edky ve\u0159ejn\u011b prosp\u011b\u0161n\u00fdch prac\u00ed, v\u010detn\u011b rozpisu \u00fa\u010delov\u00fdch dotac\u00ed ve v\u00fddajov\u00e9 stran\u011b. D\u00e1le se jedn\u00e1 o \u00fapravy rozpo\u010dtu podle pln\u011bn\u00ed a \u010derp\u00e1n\u00ed.<\/p>\n<p><span style=\"text-decoration: underline;\">RM\u010c B-K \u010d. 1\/2014:<\/span> RM\u010c B-K schvaluje Rozpo\u010dtov\u00e9 opat\u0159en\u00ed \u010d. 10\/2013, kter\u00e9 je p\u0159\u00edlohou \u010d. 7 z\u00e1pisu, a <span style=\"text-decoration: underline;\">doporu\u010duje ZM\u010c Brno-Kom\u00edn<\/span> schv\u00e1lit toto Rozpo\u010dtov\u00e9 opat\u0159en\u00ed \u010d. 10\/2013.<\/p>\n<p><span style=\"text-decoration: underline;\">FV ZM\u010c B-K \u010d. 1\/2014:<\/span> FV ZM\u010c B-K <span style=\"text-decoration: underline;\">doporu\u010duje ZM\u010c B-K<\/span> schv\u00e1lit RO \u010d. 10\/2013.<b><i><\/i><\/b><\/p>\n<p><b><i><span style=\"text-decoration: underline;\">N\u00e1vrh usnesen\u00ed:<\/span><\/i><\/b><b><i> ZM\u010c Brno-Kom\u00edn schvaluje Rozpo\u010dtov\u00e9 opat\u0159en\u00ed \u010d. 10\/2013, kter\u00e9 je p\u0159\u00edlohou \u010d. 2 z\u00e1pisu. <\/i><\/b><\/p>\n<p>Hlasov\u00e1n\u00ed:\u00a0 pro &#8211; 0,\u00a0 proti &#8211; 0,\u00a0 zdr\u017eel se \u2013 0<b><span style=\"text-decoration: underline;\">\u00a0<\/span><\/b><\/p>\n<p><b><span style=\"text-decoration: underline;\">Bod \u010d. 7a \u2013 Rozpo\u010dtov\u00e9 opat\u0159en\u00ed \u010d. 1\/2014.<\/span><\/b><\/p>\n<p>Rozpo\u010dtov\u00e9 opat\u0159en\u00ed \u010d. 1\/2014 &#8211; doch\u00e1z\u00ed k\u00a0\u00faprav\u011b rozpo\u010dtu s\u00a0ohledem na nav\u00fd\u0161en\u00ed m\u011bs\u00ed\u010dn\u00edch odm\u011bn uvoln\u011bn\u00fdch a neuvoln\u011bn\u00fdch zastupitel\u016f. D\u00e1le se jedn\u00e1 o p\u0159evod schv\u00e1len\u00fdch z\u00e1vazk\u016f finan\u010dn\u00edho spolupod\u00edlu na akc\u00edch (Farsk\u00e1 zahrada, zateplen\u00ed M\u0160 Absolonova, projekt rekonstrukce budovy Hlavn\u00ed 120 a vnit\u0159n\u00ed vybaven\u00ed). K\u00a0p\u0159evodu je ur\u010dena tak\u00e9 specificky \u00fa\u010delov\u00e1 kapit\u00e1lov\u00e1 rezerva. <span style=\"text-decoration: underline;\">RM\u010c B-K toto RO neprojednala.<\/span><\/p>\n<p><span style=\"text-decoration: underline;\">FV ZM\u010c B-K \u010d. 1\/2014:<\/span> FV ZM\u010c B-K <span style=\"text-decoration: underline;\">doporu\u010duje ZM\u010c B-K<\/span> schv\u00e1lit RO \u010d. 1\/2014. <b><i><\/i><\/b><\/p>\n<p><b><i><span style=\"text-decoration: underline;\">N\u00e1vrh usnesen\u00ed:<\/span><\/i><\/b><b><i> ZM\u010c Brno-Kom\u00edn schvaluje Rozpo\u010dtov\u00e9 opat\u0159en\u00ed \u010d. 1\/2014, kter\u00e9 je p\u0159\u00edlohou \u010d. 2 z\u00e1pisu. <\/i><\/b><\/p>\n<p>Hlasov\u00e1n\u00ed:\u00a0 pro &#8211; 0,\u00a0 proti &#8211; 0,\u00a0 zdr\u017eel se \u2013 0<b><span style=\"text-decoration: underline;\">\u00a0<\/span><\/b><\/p>\n<p><b><span style=\"text-decoration: underline;\">Bod \u010d. 8 \u2013 Z\u0160 a M\u0160 Brno, Pastviny 70, p.o. \u2013 dotace na provoz Centra pro sport a voln\u00fd \u010das. <\/span><\/b><\/p>\n<p>ZM\u010c B-K je p\u0159edlo\u017een finan\u010dn\u00ed p\u0159ehled provozu Centra pro sport a voln\u00fd \u010das p\u0159i Z\u0160 a M\u0160 Pastviny 70 za rok 2013. Z\u00a0tohoto p\u0159ehledu je patrn\u00e9, \u017ee rozd\u00edl mezi vynalo\u017een\u00fdmi n\u00e1klady na provoz a tr\u017ebami z\u00a0provozu \u010din\u00ed ztr\u00e1tu ve v\u00fd\u0161i 92.463,80 K\u010d. \u0158editelka \u0161koly t\u00edmto \u017e\u00e1d\u00e1 o poskytnut\u00ed t\u00e9to \u010d\u00e1stky ve form\u011b dotace na provoz z\u00a0rozpo\u010dtu M\u010c B-K.<\/p>\n<p><span style=\"text-decoration: underline;\">RM\u010c B-K \u010d. 1\/2014:<\/span> RM\u010c B-K <span style=\"text-decoration: underline;\">doporu\u010duje ZM\u010c Brno-Kom\u00edn<\/span> schv\u00e1lit poskytnut\u00ed dotace na provoz Centra pro sport a voln\u00fd \u010das Z\u0160 a M\u0160 Brno, Pastviny 70, p.o. ve v\u00fd\u0161i 92.463,80 K\u010d.<\/p>\n<p><span style=\"text-decoration: underline;\">FV ZM\u010c B-K \u010d. 1\/2014:<\/span> FV ZM\u010c B-K <span style=\"text-decoration: underline;\">doporu\u010duje ZM\u010c B-K<\/span> schv\u00e1lit poskytnut\u00ed dotace na provoz Centra pro sport a voln\u00fd \u010das Z\u0160 a M\u0160 Brno, Pastviny 70, p.o. ve v\u00fd\u0161i 92.463,80 K\u010d. <b><i><\/i><\/b><\/p>\n<p><b><i><span style=\"text-decoration: underline;\">N\u00e1vrh usnesen\u00ed:<\/span><\/i><\/b><b><i> ZM\u010c Brno-Kom\u00edn schvaluje poskytnut\u00ed dotace na provoz Centra pro sport a voln\u00fd \u010das Z\u0160 a M\u0160 Brno, Pastviny 70, p.o. ve v\u00fd\u0161i 92.463,80 K\u010d.<\/i><\/b><\/p>\n<p>Hlasov\u00e1n\u00ed:\u00a0 pro &#8211; 0,\u00a0 proti &#8211; 0,\u00a0 zdr\u017eel se \u2013 0<b><span style=\"text-decoration: underline;\">\u00a0<\/span><\/b><\/p>\n<p><b><span style=\"text-decoration: underline;\">Bod \u010d. 9 &#8211; Finan\u010dn\u00ed a Kontroln\u00ed v\u00fdbor ZM\u010c Brno-Kom\u00edn.<\/span><\/b><\/p>\n<p>Z\u00e1pis ze zased\u00e1n\u00ed Finan\u010dn\u00edho v\u00fdboru \u010d. 1\/2014 ze dne 20.1.2014.<\/p>\n<p>Z\u00e1pis ze zased\u00e1n\u00ed Kontroln\u00edho v\u00fdboru \u010d. 1\/2014 ze dne 20.1.2014.<b><i><\/i><\/b><\/p>\n<p><b><i><span style=\"text-decoration: underline;\">N\u00e1vrh usnesen\u00ed:<\/span><\/i><\/b><b><i> ZM\u010c Brno-Kom\u00edn bere na v\u011bdom\u00ed z\u00e1pis ze zased\u00e1n\u00ed Finan\u010dn\u00edho v\u00fdboru \u010d. 1\/2014 ze dne 20.1.2014 a z\u00e1pis ze zased\u00e1n\u00ed Kontroln\u00edho v\u00fdboru \u010d. 1\/2014 ze dne 20.1.2014. Oba z\u00e1pisy jsou p\u0159\u00edlohou \u010d. 3 z\u00e1pisu.<\/i><\/b><\/p>\n<p>Hlasov\u00e1n\u00ed:\u00a0 pro &#8211; 0,\u00a0 proti &#8211; 0,\u00a0 zdr\u017eel se \u2013 0<\/p>\n<p><b><span style=\"text-decoration: underline;\">Bod \u010d. 10 &#8211; Jmenov\u00e1n\u00ed tajemn\u00edka Kontroln\u00edho v\u00fdboru ZM\u010c Brno-Kom\u00edn.<\/span><\/b><\/p>\n<p>V\u00a0M\u010c Brno-Kom\u00edn je v\u00a0souladu se z\u00e1konem o obc\u00edch z\u0159\u00edzen Kontroln\u00ed v\u00fdbor (KV) ZM\u010c Brno-Kom\u00edn.<\/p>\n<p>Podle \u201eStatutu v\u00fdbor\u016f Zastupitelstva M\u010c Brno-Kom\u00edn\u201c (d\u00e1le jen \u201estatut\u201c) je v\u00a0sou\u010dasn\u00e9 dob\u011b dle \u010dl\u00e1nku 4 = \u010dlenov\u00e9 v\u00fdbor\u016f, bodu 4. tohoto statutu tajemn\u00edkem KV zam\u011bstnanec \u00fa\u0159adu, kter\u00fd odch\u00e1z\u00ed do starobn\u00edho d\u016fchodu, proto je nutn\u00e9 jmenovat nov\u00e9ho tajemn\u00edka KV. Tajemn\u00edka v\u00fdboru jmenuje do funkce tajemn\u00edk \u00fa\u0159adu.<b><i><\/i><\/b><\/p>\n<p><b><i><span style=\"text-decoration: underline;\">N\u00e1vrh usnesen\u00ed:<\/span><\/i><\/b><b><i> ZM\u010c Brno-Kom\u00edn bere na v\u011bdom\u00ed, \u017ee dne 5.3.2014 kon\u010d\u00ed ve funkci tajemn\u00edka Kontroln\u00edho v\u00fdboru ZM\u010c Brno-Kom\u00edn pan\u00ed \u2026&#8230;&#8230;&#8230;<\/i><\/b><\/p>\n<p><b><i>ZM\u010c Brno-Kom\u00edn bere na v\u011bdom\u00ed, \u017ee s\u00a0\u00fa\u010dinnost\u00ed od 6.3.2014 bude jmenov\u00e1na zam\u011bstnankyn\u011b \u00daM\u010cmB, Brno-Kom\u00edn pan\u00ed \u2026&#8230;&#8230;.. nov\u00fdm tajemn\u00edkem Kontroln\u00edho v\u00fdboru ZM\u010c Brno-Kom\u00edn.<\/i><\/b><\/p>\n<p>Hlasov\u00e1n\u00ed:\u00a0 pro &#8211; 0,\u00a0 proti &#8211; 0,\u00a0 zdr\u017eel se \u2013 0<\/p>\n<p><b><span style=\"text-decoration: underline;\">Bod \u010d. 11 &#8211; Dotazy, p\u0159ipom\u00ednky, podn\u011bty zastupitel\u016f M\u010c Brno-Kom\u00edn.<\/span><\/b><b><span style=\"text-decoration: underline;\">\u00a0<\/span><\/b><\/p>\n<p><b><span style=\"text-decoration: underline;\">P\u0159\u00edlohy:<\/span><\/b><\/p>\n<p>1. K bodu \u010d. 6 &#8211; M\u011bs\u00ed\u010dn\u00ed odm\u011bny neuvoln\u011bn\u00fdm \u010dlen\u016fm Zastupitelstva M\u010c Brno-Kom\u00edn s\u00a0\u00fa\u010dinnost\u00ed od 1.1.2014.<\/p>\n<p>2. K\u00a0bod\u016fm \u010d. 7 a \u010d. 7a &#8211; Rozpo\u010dtov\u00e1 opat\u0159en\u00ed \u010d. 10\/2013 a \u010d. 1\/2014.<\/p>\n<p>3. K\u00a0bodu \u010d. 9 &#8211; Z\u00e1pis ze zased\u00e1n\u00ed Finan\u010dn\u00edho v\u00fdboru \u010d. 1\/2014 ze dne 20.1.2014.<\/p>\n<p>&#8211; Z\u00e1pis ze zased\u00e1n\u00ed Kontroln\u00edho v\u00fdboru \u010d. 1\/2014 ze dne 20.1.2014.<\/p>\n<p>&nbsp;<\/p>\n<p><a href=\"http:\/\/zelenykomin.cz\/wp-content\/uploads\/2014\/01\/komin.jpg\"><img loading=\"lazy\" decoding=\"async\" class=\"alignnone size-medium wp-image-333\" src=\"http:\/\/zelenykomin.cz\/wp-content\/uploads\/2014\/01\/komin-300x181.jpg\" alt=\"komin\" width=\"300\" height=\"181\" srcset=\"http:\/\/zelenykomin.cz\/wp-content\/uploads\/2014\/01\/komin-300x181.jpg 300w, http:\/\/zelenykomin.cz\/wp-content\/uploads\/2014\/01\/komin.jpg 427w\" sizes=\"(max-width: 300px) 100vw, 300px\" \/><\/a><\/p>\n<p>&nbsp;<\/p>\n","protected":false},"excerpt":{"rendered":"<p>[p\u0159\u00edsp\u011bvek z 27. 01. 2014, \u00a0Milada Blatn\u00e1] Ve st\u0159edu 29. 1. 2014 od 17.00 na Radnici m\u011bstsk\u00e9 \u010d\u00e1sti Brno-Kom\u00edn.\u00a0<\/p>\n","protected":false},"author":1,"featured_media":333,"comment_status":"open","ping_status":"open","sticky":false,"template":"","format":"standard","meta":{"footnotes":""},"categories":[8,10],"tags":[],"_links":{"self":[{"href":"http:\/\/zelenykomin.cz\/index.php?rest_route=\/wp\/v2\/posts\/332"}],"collection":[{"href":"http:\/\/zelenykomin.cz\/index.php?rest_route=\/wp\/v2\/posts"}],"about":[{"href":"http:\/\/zelenykomin.cz\/index.php?rest_route=\/wp\/v2\/types\/post"}],"author":[{"embeddable":true,"href":"http:\/\/zelenykomin.cz\/index.php?rest_route=\/wp\/v2\/users\/1"}],"replies":[{"embeddable":true,"href":"http:\/\/zelenykomin.cz\/index.php?rest_route=%2Fwp%2Fv2%2Fcomments&post=332"}],"version-history":[{"count":7,"href":"http:\/\/zelenykomin.cz\/index.php?rest_route=\/wp\/v2\/posts\/332\/revisions"}],"predecessor-version":[{"id":486,"href":"http:\/\/zelenykomin.cz\/index.php?rest_route=\/wp\/v2\/posts\/332\/revisions\/486"}],"wp:featuredmedia":[{"embeddable":true,"href":"http:\/\/zelenykomin.cz\/index.php?rest_route=\/wp\/v2\/media\/333"}],"wp:attachment":[{"href":"http:\/\/zelenykomin.cz\/index.php?rest_route=%2Fwp%2Fv2%2Fmedia&parent=332"}],"wp:term":[{"taxonomy":"category","embeddable":true,"href":"http:\/\/zelenykomin.cz\/index.php?rest_route=%2Fwp%2Fv2%2Fcategories&post=332"},{"taxonomy":"post_tag","embeddable":true,"href":"http:\/\/zelenykomin.cz\/index.php?rest_route=%2Fwp%2Fv2%2Ftags&post=332"}],"curies":[{"name":"wp","href":"https:\/\/api.w.org\/{rel}","templated":true}]}}