{"id":315,"date":"2014-01-10T07:28:57","date_gmt":"2014-01-10T06:28:57","guid":{"rendered":"http:\/\/zelenykomin.cz\/?p=315"},"modified":"2014-11-26T10:30:23","modified_gmt":"2014-11-26T09:30:23","slug":"brno-pripravuje-obri-zmenu-uzemniho-planu-pred-obcany-ji-spise-taji-2","status":"publish","type":"post","link":"http:\/\/zelenykomin.cz\/?p=315","title":{"rendered":"Brno p\u0159ipravuje ob\u0159\u00ed zm\u011bnu \u00fazemn\u00edho pl\u00e1nu, p\u0159ed ob\u010dany ji sp\u00ed\u0161e taj\u00ed"},"content":{"rendered":"<p><span style=\"font-size: 0.95em; line-height: 1.6em;\">[p\u0159\u00edsp\u011bvek z 03. 01. 2014, doporu\u010duje Milada Blatn\u00e1]<\/span><\/p>\n<p>\u010ct\u011bte na\u00a0<a href=\"http:\/\/www.zeleni.cz\/brno-pripravuje-obri-zmenu-uzemniho-planu-pred-obcany-ji-spise-taji\/\">http:\/\/www.zeleni.cz\/brno-pripravuje-obri-zmenu-uzemniho-planu-pred-obcany-ji-spise-taji\/<\/a><\/p>\n<p><!--more--><a href=\"http:\/\/zelenykomin.cz\/wp-content\/uploads\/2014\/01\/uzemn\u00ed-pl\u00e1n.jpg\"><img loading=\"lazy\" decoding=\"async\" class=\"alignnone size-medium wp-image-296\" alt=\"uzemn\u00ed pl\u00e1n\" src=\"http:\/\/zelenykomin.cz\/wp-content\/uploads\/2014\/01\/uzemn\u00ed-pl\u00e1n-300x168.jpg\" width=\"300\" height=\"168\" srcset=\"http:\/\/zelenykomin.cz\/wp-content\/uploads\/2014\/01\/uzemn\u00ed-pl\u00e1n-300x168.jpg 300w, http:\/\/zelenykomin.cz\/wp-content\/uploads\/2014\/01\/uzemn\u00ed-pl\u00e1n.jpg 540w\" sizes=\"(max-width: 300px) 100vw, 300px\" \/><\/a><\/p>\n","protected":false},"excerpt":{"rendered":"<p>[p\u0159\u00edsp\u011bvek z 03. 01. 2014, doporu\u010duje Milada Blatn\u00e1] \u010ct\u011bte na\u00a0http:\/\/www.zeleni.cz\/brno-pripravuje-obri-zmenu-uzemniho-planu-pred-obcany-ji-spise-taji\/<\/p>\n","protected":false},"author":1,"featured_media":0,"comment_status":"open","ping_status":"open","sticky":false,"template":"","format":"standard","meta":{"footnotes":""},"categories":[8,10],"tags":[],"_links":{"self":[{"href":"http:\/\/zelenykomin.cz\/index.php?rest_route=\/wp\/v2\/posts\/315"}],"collection":[{"href":"http:\/\/zelenykomin.cz\/index.php?rest_route=\/wp\/v2\/posts"}],"about":[{"href":"http:\/\/zelenykomin.cz\/index.php?rest_route=\/wp\/v2\/types\/post"}],"author":[{"embeddable":true,"href":"http:\/\/zelenykomin.cz\/index.php?rest_route=\/wp\/v2\/users\/1"}],"replies":[{"embeddable":true,"href":"http:\/\/zelenykomin.cz\/index.php?rest_route=%2Fwp%2Fv2%2Fcomments&post=315"}],"version-history":[{"count":1,"href":"http:\/\/zelenykomin.cz\/index.php?rest_route=\/wp\/v2\/posts\/315\/revisions"}],"predecessor-version":[{"id":316,"href":"http:\/\/zelenykomin.cz\/index.php?rest_route=\/wp\/v2\/posts\/315\/revisions\/316"}],"wp:attachment":[{"href":"http:\/\/zelenykomin.cz\/index.php?rest_route=%2Fwp%2Fv2%2Fmedia&parent=315"}],"wp:term":[{"taxonomy":"category","embeddable":true,"href":"http:\/\/zelenykomin.cz\/index.php?rest_route=%2Fwp%2Fv2%2Fcategories&post=315"},{"taxonomy":"post_tag","embeddable":true,"href":"http:\/\/zelenykomin.cz\/index.php?rest_route=%2Fwp%2Fv2%2Ftags&post=315"}],"curies":[{"name":"wp","href":"https:\/\/api.w.org\/{rel}","templated":true}]}}