{"id":3,"date":"2013-12-04T14:23:02","date_gmt":"2013-12-04T13:23:02","guid":{"rendered":"http:\/\/zelenykomin.cz\/?p=3"},"modified":"2014-11-26T10:35:27","modified_gmt":"2014-11-26T09:35:27","slug":"obcane-chyt-si-sveho-zastupitele","status":"publish","type":"post","link":"http:\/\/zelenykomin.cz\/?p=3","title":{"rendered":"Ob\u010dane, chy\u0165 si sv\u00e9ho zastupitele!"},"content":{"rendered":"<p>Na posledn\u00ed zased\u00e1n\u00ed ZM\u010c Brno \u2013 Kom\u00edn, kter\u00e9 se konalo 22. prosince 2010 byl za\u0159azen jeden velice zaj\u00edmav\u00fd bod \u2013 pokud m\u011bl n\u011bkdo z\u00e1jem a p\u0159e\u010detl si z\u00e1pis z jedn\u00e1n\u00ed, tento bod byl pops\u00e1n pon\u011bkud \u0161roubovan\u011b &#8211; Zm\u011bna Jednac\u00edho \u0159\u00e1du ZM\u010c Brno-Kom\u00edn &#8211; zru\u0161en\u00ed Dodatku \u010d. 1. Stru\u010dn\u011b \u0159e\u010deno jednalo se o zru\u0161en\u00ed ve\u0159ejn\u00e9ho sly\u0161en\u00ed ob\u010dan\u016f.<\/p>\n<p><!--more--><\/p>\n<p>Ve\u0159ejn\u00e9 sly\u0161en\u00ed ob\u010dan\u016f bylo zavedeno minul\u00fdm zastupitelstvem a d\u00e1valo tak mo\u017enost p\u0159\u00edtomn\u00fdm ob\u010dan\u016fm vzn\u00e9st v z\u00e1v\u011bru jedn\u00e1n\u00ed zastupitelstva dotazy na v\u011bci, kter\u00e9 nebyly zahrnuty v programu zastupitelstva. Sly\u0161en\u00ed trvalo 45 minut. N\u011bkdy se stalo, \u017ee ob\u010dan\u00e9 ani cel\u00fdch 45 minut sly\u0161en\u00ed nevyu\u017eili. N\u011bkdy se tak\u00e9 stalo, \u017ee sly\u0161en\u00ed se stalo one man show n\u011bkoho, kdo pova\u017eoval sv\u016fj probl\u00e9m za tak z\u00e1va\u017en\u00fd, \u017ee vy\u010derpal t\u00e9m\u011b\u0159 cel\u00fd \u010dasov\u00fd limit a nedal ostatn\u00edm mo\u017enost vyj\u00e1d\u0159it svoje pot\u0159eby, p\u0159ipom\u00ednky , dotazy. Inu, demokracii se je\u0161t\u011b st\u00e1le u\u010d\u00edme. Ob\u010das se stalo, \u017ee p\u0159ipom\u00ednka byla natolik d\u016fle\u017eit\u00e1, \u017ee starosta p\u0159isl\u00edbil jej\u00ed \u0159e\u0161en\u00ed v rad\u011b, \u010di n\u011bkter\u00fdm z \u00fa\u0159edn\u00edk\u016f M\u010c.<\/p>\n<p>Kdo byl na posledn\u00edm zased\u00e1n\u00ed, vyslechl si zd\u016fvodn\u011bn\u00ed sou\u010dasn\u00e9ho starosty k n\u00e1vrhu zru\u0161en\u00ed Dodatku \u010d. 1 Jednac\u00edho \u0159\u00e1du \u2013 ve\u0159ejn\u00e9 sly\u0161en\u00ed nebylo efektivn\u00ed.<\/p>\n<p>Dva m\u011bs\u00edce po volb\u00e1ch se tedy voli\u010d dozv\u00ed, \u017ee jeho vystoupen\u00ed na jedn\u00e1n\u00ed zastupitelstva nen\u00ed vlastn\u011b \u017e\u00e1douc\u00ed, neb nen\u00ed efektivn\u00ed\u2026 Ka\u017ed\u00fd a\u0165 si o tom mysl\u00ed, co chce. Tak\u017ee, pokud bude ob\u010dan p\u0159\u00ed\u0161t\u011b cht\u00edt p\u0159edn\u00e9st n\u011bjakou st\u00ed\u017enost, p\u0159ipom\u00ednku, podn\u011bt, m\u011bl by si \u201echytit sv\u00e9ho zastupitele\u201c (t\u011bmi jsou pro ka\u017ed\u00e9ho ob\u010dana vlastn\u011b v\u0161ichni) a po\u017e\u00e1dat ho o jeho p\u0159ednesen\u00ed nebo \u010dekat, a\u017e se n\u011bjak\u00fd jednac\u00ed bod zastupitelstva bude t\u00fdkat pr\u00e1v\u011b jeho z\u00e1le\u017eitosti (tak zn\u00ed jednac\u00ed \u0159\u00e1d zastupitelstva).<\/p>\n<p>Mo\u017en\u00e1 si n\u011bkdo \u0159ekne, \u017ee se jedn\u00e1 o malichernost. V\u0161e asi projde bez pov\u0161imnut\u00ed, ale probl\u00e9m je v tom, \u017ee si v\u0161echny t\u0159i koali\u010dn\u00ed strany daly do sv\u00e9ho programu n\u011bco jako zp\u0159\u00edstupn\u011bn\u00ed nebo zlid\u0161t\u011bn\u00ed radnice pro ob\u010dany. Tento krok p\u00e1r m\u011bs\u00edc\u016f po volb\u00e1ch tomu v\u0161ak nenasv\u011bd\u010duje. M\u00e1m pocit, \u017ee se sp\u00ed\u0161e jedn\u00e1 o styl \u201en\u00e1m do toho nikdo kecat nebude\u201c, \u010demu\u017e nasv\u011bd\u010duje i \u010dl\u00e1nek starosty v Kom\u00ednsk\u00e9m zpravodaji. Tam se ji\u017e dop\u0159edu vymezuje proti n\u011bjak\u00e9 nekonstruktivn\u00ed opozici. Nen\u00ed to nic jin\u00e9ho, ne\u017e oby\u010dejn\u00fd alibismus, kter\u00fd potvrdilo i jedn\u00e1n\u00ed posledn\u00edho zastupitelstva. Alibismus prov\u00e1z\u00ed chov\u00e1n\u00ed (bohu\u017eel) starosty i ve v\u011bci Farsk\u00e9 zahrady nebo nov\u00e9ho \u00fazemn\u00edho pl\u00e1nu. Postoj \u2013 \u201enemohu p\u0159edj\u00edmat, v\u0161e projedn\u00e1me\u201c nenasv\u011bd\u010duje tomu z\u00e1kladn\u00edmu, co slovo starosta znamen\u00e1 \u2013 starosta je od slova starat se. A to mnohdy s sebou p\u0159in\u00e1\u0161\u00ed sly\u0161et v\u011bci nep\u0159\u00edjemn\u00e9 a vysv\u011btlit sv\u00e9 postoje, trp\u011bliv\u011b vyslechnout sv\u00e9 voli\u010de i nevoli\u010de. To nen\u00ed ani dobr\u00fd zvyk, ani \u017e\u00e1dn\u00fd p\u0159edpis. To je z\u00e1kladn\u00ed v\u011bc, povinnost (pro n\u011bkoho v\u0161ak t\u011b\u017ek\u00e9 b\u0159\u00edm\u011b) ka\u017ed\u00e9ho zastupitele a asi nejv\u00edce starosty. Konec konc\u016f za to je (z dan\u00ed n\u00e1s v\u0161ech) placen a jako takov\u00fd je tedy n\u00e1m v\u0161em za sv\u00e9 kroky zodpov\u011bdn\u00fd.<\/p>\n","protected":false},"excerpt":{"rendered":"<p>Na posledn\u00ed zased\u00e1n\u00ed ZM\u010c Brno \u2013 Kom\u00edn, kter\u00e9 se konalo 22. prosince 2010 byl za\u0159azen jeden velice zaj\u00edmav\u00fd bod \u2013 pokud m\u011bl n\u011bkdo z\u00e1jem a p\u0159e\u010detl si z\u00e1pis z jedn\u00e1n\u00ed, tento bod byl pops\u00e1n pon\u011bkud \u0161roubovan\u011b &#8211; Zm\u011bna Jednac\u00edho \u0159\u00e1du &hellip; <a href=\"http:\/\/zelenykomin.cz\/?p=3\">Cel\u00fd p\u0159\u00edsp\u011bvek <span class=\"meta-nav\">&rarr;<\/span><\/a><\/p>\n","protected":false},"author":1,"featured_media":0,"comment_status":"open","ping_status":"open","sticky":false,"template":"","format":"standard","meta":{"footnotes":""},"categories":[8,10],"tags":[],"_links":{"self":[{"href":"http:\/\/zelenykomin.cz\/index.php?rest_route=\/wp\/v2\/posts\/3"}],"collection":[{"href":"http:\/\/zelenykomin.cz\/index.php?rest_route=\/wp\/v2\/posts"}],"about":[{"href":"http:\/\/zelenykomin.cz\/index.php?rest_route=\/wp\/v2\/types\/post"}],"author":[{"embeddable":true,"href":"http:\/\/zelenykomin.cz\/index.php?rest_route=\/wp\/v2\/users\/1"}],"replies":[{"embeddable":true,"href":"http:\/\/zelenykomin.cz\/index.php?rest_route=%2Fwp%2Fv2%2Fcomments&post=3"}],"version-history":[{"count":2,"href":"http:\/\/zelenykomin.cz\/index.php?rest_route=\/wp\/v2\/posts\/3\/revisions"}],"predecessor-version":[{"id":107,"href":"http:\/\/zelenykomin.cz\/index.php?rest_route=\/wp\/v2\/posts\/3\/revisions\/107"}],"wp:attachment":[{"href":"http:\/\/zelenykomin.cz\/index.php?rest_route=%2Fwp%2Fv2%2Fmedia&parent=3"}],"wp:term":[{"taxonomy":"category","embeddable":true,"href":"http:\/\/zelenykomin.cz\/index.php?rest_route=%2Fwp%2Fv2%2Fcategories&post=3"},{"taxonomy":"post_tag","embeddable":true,"href":"http:\/\/zelenykomin.cz\/index.php?rest_route=%2Fwp%2Fv2%2Ftags&post=3"}],"curies":[{"name":"wp","href":"https:\/\/api.w.org\/{rel}","templated":true}]}}