{"id":287,"date":"2014-01-03T11:06:32","date_gmt":"2014-01-03T10:06:32","guid":{"rendered":"http:\/\/zelenykomin.cz\/?p=287"},"modified":"2014-11-26T10:30:30","modified_gmt":"2014-11-26T09:30:30","slug":"informace-ze-zastupitelstva-2","status":"publish","type":"post","link":"http:\/\/zelenykomin.cz\/?p=287","title":{"rendered":"Informace ze zastupitelstva"},"content":{"rendered":"<p><span style=\"font-size: 0.95em; line-height: 1.6em;\">[p\u0159\u00edsp\u011bvek z 03. 01. 2014, Milada Blatn\u00e1]<\/span><\/p>\n<p><b>Vybran\u00e9 informace z jedn\u00e1n\u00ed Zastupitelstva m\u011bstsk\u00e9 \u010d\u00e1sti Brno-Kom\u00edn,\u00a0<\/b><b>kter\u00e9 se konalo 11.12.2013:<\/b>\u00a0<!--more--><\/p>\n<p style=\"text-align: justify;\">A)<br \/>\nDo 23.12.2013 m\u011bla ka\u017ed\u00e1 m\u011bstsk\u00e1 \u010d\u00e1st mo\u017enost p\u0159ipom\u00ednkovat novelu <b>Obecn\u011b z\u00e1vazn\u00e9 vyhl\u00e1\u0161ky Statut\u00e1rn\u00edho m\u011bsta Brna o \u00a0regulaci provozu loteri\u00ed a jin\u00fdch podobn\u00fdch her. <\/b>Kom\u00ednsk\u00e9 veden\u00ed radnice t\u00e9to mo\u017enosti nevyu\u017eilo a do programu jedn\u00e1n\u00ed zastupitelstva bod t\u00fdkaj\u00edc\u00ed se hazardu neza\u0159adilo.<\/p>\n<p style=\"text-align: justify;\">M\u010c Kom\u00edn, na rozd\u00edl od celkem 19 m\u011bstsk\u00fdch \u010d\u00e1st\u00ed, kter\u00e9 si p\u0159ed n\u011bkolika lety odsouhlasily plo\u0161n\u00fd z\u00e1kaz, m\u011bla povoleno provozov\u00e1n\u00ed loteri\u00ed a podobn\u00fdch her na cel\u00e9m \u00fazem\u00ed s v\u00fdjimkou n\u011bkter\u00fdch ulic.<\/p>\n<p style=\"text-align: justify;\">Podle n\u00e1zoru kom\u00ednsk\u00fdch zelen\u00fdch by bylo chybou nevyu\u017e\u00edt mo\u017enosti p\u0159ipom\u00ednkovat vyhl\u00e1\u0161ku a kone\u010dn\u011b tak zak\u00e1zat hazard na cel\u00e9m \u00fazem\u00ed Kom\u00edna.<\/p>\n<p style=\"text-align: justify;\">V civilizovan\u00fdch spole\u010dnostech je p\u0159\u00edtomnost heren v reziden\u010dn\u00edch \u010dtvrt\u00edch nebo v centrech m\u011bst nemysliteln\u00e1, proto\u017ee je degraduje. V\u00edte, \u017ee podle odborn\u00e9 studie naraz\u00ed konk\u00e9rn\u011b v Brn\u011b-st\u0159ed hr\u00e1\u010d na hrac\u00ed stroj t\u0159ikr\u00e1t \u010dast\u011bji, ne\u017e je celorepublikov\u00fd pr\u016fm\u011br? Na za\u010d\u00e1tku roku 2012 bylo v Brn\u011b evidov\u00e1no 3 700 automat\u016f. Nen\u00ed divu, \u017ee \u010d\u00e1st soci\u00e1ln\u00edch d\u00e1vek miz\u00ed pr\u00e1v\u011b v hern\u00e1ch.<\/p>\n<p style=\"text-align: justify;\">Vyu\u017eila jsem tedy nedostatku v programu a navrhla jeho roz\u0161\u00ed\u0159en\u00ed o bod\u00a0 s n\u00e1zvem \u201e<b>\u00dapln\u00fd z\u00e1kaz provozov\u00e1n\u00ed loteri\u00ed a jin\u00fdch podobn\u00fdch her na cel\u00e9m \u00fazem\u00ed m\u011bstsk\u00e9 \u010d\u00e1sti Brno-Kom\u00edn\u201c.<\/b><\/p>\n<p style=\"text-align: justify;\">Tento bod byl p\u0159ijat v\u0161emi p\u0159\u00edtomn\u00fdmi zastupiteli a navr\u017een\u00e9 usnesen\u00ed odhlasov\u00e1no. <b>Lze tak konstatovat, \u017ee zastupitelstvo odsouhlasilo konec hazardu v Kom\u00edn\u011b.<\/b><\/p>\n<p style=\"text-align: justify;\">B)<\/p>\n<p style=\"text-align: justify;\">Dal\u0161\u00ed d\u016fle\u017eitou v\u011bc\u00ed, kterou by m\u011bly m\u011bstsk\u00e9 \u010d\u00e1sti projednat do <b>11.2.2014 je Aktualizace \u00fazemn\u00edho pl\u00e1nu m\u011bsta Brna<\/b>. Ani tuto skute\u010dnost\u00a0 veden\u00ed radnice nezohlednilo v n\u00e1vrhu term\u00edn\u016f sv\u00fdch zased\u00e1n\u00ed. Prvn\u00ed term\u00edn zased\u00e1n\u00ed zastupitelstva byl stanoven a\u017e na 19.2.2014, kdy by u\u017e ze z\u00e1kona nebylo mo\u017en\u00e9 br\u00e1t z\u0159etel na jakoukoliv p\u0159ipom\u00ednku t\u00fdkaj\u00edc\u00ed se \u00fazemn\u00edho pl\u00e1nu. <b><\/b><\/p>\n<p style=\"text-align: justify;\"><b>Navrhla jsem zm\u011bnu term\u00ednu jedn\u00e1n\u00ed zastupitelstva na 29.1.2014 (st\u0159eda), kter\u00e1 byla zastupiteli odsouhlasena.<\/b><\/p>\n<p style=\"text-align: justify;\">Pokud V\u00e1s budou zaj\u00edmat n\u00e1vrhy na zm\u011bny \u00fazemn\u00edho pl\u00e1nu v k. \u00fa. Kom\u00edn, m\u00e1te mo\u017enost z\u00fa\u010dastnit se lednov\u00e9ho zased\u00e1n\u00ed. P\u0159edem se m\u016f\u017eete s\u00a0 n\u00e1vrhy zm\u011bn sezn\u00e1mit na webu Statut\u00e1rn\u00edho m\u011bsta Brna <a href=\"http:\/\/www.brno.cz\/sprava-mesta\/magistrat-mesta-brna\/usek-rozvoje-mesta\/odbor-uzemniho-planovani-a-rozvoje\/dokumenty\/upmb\/aktualizace-uzemniho-planu-mesta-brna\/upraveny-navrh-zmeny\/\">http:\/\/www.brno.cz\/sprava-mesta\/magistrat-mesta-brna\/usek-rozvoje-mesta\/odbor-uzemniho-planovani-a-rozvoje\/dokumenty\/upmb\/aktualizace-uzemniho-planu-mesta-brna\/upraveny-navrh-zmeny\/<\/a> nebo na Odboru \u00fazemn\u00edho pl\u00e1nov\u00e1n\u00ed magistr\u00e1tu m\u011bsta Brna.<\/p>\n<p style=\"text-align: justify;\">Co se t\u00fd\u010de Kom\u00edna obsahuje Aktualizace &#8230; nap\u0159\u00edklad<i> zm\u011bnu funk\u010dn\u00ed plochy zelen\u011b u kruhov\u00e9ho objezdu na n\u00e1vrhovou plochu pro komer\u010dn\u00ed obchod a slu\u017eby (na tomto m\u00edst\u011b je pl\u00e1nov\u00e1na stavba polyfunk\u010dn\u00edho domu s byty a slu\u017ebami). Aktualizace naopak v p\u016fvodn\u00ed verzi ne\u0159e\u0161ila ulici \u0158ez\u00e1\u010dova a jej\u00ed rozvojovou z\u00f3nu.<\/i> M\u011bstsk\u00fdm \u010d\u00e1stem by m\u011bly b\u00fdt ka\u017ed\u00fdm dnem doru\u010deny k projedn\u00e1n\u00ed fin\u00e1ln\u00ed verze Aktualizace \u2026 V\u011b\u0159\u00edm, \u017ee bod t\u00fdkaj\u00edc\u00ed se p\u0159ipom\u00ednek aktualizace \u00fazemn\u00edho pl\u00e1nu bude do programu jedn\u00e1n\u00ed zastupitelstva za\u0159azen a p\u016fvodn\u011b pl\u00e1novan\u00fd term\u00edn, kter\u00fd by p\u0159ipom\u00ednkov\u00e1n\u00ed znemo\u017enil, byl jenom ne\u00famysln\u00fdm omylem veden\u00ed radnice.<\/p>\n<p style=\"text-align: justify;\">C)<\/p>\n<p style=\"text-align: justify;\">Zastupitelstvo schv\u00e1lilo rozpo\u010det Kom\u00edna na rok 2014, kde p\u0159\u00edjmy a v\u00fddaje jsou v celkov\u00e9 v\u00fd\u0161i 27.659 tis\u00edc K\u010d. Z t\u00e9to \u010d\u00e1stky je na \u010dinnost m\u00edstn\u00ed spr\u00e1vy rozpo\u010dtov\u00e1no 12.327 tis\u00edc K\u010d.<\/p>\n<p style=\"text-align: justify;\">D)<\/p>\n<p style=\"text-align: justify;\">Na jedn\u00e1n\u00ed zastupitelstva zazn\u011bla i odpov\u011b\u010f na dotaz t\u00fdkaj\u00edc\u00ed se DDM Komin\u00ed\u010dek. Do konce roku 2013 m\u011bl DDM obdr\u017eet v\u00fdpov\u011b\u010f z prostor Z\u0160 a M\u0160 Pastviny 70. \u0160kola bude v p\u0159\u00ed\u0161t\u00edch letech pot\u0159ebovat tyto prostory pro nov\u00e9 prv\u0148\u00e1\u010dky.<\/p>\n<p style=\"text-align: justify;\">DDM Komin\u00ed\u010dek by se m\u011bl p\u0159esunout do obecn\u00edho domu Pastviny 88. V sou\u010dasn\u00e9 dob\u011b je zpracov\u00e1v\u00e1na studie mapuj\u00edc\u00ed technick\u00fd stav domu a mo\u017enosti um\u00edst\u011bn\u00ed DDM do jeho prostor.<\/p>\n<p style=\"text-align: justify;\">Mgr. Milada Blatn\u00e1<\/p>\n<p style=\"text-align: justify;\">zastupitelka za Stranu zelen\u00fdch<\/p>\n<p style=\"text-align: justify;\">e-mail: <a href=\"mailto:milada.blatna@seznam.cz\">milada.blatna@seznam.cz<\/a><\/p>\n<p style=\"text-align: justify;\">tel. 608521838<\/p>\n<p style=\"text-align: justify;\"><a href=\"http:\/\/zelenykomin.cz\/wp-content\/uploads\/2014\/01\/hazard.jpg\"><img loading=\"lazy\" decoding=\"async\" class=\"alignnone size-full wp-image-286\" alt=\"hazard\" src=\"http:\/\/zelenykomin.cz\/wp-content\/uploads\/2014\/01\/hazard.jpg\" width=\"275\" height=\"183\" \/><\/a><\/p>\n","protected":false},"excerpt":{"rendered":"<p>[p\u0159\u00edsp\u011bvek z 03. 01. 2014, Milada Blatn\u00e1] Vybran\u00e9 informace z jedn\u00e1n\u00ed Zastupitelstva m\u011bstsk\u00e9 \u010d\u00e1sti Brno-Kom\u00edn,\u00a0kter\u00e9 se konalo 11.12.2013:\u00a0<\/p>\n","protected":false},"author":1,"featured_media":286,"comment_status":"open","ping_status":"open","sticky":false,"template":"","format":"standard","meta":{"footnotes":""},"categories":[8,10],"tags":[],"_links":{"self":[{"href":"http:\/\/zelenykomin.cz\/index.php?rest_route=\/wp\/v2\/posts\/287"}],"collection":[{"href":"http:\/\/zelenykomin.cz\/index.php?rest_route=\/wp\/v2\/posts"}],"about":[{"href":"http:\/\/zelenykomin.cz\/index.php?rest_route=\/wp\/v2\/types\/post"}],"author":[{"embeddable":true,"href":"http:\/\/zelenykomin.cz\/index.php?rest_route=\/wp\/v2\/users\/1"}],"replies":[{"embeddable":true,"href":"http:\/\/zelenykomin.cz\/index.php?rest_route=%2Fwp%2Fv2%2Fcomments&post=287"}],"version-history":[{"count":5,"href":"http:\/\/zelenykomin.cz\/index.php?rest_route=\/wp\/v2\/posts\/287\/revisions"}],"predecessor-version":[{"id":327,"href":"http:\/\/zelenykomin.cz\/index.php?rest_route=\/wp\/v2\/posts\/287\/revisions\/327"}],"wp:featuredmedia":[{"embeddable":true,"href":"http:\/\/zelenykomin.cz\/index.php?rest_route=\/wp\/v2\/media\/286"}],"wp:attachment":[{"href":"http:\/\/zelenykomin.cz\/index.php?rest_route=%2Fwp%2Fv2%2Fmedia&parent=287"}],"wp:term":[{"taxonomy":"category","embeddable":true,"href":"http:\/\/zelenykomin.cz\/index.php?rest_route=%2Fwp%2Fv2%2Fcategories&post=287"},{"taxonomy":"post_tag","embeddable":true,"href":"http:\/\/zelenykomin.cz\/index.php?rest_route=%2Fwp%2Fv2%2Ftags&post=287"}],"curies":[{"name":"wp","href":"https:\/\/api.w.org\/{rel}","templated":true}]}}