{"id":211,"date":"2013-12-12T21:26:00","date_gmt":"2013-12-12T20:26:00","guid":{"rendered":"http:\/\/zelenykomin.cz\/?p=211"},"modified":"2014-11-26T10:31:01","modified_gmt":"2014-11-26T09:31:01","slug":"pozvanka-na-besedu","status":"publish","type":"post","link":"http:\/\/zelenykomin.cz\/?p=211","title":{"rendered":"Pozv\u00e1nka na besedu"},"content":{"rendered":"<p>Radioaktivn\u00ed odpad na Krav\u00ed ho\u0159e<\/p>\n<p>[p\u0159\u00edsp\u011bvek z 17. 10. 2013]<\/p>\n<p><a href=\"http:\/\/zelenykomin.cz\/wp-content\/uploads\/2013\/12\/Pozv\u00e1nka-ulo\u017ei\u0161t\u011b2.pdf\">Pozv\u00e1nka na besedu<!--more--><\/a><\/p>\n<p><a href=\"http:\/\/www.nechcemeuloziste.cz\/\">http:\/\/www.nechcemeuloziste.cz\/<\/a><\/p>\n<p>Zad\u00e1te-li do webov\u00e9ho prohl\u00ed\u017ee\u010de n\u00e1sleduj\u00edc\u00ed odkaz, otev\u0159e se V\u00e1m mapa s vyzna\u010denou pozic\u00ed:<br \/>\n<a href=\"http:\/\/www.mapy.cz\/s\/8F0j\">http:\/\/www.mapy.cz\/s\/8F0j<\/a><\/p>\n<p><a href=\"http:\/\/zelenykomin.cz\/wp-content\/uploads\/2013\/12\/radiactive.jpg\"><img loading=\"lazy\" decoding=\"async\" src=\"http:\/\/zelenykomin.cz\/wp-content\/uploads\/2013\/12\/radiactive-300x217.jpg\" alt=\"OLYMPUS DIGITAL CAMERA\" width=\"300\" height=\"217\" class=\"alignnone size-medium wp-image-26\" srcset=\"http:\/\/zelenykomin.cz\/wp-content\/uploads\/2013\/12\/radiactive-300x217.jpg 300w, http:\/\/zelenykomin.cz\/wp-content\/uploads\/2013\/12\/radiactive-1024x741.jpg 1024w, http:\/\/zelenykomin.cz\/wp-content\/uploads\/2013\/12\/radiactive.jpg 1916w\" sizes=\"(max-width: 300px) 100vw, 300px\" \/><\/a><\/p>\n","protected":false},"excerpt":{"rendered":"<p>Radioaktivn\u00ed odpad na Krav\u00ed ho\u0159e [p\u0159\u00edsp\u011bvek z 17. 10. 2013] Pozv\u00e1nka na besedu<\/p>\n","protected":false},"author":1,"featured_media":26,"comment_status":"open","ping_status":"open","sticky":false,"template":"","format":"standard","meta":{"footnotes":""},"categories":[5],"tags":[],"_links":{"self":[{"href":"http:\/\/zelenykomin.cz\/index.php?rest_route=\/wp\/v2\/posts\/211"}],"collection":[{"href":"http:\/\/zelenykomin.cz\/index.php?rest_route=\/wp\/v2\/posts"}],"about":[{"href":"http:\/\/zelenykomin.cz\/index.php?rest_route=\/wp\/v2\/types\/post"}],"author":[{"embeddable":true,"href":"http:\/\/zelenykomin.cz\/index.php?rest_route=\/wp\/v2\/users\/1"}],"replies":[{"embeddable":true,"href":"http:\/\/zelenykomin.cz\/index.php?rest_route=%2Fwp%2Fv2%2Fcomments&post=211"}],"version-history":[{"count":6,"href":"http:\/\/zelenykomin.cz\/index.php?rest_route=\/wp\/v2\/posts\/211\/revisions"}],"predecessor-version":[{"id":321,"href":"http:\/\/zelenykomin.cz\/index.php?rest_route=\/wp\/v2\/posts\/211\/revisions\/321"}],"wp:featuredmedia":[{"embeddable":true,"href":"http:\/\/zelenykomin.cz\/index.php?rest_route=\/wp\/v2\/media\/26"}],"wp:attachment":[{"href":"http:\/\/zelenykomin.cz\/index.php?rest_route=%2Fwp%2Fv2%2Fmedia&parent=211"}],"wp:term":[{"taxonomy":"category","embeddable":true,"href":"http:\/\/zelenykomin.cz\/index.php?rest_route=%2Fwp%2Fv2%2Fcategories&post=211"},{"taxonomy":"post_tag","embeddable":true,"href":"http:\/\/zelenykomin.cz\/index.php?rest_route=%2Fwp%2Fv2%2Ftags&post=211"}],"curies":[{"name":"wp","href":"https:\/\/api.w.org\/{rel}","templated":true}]}}