{"id":2058,"date":"2026-09-03T06:53:51","date_gmt":"2026-09-03T04:53:51","guid":{"rendered":"https:\/\/zelenykomin.cz\/?p=2058"},"modified":"2026-09-03T06:53:51","modified_gmt":"2026-09-03T04:53:51","slug":"nove-hriste-rezacova-slavnostne-otevreno-patronem-se-stal-lezec-adam-ondra","status":"publish","type":"post","link":"http:\/\/zelenykomin.cz\/?p=2058","title":{"rendered":"Nov\u00e9 h\u0159i\u0161t\u011b \u0158ez\u00e1\u010dova slavnostn\u011b otev\u0159eno, patronem se stal lezec Adam Ondra!"},"content":{"rendered":"<div dir=\"auto\">V prvn\u00ed \u0161koln\u00ed den jsme symbolicky otev\u0159eli nov\u00e9 h\u0159i\u0161t\u011b na \u0158ez\u00e1\u010dov\u011b. A m\u00e1me z n\u011bj opravdu velkou radost.\u00a0Nen\u00ed to toti\u017e jen dal\u0161\u00ed opraven\u00e9 h\u0159i\u0161t\u011b. Je to m\u00edsto, kter\u00e9 dostalo nov\u00fd n\u00e1pad, energii a hlavn\u011b po\u0159\u00e1dnou d\u00e1vku lezen\u00ed.<\/div>\n<div dir=\"auto\">A kdo jin\u00fd by m\u011bl b\u00fdt jeho patronem ne\u017e <span class=\"html-span xdj266r x14z9mp xat24cr x1lziwak xexx8yu xyri2b x18d9i69 x1c1uobl x1hl2dhg x16tdsg8 x1vvkbs\"><a class=\"x1i10hfl xjbqb8w x1ejq31n x18oe1m7 x1sy0etr xstzfhl x972fbf x10w94by x1qhh985 x14e42zd x9f619 x1ypdohk xt0psk2 x3ct3a4 xdj266r x14z9mp xat24cr x1lziwak xexx8yu xyri2b x18d9i69 x1c1uobl x16tdsg8 x1hl2dhg xggy1nq x1a2a7pz xkrqix3 x1sur9pj x1fey0fg x1s688f\" tabindex=\"0\" role=\"link\" href=\"https:\/\/www.facebook.com\/adamondraofficial?__cft__[0]=AZgpcxFbCvDjEw7YhLTc0p-R8X8Fhju3ol9wRUjbbqXxu_-3F3NiNkZvnw7Z61AH4m3n1Ph79NIzUTuTPnf5yWrBImuKuWhPrz4UF7tCmYyxN10nfuWeUh5V3-TINRj_ci1WDnPV9lhPatGaj9RcYdaOu1RaBnjpLRPHonO-XK6mMYXYux26FO5hoKHbuk2toQlcaGlMEXzyi8lWR2Q&amp;__tn__=-]K-y-R\"><span class=\"xt0psk2\"><span class=\"xjp7ctv\">Adam Ondra<\/span><\/span><\/a><\/span>? D\u011bkujeme, \u017ee p\u0159ijal na\u0161i nab\u00eddku!<\/div>\n<div dir=\"auto\"><\/div>\n<div dir=\"auto\">Velk\u00e9 pod\u011bkov\u00e1n\u00ed pat\u0159\u00ed tak\u00e9 <span class=\"html-span xdj266r x14z9mp xat24cr x1lziwak xexx8yu xyri2b x18d9i69 x1c1uobl x1hl2dhg x16tdsg8 x1vvkbs\"><a class=\"x1i10hfl xjbqb8w x1ejq31n x18oe1m7 x1sy0etr xstzfhl x972fbf x10w94by x1qhh985 x14e42zd x9f619 x1ypdohk xt0psk2 x3ct3a4 xdj266r x14z9mp xat24cr x1lziwak xexx8yu xyri2b x18d9i69 x1c1uobl x16tdsg8 x1hl2dhg xggy1nq x1a2a7pz xkrqix3 x1sur9pj x1fey0fg x1s688f\" tabindex=\"0\" role=\"link\" href=\"https:\/\/www.facebook.com\/brnomycity?__cft__[0]=AZgpcxFbCvDjEw7YhLTc0p-R8X8Fhju3ol9wRUjbbqXxu_-3F3NiNkZvnw7Z61AH4m3n1Ph79NIzUTuTPnf5yWrBImuKuWhPrz4UF7tCmYyxN10nfuWeUh5V3-TINRj_ci1WDnPV9lhPatGaj9RcYdaOu1RaBnjpLRPHonO-XK6mMYXYux26FO5hoKHbuk2toQlcaGlMEXzyi8lWR2Q&amp;__tn__=-]K-y-R\"><span class=\"xt0psk2\"><span class=\"xjp7ctv\">BRNOmycity<\/span><\/span><\/a><\/span> za podporu z programu Nov\u00e9 parky pro Brno, bez kter\u00e9 by se tento projekt uskute\u010dnil jen t\u011b\u017eko.<\/div>\n<div dir=\"auto\"><\/div>\n<div dir=\"auto\">D\u011bkujeme realiza\u010dn\u00ed firm\u011b <span class=\"html-span xdj266r x14z9mp xat24cr x1lziwak xexx8yu xyri2b x18d9i69 x1c1uobl x1hl2dhg x16tdsg8 x1vvkbs\"><a class=\"x1i10hfl xjbqb8w x1ejq31n x18oe1m7 x1sy0etr xstzfhl x972fbf x10w94by x1qhh985 x14e42zd x9f619 x1ypdohk xt0psk2 x3ct3a4 xdj266r x14z9mp xat24cr x1lziwak xexx8yu xyri2b x18d9i69 x1c1uobl x16tdsg8 x1hl2dhg xggy1nq x1a2a7pz xkrqix3 x1sur9pj x1fey0fg x1s688f\" tabindex=\"0\" role=\"link\" href=\"https:\/\/www.facebook.com\/acerwoodway?__cft__[0]=AZgpcxFbCvDjEw7YhLTc0p-R8X8Fhju3ol9wRUjbbqXxu_-3F3NiNkZvnw7Z61AH4m3n1Ph79NIzUTuTPnf5yWrBImuKuWhPrz4UF7tCmYyxN10nfuWeUh5V3-TINRj_ci1WDnPV9lhPatGaj9RcYdaOu1RaBnjpLRPHonO-XK6mMYXYux26FO5hoKHbuk2toQlcaGlMEXzyi8lWR2Q&amp;__tn__=-]K-y-R\"><span class=\"xt0psk2\"><span class=\"xjp7ctv\">ACER Woodway<\/span><\/span><\/a><\/span> za odvedenou pr\u00e1ci a v\u0161em dal\u0161\u00edm, kte\u0159\u00ed se na realizaci pod\u00edleli. H\u0159i\u0161t\u011b se d\u00edky nim prom\u011bnilo k nepozn\u00e1n\u00ed \u2013 m\u00edsto p\u016fvodn\u00edch asfaltov\u00fdch ploch je tu prostor pro sport, lezen\u00ed, hran\u00ed i oby\u010dejn\u00e9 posezen\u00ed.<\/div>\n<div dir=\"auto\"><\/div>\n<div dir=\"auto\">A \u00fapln\u011b zvl\u00e1\u0161tn\u00ed pod\u011bkov\u00e1n\u00ed pat\u0159\u00ed <span class=\"html-span xdj266r x14z9mp xat24cr x1lziwak xexx8yu xyri2b x18d9i69 x1c1uobl x1hl2dhg x16tdsg8 x1vvkbs\"><a class=\"x1i10hfl xjbqb8w x1ejq31n x18oe1m7 x1sy0etr xstzfhl x972fbf x10w94by x1qhh985 x14e42zd x9f619 x1ypdohk xt0psk2 x3ct3a4 xdj266r x14z9mp xat24cr x1lziwak xexx8yu xyri2b x18d9i69 x1c1uobl x16tdsg8 x1hl2dhg xggy1nq x1a2a7pz xkrqix3 x1sur9pj x1fey0fg x1s688f\" tabindex=\"0\" role=\"link\" href=\"https:\/\/www.facebook.com\/eva.beranova.714?__cft__[0]=AZgpcxFbCvDjEw7YhLTc0p-R8X8Fhju3ol9wRUjbbqXxu_-3F3NiNkZvnw7Z61AH4m3n1Ph79NIzUTuTPnf5yWrBImuKuWhPrz4UF7tCmYyxN10nfuWeUh5V3-TINRj_ci1WDnPV9lhPatGaj9RcYdaOu1RaBnjpLRPHonO-XK6mMYXYux26FO5hoKHbuk2toQlcaGlMEXzyi8lWR2Q&amp;__tn__=-]K-y-R\"><span class=\"xt0psk2\"><span class=\"xjp7ctv\">Eva Beranova<\/span><\/span><\/a><\/span> a <span class=\"html-span xdj266r x14z9mp xat24cr x1lziwak xexx8yu xyri2b x18d9i69 x1c1uobl x1hl2dhg x16tdsg8 x1vvkbs\"><a class=\"x1i10hfl xjbqb8w x1ejq31n x18oe1m7 x1sy0etr xstzfhl x972fbf x10w94by x1qhh985 x14e42zd x9f619 x1ypdohk xt0psk2 x3ct3a4 xdj266r x14z9mp xat24cr x1lziwak xexx8yu xyri2b x18d9i69 x1c1uobl x16tdsg8 x1hl2dhg xggy1nq x1a2a7pz xkrqix3 x1sur9pj x1fey0fg x1s688f\" tabindex=\"0\" role=\"link\" href=\"https:\/\/www.facebook.com\/tomas.nemec.547?__cft__[0]=AZgpcxFbCvDjEw7YhLTc0p-R8X8Fhju3ol9wRUjbbqXxu_-3F3NiNkZvnw7Z61AH4m3n1Ph79NIzUTuTPnf5yWrBImuKuWhPrz4UF7tCmYyxN10nfuWeUh5V3-TINRj_ci1WDnPV9lhPatGaj9RcYdaOu1RaBnjpLRPHonO-XK6mMYXYux26FO5hoKHbuk2toQlcaGlMEXzyi8lWR2Q&amp;__tn__=-]K-y-R\"><span class=\"xt0psk2\"><span class=\"xjp7ctv\">Tom\u00e1\u0161 N\u011bmec<\/span><\/span><\/a><\/span>. Pr\u00e1v\u011b oni dali spole\u010dn\u011b s d\u011btmi a dal\u0161\u00edmi nad\u0161enci do lezen\u00ed a sportu dohromady n\u00e1vrh, jak by mohlo h\u0159i\u0161t\u011b vypadat.<\/div>\n<div dir=\"auto\"><\/div>\n<div dir=\"auto\">Otev\u0159en\u00ed bylo velmi p\u0159\u00edjemn\u00e9 tak\u00e9 d\u00edky ob\u010derstven\u00ed, kter\u00e9 n\u00e1m poskytli <span class=\"html-span xdj266r x14z9mp xat24cr x1lziwak xexx8yu xyri2b x18d9i69 x1c1uobl x1hl2dhg x16tdsg8 x1vvkbs\"><a class=\"x1i10hfl xjbqb8w x1ejq31n x18oe1m7 x1sy0etr xstzfhl x972fbf x10w94by x1qhh985 x14e42zd x9f619 x1ypdohk xt0psk2 x3ct3a4 xdj266r x14z9mp xat24cr x1lziwak xexx8yu xyri2b x18d9i69 x1c1uobl x16tdsg8 x1hl2dhg xggy1nq x1a2a7pz xkrqix3 x1sur9pj x1fey0fg x1s688f\" tabindex=\"0\" role=\"link\" href=\"https:\/\/www.facebook.com\/Delikomat.Napojove.Automaty?__cft__[0]=AZgpcxFbCvDjEw7YhLTc0p-R8X8Fhju3ol9wRUjbbqXxu_-3F3NiNkZvnw7Z61AH4m3n1Ph79NIzUTuTPnf5yWrBImuKuWhPrz4UF7tCmYyxN10nfuWeUh5V3-TINRj_ci1WDnPV9lhPatGaj9RcYdaOu1RaBnjpLRPHonO-XK6mMYXYux26FO5hoKHbuk2toQlcaGlMEXzyi8lWR2Q&amp;__tn__=-]K-y-R\"><span class=\"xt0psk2\"><span class=\"xjp7ctv\">Delikomat &#8211; N\u00e1pojov\u00e9 Automaty<\/span><\/span><\/a><\/span> a <span class=\"html-span xdj266r x14z9mp xat24cr x1lziwak xexx8yu xyri2b x18d9i69 x1c1uobl x1hl2dhg x16tdsg8 x1vvkbs\"><a class=\"x1i10hfl xjbqb8w x1ejq31n x18oe1m7 x1sy0etr xstzfhl x972fbf x10w94by x1qhh985 x14e42zd x9f619 x1ypdohk xt0psk2 x3ct3a4 xdj266r x14z9mp xat24cr x1lziwak xexx8yu xyri2b x18d9i69 x1c1uobl x16tdsg8 x1hl2dhg xggy1nq x1a2a7pz xkrqix3 x1sur9pj x1fey0fg x1s688f\" tabindex=\"0\" role=\"link\" href=\"https:\/\/www.facebook.com\/svetpivacz?__cft__[0]=AZgpcxFbCvDjEw7YhLTc0p-R8X8Fhju3ol9wRUjbbqXxu_-3F3NiNkZvnw7Z61AH4m3n1Ph79NIzUTuTPnf5yWrBImuKuWhPrz4UF7tCmYyxN10nfuWeUh5V3-TINRj_ci1WDnPV9lhPatGaj9RcYdaOu1RaBnjpLRPHonO-XK6mMYXYux26FO5hoKHbuk2toQlcaGlMEXzyi8lWR2Q&amp;__tn__=-]K-y-R\"><span class=\"xt0psk2\"><span class=\"xjp7ctv\">Obchod Sv\u011bt-piva.cz<\/span><\/span><\/a><\/span>. Velk\u00e9 d\u00edky za sponzorstv\u00ed.<\/div>\n<div dir=\"auto\"><\/div>\n<div dir=\"auto\"><img loading=\"lazy\" decoding=\"async\" class=\"alignnone size-large wp-image-2059\" src=\"http:\/\/zelenykomin.cz\/wp-content\/uploads\/2026\/09\/DSC_9546-1-1024x683.jpg\" alt=\"\" width=\"640\" height=\"427\" srcset=\"http:\/\/zelenykomin.cz\/wp-content\/uploads\/2026\/09\/DSC_9546-1-1024x683.jpg 1024w, http:\/\/zelenykomin.cz\/wp-content\/uploads\/2026\/09\/DSC_9546-1-300x200.jpg 300w, http:\/\/zelenykomin.cz\/wp-content\/uploads\/2026\/09\/DSC_9546-1-768x512.jpg 768w, http:\/\/zelenykomin.cz\/wp-content\/uploads\/2026\/09\/DSC_9546-1-1536x1024.jpg 1536w, http:\/\/zelenykomin.cz\/wp-content\/uploads\/2026\/09\/DSC_9546-1-2048x1365.jpg 2048w\" sizes=\"(max-width: 640px) 100vw, 640px\" \/> <img loading=\"lazy\" decoding=\"async\" class=\"alignnone size-large wp-image-2060\" src=\"http:\/\/zelenykomin.cz\/wp-content\/uploads\/2026\/09\/DSC_9639-1-683x1024.jpg\" alt=\"\" width=\"640\" height=\"960\" srcset=\"http:\/\/zelenykomin.cz\/wp-content\/uploads\/2026\/09\/DSC_9639-1-683x1024.jpg 683w, http:\/\/zelenykomin.cz\/wp-content\/uploads\/2026\/09\/DSC_9639-1-200x300.jpg 200w, http:\/\/zelenykomin.cz\/wp-content\/uploads\/2026\/09\/DSC_9639-1-768x1152.jpg 768w, http:\/\/zelenykomin.cz\/wp-content\/uploads\/2026\/09\/DSC_9639-1-1024x1536.jpg 1024w, http:\/\/zelenykomin.cz\/wp-content\/uploads\/2026\/09\/DSC_9639-1-1365x2048.jpg 1365w, http:\/\/zelenykomin.cz\/wp-content\/uploads\/2026\/09\/DSC_9639-1-scaled.jpg 1707w\" sizes=\"(max-width: 640px) 100vw, 640px\" \/> <img loading=\"lazy\" decoding=\"async\" class=\"alignnone size-large wp-image-2061\" src=\"http:\/\/zelenykomin.cz\/wp-content\/uploads\/2026\/09\/DSC_9629-1-1024x683.jpg\" alt=\"\" width=\"640\" height=\"427\" srcset=\"http:\/\/zelenykomin.cz\/wp-content\/uploads\/2026\/09\/DSC_9629-1-1024x683.jpg 1024w, http:\/\/zelenykomin.cz\/wp-content\/uploads\/2026\/09\/DSC_9629-1-300x200.jpg 300w, http:\/\/zelenykomin.cz\/wp-content\/uploads\/2026\/09\/DSC_9629-1-768x512.jpg 768w, http:\/\/zelenykomin.cz\/wp-content\/uploads\/2026\/09\/DSC_9629-1-1536x1024.jpg 1536w, http:\/\/zelenykomin.cz\/wp-content\/uploads\/2026\/09\/DSC_9629-1-2048x1365.jpg 2048w\" sizes=\"(max-width: 640px) 100vw, 640px\" \/> <img loading=\"lazy\" decoding=\"async\" class=\"alignnone size-large wp-image-2062\" src=\"http:\/\/zelenykomin.cz\/wp-content\/uploads\/2026\/09\/DSC_9495-1-1024x683.jpg\" alt=\"\" width=\"640\" height=\"427\" srcset=\"http:\/\/zelenykomin.cz\/wp-content\/uploads\/2026\/09\/DSC_9495-1-1024x683.jpg 1024w, http:\/\/zelenykomin.cz\/wp-content\/uploads\/2026\/09\/DSC_9495-1-300x200.jpg 300w, http:\/\/zelenykomin.cz\/wp-content\/uploads\/2026\/09\/DSC_9495-1-768x512.jpg 768w, http:\/\/zelenykomin.cz\/wp-content\/uploads\/2026\/09\/DSC_9495-1-1536x1024.jpg 1536w, http:\/\/zelenykomin.cz\/wp-content\/uploads\/2026\/09\/DSC_9495-1-2048x1365.jpg 2048w\" sizes=\"(max-width: 640px) 100vw, 640px\" \/> <img loading=\"lazy\" decoding=\"async\" class=\"alignnone size-large wp-image-2063\" src=\"http:\/\/zelenykomin.cz\/wp-content\/uploads\/2026\/09\/DSC_9800-1-1024x683.jpg\" alt=\"\" width=\"640\" height=\"427\" srcset=\"http:\/\/zelenykomin.cz\/wp-content\/uploads\/2026\/09\/DSC_9800-1-1024x683.jpg 1024w, http:\/\/zelenykomin.cz\/wp-content\/uploads\/2026\/09\/DSC_9800-1-300x200.jpg 300w, http:\/\/zelenykomin.cz\/wp-content\/uploads\/2026\/09\/DSC_9800-1-768x512.jpg 768w, http:\/\/zelenykomin.cz\/wp-content\/uploads\/2026\/09\/DSC_9800-1-1536x1024.jpg 1536w, http:\/\/zelenykomin.cz\/wp-content\/uploads\/2026\/09\/DSC_9800-1-2048x1365.jpg 2048w\" sizes=\"(max-width: 640px) 100vw, 640px\" \/><\/div>\n","protected":false},"excerpt":{"rendered":"<p>V prvn\u00ed \u0161koln\u00ed den jsme symbolicky otev\u0159eli nov\u00e9 h\u0159i\u0161t\u011b na \u0158ez\u00e1\u010dov\u011b. A m\u00e1me z n\u011bj opravdu velkou radost.\u00a0Nen\u00ed to toti\u017e jen dal\u0161\u00ed opraven\u00e9 h\u0159i\u0161t\u011b. Je to m\u00edsto, kter\u00e9 dostalo nov\u00fd n\u00e1pad, energii a hlavn\u011b po\u0159\u00e1dnou d\u00e1vku lezen\u00ed. A kdo jin\u00fd &hellip; <a href=\"http:\/\/zelenykomin.cz\/?p=2058\">Cel\u00fd p\u0159\u00edsp\u011bvek <span class=\"meta-nav\">&rarr;<\/span><\/a><\/p>\n","protected":false},"author":9,"featured_media":0,"comment_status":"open","ping_status":"open","sticky":false,"template":"","format":"gallery","meta":{"footnotes":""},"categories":[1],"tags":[],"_links":{"self":[{"href":"http:\/\/zelenykomin.cz\/index.php?rest_route=\/wp\/v2\/posts\/2058"}],"collection":[{"href":"http:\/\/zelenykomin.cz\/index.php?rest_route=\/wp\/v2\/posts"}],"about":[{"href":"http:\/\/zelenykomin.cz\/index.php?rest_route=\/wp\/v2\/types\/post"}],"author":[{"embeddable":true,"href":"http:\/\/zelenykomin.cz\/index.php?rest_route=\/wp\/v2\/users\/9"}],"replies":[{"embeddable":true,"href":"http:\/\/zelenykomin.cz\/index.php?rest_route=%2Fwp%2Fv2%2Fcomments&post=2058"}],"version-history":[{"count":1,"href":"http:\/\/zelenykomin.cz\/index.php?rest_route=\/wp\/v2\/posts\/2058\/revisions"}],"predecessor-version":[{"id":2064,"href":"http:\/\/zelenykomin.cz\/index.php?rest_route=\/wp\/v2\/posts\/2058\/revisions\/2064"}],"wp:attachment":[{"href":"http:\/\/zelenykomin.cz\/index.php?rest_route=%2Fwp%2Fv2%2Fmedia&parent=2058"}],"wp:term":[{"taxonomy":"category","embeddable":true,"href":"http:\/\/zelenykomin.cz\/index.php?rest_route=%2Fwp%2Fv2%2Fcategories&post=2058"},{"taxonomy":"post_tag","embeddable":true,"href":"http:\/\/zelenykomin.cz\/index.php?rest_route=%2Fwp%2Fv2%2Ftags&post=2058"}],"curies":[{"name":"wp","href":"https:\/\/api.w.org\/{rel}","templated":true}]}}