{"id":2046,"date":"2026-08-21T13:18:18","date_gmt":"2026-08-21T11:18:18","guid":{"rendered":"https:\/\/zelenykomin.cz\/?p=2046"},"modified":"2026-08-21T13:18:18","modified_gmt":"2026-08-21T11:18:18","slug":"nove-parkoviste-vavrinecka","status":"publish","type":"post","link":"http:\/\/zelenykomin.cz\/?p=2046","title":{"rendered":"Nov\u00e9 parkovi\u0161t\u011b Vav\u0159ineck\u00e1"},"content":{"rendered":"<div class=\"xdj266r x14z9mp xat24cr x1lziwak x1vvkbs x126k92a\">\n<div dir=\"auto\">Na ulici Vav\u0159ineck\u00e1 bylo u propojky ke kostelu a potravin vybudov\u00e1no nov\u00e9 parkovi\u0161t\u011b s 8 parkovac\u00edmi m\u00edsty. Parkovi\u0161t\u011b vzniklo na m\u00edst\u011b, kde dlouhodob\u011b neprosp\u00edvala zele\u0148, proto\u017ee se zde nach\u00e1z\u00ed nav\u00e1\u017eka po stavb\u011b p\u0159ilehl\u00fdch bytov\u00fdch dom\u016f. Proto byl sou\u010d\u00e1st\u00ed stavby tak\u00e9 zasakovac\u00ed objekt, kam bude st\u00e9kat p\u0159ebyte\u010dn\u00e1 voda z parkovac\u00edch st\u00e1n\u00ed.<\/div>\n<\/div>\n<div class=\"x14z9mp xat24cr x1lziwak x1vvkbs xtlvy1s x126k92a\">\n<div dir=\"auto\">Na parkovi\u0161ti bude zaveden re\u017eim rezidentn\u00edho parkov\u00e1n\u00ed (modr\u00e1 z\u00f3na) s kombinac\u00ed 2 rychloobr\u00e1tkov\u00fdch m\u00edst pro z\u00e1kazn\u00edky potravin. Ne\u017e Odbor dopravy Magistr\u00e1tu m\u011bsta Brna nov\u00e9 dopravn\u00ed zna\u010den\u00ed vyzna\u010d\u00ed, bude zde platit do\u010dasn\u00e9 DZ bez modr\u00e9 z\u00f3ny. I toto zna\u010den\u00ed v\u0161ak zabere n\u011bjak\u00fd \u010das (p\u0159edpoklad je z\u00e1\u0159\u00ed). Do t\u00e9 doby bude slou\u017eit parkovi\u0161t\u011b bez omezen\u00ed.<\/div>\n<\/div>\n<div class=\"x14z9mp xat24cr x1lziwak x1vvkbs xtlvy1s x126k92a\">\n<div dir=\"auto\">A\u017e tomu po\u010das\u00ed dovol\u00ed, budou na plo\u0161e kolem parkovi\u0161t\u011b vysazeny nov\u00e9 ke\u0159e a trvalkov\u00fd z\u00e1hon. Takt\u00e9\u017e budou dopln\u011bny lavi\u010dky. \u00dapravu \u010dek\u00e1 je\u0161t\u011b samotn\u00fd vstup do potravin, term\u00edn z\u00e1vis\u00ed na koordinaci zhotovitele a provozovatele potravin.<\/div>\n<div dir=\"auto\"><\/div>\n<\/div>\n<div dir=\"auto\"><img loading=\"lazy\" decoding=\"async\" class=\"alignnone size-large wp-image-2047\" src=\"http:\/\/zelenykomin.cz\/wp-content\/uploads\/2026\/08\/763103832_1364488039115968_2364152779741003991_n-819x1024.jpg\" alt=\"\" width=\"640\" height=\"800\" srcset=\"http:\/\/zelenykomin.cz\/wp-content\/uploads\/2026\/08\/763103832_1364488039115968_2364152779741003991_n-819x1024.jpg 819w, http:\/\/zelenykomin.cz\/wp-content\/uploads\/2026\/08\/763103832_1364488039115968_2364152779741003991_n-240x300.jpg 240w, http:\/\/zelenykomin.cz\/wp-content\/uploads\/2026\/08\/763103832_1364488039115968_2364152779741003991_n-768x960.jpg 768w, http:\/\/zelenykomin.cz\/wp-content\/uploads\/2026\/08\/763103832_1364488039115968_2364152779741003991_n.jpg 1153w\" sizes=\"(max-width: 640px) 100vw, 640px\" \/><\/div>\n","protected":false},"excerpt":{"rendered":"<p>Na ulici Vav\u0159ineck\u00e1 bylo u propojky ke kostelu a potravin vybudov\u00e1no nov\u00e9 parkovi\u0161t\u011b s 8 parkovac\u00edmi m\u00edsty. Parkovi\u0161t\u011b vzniklo na m\u00edst\u011b, kde dlouhodob\u011b neprosp\u00edvala zele\u0148, proto\u017ee se zde nach\u00e1z\u00ed nav\u00e1\u017eka po stavb\u011b p\u0159ilehl\u00fdch bytov\u00fdch dom\u016f. Proto byl sou\u010d\u00e1st\u00ed stavby tak\u00e9 &hellip; <a href=\"http:\/\/zelenykomin.cz\/?p=2046\">Cel\u00fd p\u0159\u00edsp\u011bvek <span class=\"meta-nav\">&rarr;<\/span><\/a><\/p>\n","protected":false},"author":9,"featured_media":0,"comment_status":"open","ping_status":"open","sticky":false,"template":"","format":"standard","meta":{"footnotes":""},"categories":[1],"tags":[],"_links":{"self":[{"href":"http:\/\/zelenykomin.cz\/index.php?rest_route=\/wp\/v2\/posts\/2046"}],"collection":[{"href":"http:\/\/zelenykomin.cz\/index.php?rest_route=\/wp\/v2\/posts"}],"about":[{"href":"http:\/\/zelenykomin.cz\/index.php?rest_route=\/wp\/v2\/types\/post"}],"author":[{"embeddable":true,"href":"http:\/\/zelenykomin.cz\/index.php?rest_route=\/wp\/v2\/users\/9"}],"replies":[{"embeddable":true,"href":"http:\/\/zelenykomin.cz\/index.php?rest_route=%2Fwp%2Fv2%2Fcomments&post=2046"}],"version-history":[{"count":1,"href":"http:\/\/zelenykomin.cz\/index.php?rest_route=\/wp\/v2\/posts\/2046\/revisions"}],"predecessor-version":[{"id":2048,"href":"http:\/\/zelenykomin.cz\/index.php?rest_route=\/wp\/v2\/posts\/2046\/revisions\/2048"}],"wp:attachment":[{"href":"http:\/\/zelenykomin.cz\/index.php?rest_route=%2Fwp%2Fv2%2Fmedia&parent=2046"}],"wp:term":[{"taxonomy":"category","embeddable":true,"href":"http:\/\/zelenykomin.cz\/index.php?rest_route=%2Fwp%2Fv2%2Fcategories&post=2046"},{"taxonomy":"post_tag","embeddable":true,"href":"http:\/\/zelenykomin.cz\/index.php?rest_route=%2Fwp%2Fv2%2Ftags&post=2046"}],"curies":[{"name":"wp","href":"https:\/\/api.w.org\/{rel}","templated":true}]}}