{"id":2015,"date":"2026-08-21T12:39:05","date_gmt":"2026-08-21T10:39:05","guid":{"rendered":"https:\/\/zelenykomin.cz\/?p=2015"},"modified":"2026-08-21T12:40:11","modified_gmt":"2026-08-21T10:40:11","slug":"kasny-u-radnice-a-kostela-prosly-kompletni-rekonstrukci","status":"publish","type":"post","link":"http:\/\/zelenykomin.cz\/?p=2015","title":{"rendered":"Ka\u0161ny u radnice  a kostela pro\u0161ly kompletn\u00ed rekonstrukc\u00ed"},"content":{"rendered":"<p>Ka\u0161na u radnice pro\u0161la kompletn\u00ed rekonstrukc\u00ed <span class=\"html-span xexx8yu xyri2b x18d9i69 x1c1uobl x1hl2dhg x16tdsg8 x1vvkbs x3nfvp2 x1j61x8r x1fcty0u xdj266r xat24cr xm2jcoa x1mpyi22 xxymvpz xlup9mm x1kky2od\"><img loading=\"lazy\" decoding=\"async\" class=\"xz74otr x15mokao x1ga7v0g x16uus16 xbiv7yw\" src=\"https:\/\/static.xx.fbcdn.net\/images\/emoji.php\/v9\/tf9\/1\/16\/26f2.png\" alt=\"&#x26f2;\" width=\"16\" height=\"16\" \/><\/span>. Jej\u00ed p\u016fvodn\u00ed charakter podle n\u00e1vrhu architekta Pavla Pek\u00e1ra z\u016fstal zachov\u00e1n. V\u011b\u0159\u00edme, \u017ee bude slou\u017eit dal\u0161\u00ed des\u00edtky let. Rekonstrukc\u00ed pro\u0161la tak\u00e9 ka\u0161na u kostela.<\/p>\n<p><img loading=\"lazy\" decoding=\"async\" class=\"alignnone size-large wp-image-2016\" src=\"http:\/\/zelenykomin.cz\/wp-content\/uploads\/2026\/08\/729991577_896376716080128_525928289332788049_n-1024x1024.jpg\" alt=\"\" width=\"640\" height=\"640\" srcset=\"http:\/\/zelenykomin.cz\/wp-content\/uploads\/2026\/08\/729991577_896376716080128_525928289332788049_n-1024x1024.jpg 1024w, http:\/\/zelenykomin.cz\/wp-content\/uploads\/2026\/08\/729991577_896376716080128_525928289332788049_n-300x300.jpg 300w, http:\/\/zelenykomin.cz\/wp-content\/uploads\/2026\/08\/729991577_896376716080128_525928289332788049_n-150x150.jpg 150w, http:\/\/zelenykomin.cz\/wp-content\/uploads\/2026\/08\/729991577_896376716080128_525928289332788049_n-768x768.jpg 768w, http:\/\/zelenykomin.cz\/wp-content\/uploads\/2026\/08\/729991577_896376716080128_525928289332788049_n.jpg 1153w\" sizes=\"(max-width: 640px) 100vw, 640px\" \/> <img loading=\"lazy\" decoding=\"async\" class=\"alignnone size-large wp-image-2017\" src=\"http:\/\/zelenykomin.cz\/wp-content\/uploads\/2026\/08\/728637307_4349382965321896_2556286172078457358_n-1024x1024.jpg\" alt=\"\" width=\"640\" height=\"640\" srcset=\"http:\/\/zelenykomin.cz\/wp-content\/uploads\/2026\/08\/728637307_4349382965321896_2556286172078457358_n-1024x1024.jpg 1024w, http:\/\/zelenykomin.cz\/wp-content\/uploads\/2026\/08\/728637307_4349382965321896_2556286172078457358_n-300x300.jpg 300w, http:\/\/zelenykomin.cz\/wp-content\/uploads\/2026\/08\/728637307_4349382965321896_2556286172078457358_n-150x150.jpg 150w, http:\/\/zelenykomin.cz\/wp-content\/uploads\/2026\/08\/728637307_4349382965321896_2556286172078457358_n-768x768.jpg 768w, http:\/\/zelenykomin.cz\/wp-content\/uploads\/2026\/08\/728637307_4349382965321896_2556286172078457358_n.jpg 1536w\" sizes=\"(max-width: 640px) 100vw, 640px\" \/> <img loading=\"lazy\" decoding=\"async\" class=\"alignnone size-large wp-image-2018\" src=\"http:\/\/zelenykomin.cz\/wp-content\/uploads\/2026\/08\/729437556_1557554486381465_4745509918487330810_n-1024x1024.jpg\" alt=\"\" width=\"640\" height=\"640\" srcset=\"http:\/\/zelenykomin.cz\/wp-content\/uploads\/2026\/08\/729437556_1557554486381465_4745509918487330810_n-1024x1024.jpg 1024w, http:\/\/zelenykomin.cz\/wp-content\/uploads\/2026\/08\/729437556_1557554486381465_4745509918487330810_n-300x300.jpg 300w, http:\/\/zelenykomin.cz\/wp-content\/uploads\/2026\/08\/729437556_1557554486381465_4745509918487330810_n-150x150.jpg 150w, http:\/\/zelenykomin.cz\/wp-content\/uploads\/2026\/08\/729437556_1557554486381465_4745509918487330810_n-768x768.jpg 768w, http:\/\/zelenykomin.cz\/wp-content\/uploads\/2026\/08\/729437556_1557554486381465_4745509918487330810_n.jpg 1536w\" sizes=\"(max-width: 640px) 100vw, 640px\" \/><\/p>\n","protected":false},"excerpt":{"rendered":"<p>Ka\u0161na u radnice pro\u0161la kompletn\u00ed rekonstrukc\u00ed . Jej\u00ed p\u016fvodn\u00ed charakter podle n\u00e1vrhu architekta Pavla Pek\u00e1ra z\u016fstal zachov\u00e1n. V\u011b\u0159\u00edme, \u017ee bude slou\u017eit dal\u0161\u00ed des\u00edtky let. Rekonstrukc\u00ed pro\u0161la tak\u00e9 ka\u0161na u kostela.<\/p>\n","protected":false},"author":9,"featured_media":0,"comment_status":"open","ping_status":"open","sticky":false,"template":"","format":"gallery","meta":{"footnotes":""},"categories":[8],"tags":[],"_links":{"self":[{"href":"http:\/\/zelenykomin.cz\/index.php?rest_route=\/wp\/v2\/posts\/2015"}],"collection":[{"href":"http:\/\/zelenykomin.cz\/index.php?rest_route=\/wp\/v2\/posts"}],"about":[{"href":"http:\/\/zelenykomin.cz\/index.php?rest_route=\/wp\/v2\/types\/post"}],"author":[{"embeddable":true,"href":"http:\/\/zelenykomin.cz\/index.php?rest_route=\/wp\/v2\/users\/9"}],"replies":[{"embeddable":true,"href":"http:\/\/zelenykomin.cz\/index.php?rest_route=%2Fwp%2Fv2%2Fcomments&post=2015"}],"version-history":[{"count":1,"href":"http:\/\/zelenykomin.cz\/index.php?rest_route=\/wp\/v2\/posts\/2015\/revisions"}],"predecessor-version":[{"id":2019,"href":"http:\/\/zelenykomin.cz\/index.php?rest_route=\/wp\/v2\/posts\/2015\/revisions\/2019"}],"wp:attachment":[{"href":"http:\/\/zelenykomin.cz\/index.php?rest_route=%2Fwp%2Fv2%2Fmedia&parent=2015"}],"wp:term":[{"taxonomy":"category","embeddable":true,"href":"http:\/\/zelenykomin.cz\/index.php?rest_route=%2Fwp%2Fv2%2Fcategories&post=2015"},{"taxonomy":"post_tag","embeddable":true,"href":"http:\/\/zelenykomin.cz\/index.php?rest_route=%2Fwp%2Fv2%2Ftags&post=2015"}],"curies":[{"name":"wp","href":"https:\/\/api.w.org\/{rel}","templated":true}]}}