{"id":196,"date":"2013-12-12T20:53:50","date_gmt":"2013-12-12T19:53:50","guid":{"rendered":"http:\/\/zelenykomin.cz\/?p=196"},"modified":"2014-11-26T10:31:13","modified_gmt":"2014-11-26T09:31:13","slug":"dialog-o-tvari-ceske-politiky","status":"publish","type":"post","link":"http:\/\/zelenykomin.cz\/?p=196","title":{"rendered":"Dialog o tv\u00e1\u0159i \u010desk\u00e9 politiky"},"content":{"rendered":"<p>[p\u0159\u00edsp\u011bvek z 15. 10. 2013]<\/p>\n<p>Srde\u010dn\u011b V\u00e1s zveme na diskuzn\u00ed ve\u010der s\u00a0Jitkou Seitlovou, d\u0159\u00edv\u011bj\u0161\u00ed z\u00e1stupkyni ombudsmana, sou\u010dasnou jedni\u010dkou Strany zelen\u00fdch na ji\u017en\u00ed Morav\u011b,<!--more--> Eli\u0161kou Wagnerovou, sen\u00e1torkou, emeritn\u00ed \u00fastavn\u00ed soudkyn\u00ed a V\u00e1clavem L\u00e1skou, protikorup\u010dn\u00edm aktivistou, l\u00eddrem kandid\u00e1tky Strany zelen\u00fdch ve St\u0159edo\u010desk\u00e9m kraji. Ve\u010derem bude prov\u00e1d\u011bt B\u0159etislav Rychl\u00edk.<\/p>\n<p>Nechceme V\u00e1s seznamovat jen s\u00a0na\u0161imi vizemi, ale r\u00e1dy bychom od V\u00e1s sly\u0161ely, jak si p\u0159edstavujete tv\u00e1\u0159 modern\u00ed \u010desk\u00e9 politiky pr\u00e1v\u011b Vy.<\/p>\n<p><b>KDY: ned\u011ble 20.20. 2013 od 18:00 hod.<\/b><\/p>\n<p><b>KDE:<\/b> Divadlo Husa na, prov\u00e1zku, Kongresov\u00e1 s\u00e1l, Zelen\u00fd trh 9, Brno<\/p>\n<p>Bez vstupn\u00e9ho. Po skon\u010den\u00ed akce n\u00e1sleduje mal\u00e9 poho\u0161t\u011bn\u00ed.<\/p>\n<p><a href=\"http:\/\/zelenykomin.cz\/wp-content\/uploads\/2013\/12\/beseda.png\"><img loading=\"lazy\" decoding=\"async\" class=\"alignnone  wp-image-203\" alt=\"beseda\" src=\"http:\/\/zelenykomin.cz\/wp-content\/uploads\/2013\/12\/beseda-300x107.png\" width=\"600\" height=\"207\" \/><\/a><\/p>\n<p>&nbsp;<\/p>\n","protected":false},"excerpt":{"rendered":"<p>[p\u0159\u00edsp\u011bvek z 15. 10. 2013] Srde\u010dn\u011b V\u00e1s zveme na diskuzn\u00ed ve\u010der s\u00a0Jitkou Seitlovou, d\u0159\u00edv\u011bj\u0161\u00ed z\u00e1stupkyni ombudsmana, sou\u010dasnou jedni\u010dkou Strany zelen\u00fdch na ji\u017en\u00ed Morav\u011b,<\/p>\n","protected":false},"author":1,"featured_media":29,"comment_status":"open","ping_status":"open","sticky":false,"template":"","format":"standard","meta":{"footnotes":""},"categories":[5],"tags":[],"_links":{"self":[{"href":"http:\/\/zelenykomin.cz\/index.php?rest_route=\/wp\/v2\/posts\/196"}],"collection":[{"href":"http:\/\/zelenykomin.cz\/index.php?rest_route=\/wp\/v2\/posts"}],"about":[{"href":"http:\/\/zelenykomin.cz\/index.php?rest_route=\/wp\/v2\/types\/post"}],"author":[{"embeddable":true,"href":"http:\/\/zelenykomin.cz\/index.php?rest_route=\/wp\/v2\/users\/1"}],"replies":[{"embeddable":true,"href":"http:\/\/zelenykomin.cz\/index.php?rest_route=%2Fwp%2Fv2%2Fcomments&post=196"}],"version-history":[{"count":9,"href":"http:\/\/zelenykomin.cz\/index.php?rest_route=\/wp\/v2\/posts\/196\/revisions"}],"predecessor-version":[{"id":220,"href":"http:\/\/zelenykomin.cz\/index.php?rest_route=\/wp\/v2\/posts\/196\/revisions\/220"}],"wp:featuredmedia":[{"embeddable":true,"href":"http:\/\/zelenykomin.cz\/index.php?rest_route=\/wp\/v2\/media\/29"}],"wp:attachment":[{"href":"http:\/\/zelenykomin.cz\/index.php?rest_route=%2Fwp%2Fv2%2Fmedia&parent=196"}],"wp:term":[{"taxonomy":"category","embeddable":true,"href":"http:\/\/zelenykomin.cz\/index.php?rest_route=%2Fwp%2Fv2%2Fcategories&post=196"},{"taxonomy":"post_tag","embeddable":true,"href":"http:\/\/zelenykomin.cz\/index.php?rest_route=%2Fwp%2Fv2%2Ftags&post=196"}],"curies":[{"name":"wp","href":"https:\/\/api.w.org\/{rel}","templated":true}]}}