{"id":193,"date":"2013-12-12T20:50:50","date_gmt":"2013-12-12T19:50:50","guid":{"rendered":"http:\/\/zelenykomin.cz\/?p=193"},"modified":"2014-11-26T10:32:16","modified_gmt":"2014-11-26T09:32:16","slug":"postrehy-z-norka-2","status":"publish","type":"post","link":"http:\/\/zelenykomin.cz\/?p=193","title":{"rendered":"Post\u0159ehy z Norka"},"content":{"rendered":"<p style=\"text-align: justify;\">[p\u0159\u00edsp\u011bvek ze 04. 10. 2013]<\/p>\n<p style=\"text-align: justify;\">Norsko b\u00fdv\u00e1 \u010dasto poj\u00edm\u00e1no jako zem\u011b, kde mus\u00ed ekologick\u00e9 strany jasn\u011b v\u00e9vodit politick\u00e9mu spektru. <!--more-->Politick\u00e9 strany s ekologickou tematikou pat\u0159\u00ed ale sp\u00ed\u0161e k\u00a0t\u011bm men\u0161\u00edm stran\u00e1m, jeliko\u017e ekologick\u00e9 probl\u00e9my zaj\u00edmaj\u00ed v\u0161echny politick\u00e9 strany a v sou\u010dasn\u00e9 dob\u011b voleb se o ekologii mluv\u00ed velmi \u010dasto \u2013 hlavn\u00edm t\u00e9matem je glob\u00e1ln\u00ed oteplov\u00e1n\u00ed. To ukazuje na d\u016fle\u017eitost, jakou Norov\u00e9 p\u0159ikl\u00e1daj\u00ed sv\u00e9 n\u00e1dhern\u00e9 p\u0159\u00edrod\u011b a \u010dist\u00e9mu ovzdu\u0161\u00ed.<\/p>\n<p style=\"text-align: justify;\">Norov\u00e9 jsou velmi otev\u0159en\u00ed a liber\u00e1ln\u00ed, \u010deho\u017e si v\u0161imnete po p\u00e1r dnech str\u00e1ven\u00fdch v t\u00e9to zemi. M\u016f\u017ee to samoz\u0159ejm\u011b souviset tak\u00e9 se stavem norsk\u00e9 ekonomiky, kter\u00e1 ned\u011bl\u00e1 v\u011bt\u0161in\u011b Nor\u016f probl\u00e9my. A probl\u00e9my o\u010dividn\u011b Norov\u00e9 nemaj\u00ed ani s velk\u00fdm po\u010dtem imigrant\u016f, jejich\u017e po\u010det v hlavn\u00edm m\u011bst\u011b vzrostl na jednu t\u0159etinu z celkov\u00e9ho po\u010dtu obyvatel Osla. Norov\u00e9 sv\u00e9 imigranty berou jako pr\u00e1voplatn\u00e9 Nory, kte\u0159\u00ed se cht\u011bj\u00ed v\u00a0jejich zemi usadit a seriozn\u011b fungovat. Lid\u00e9, se kter\u00fdmi jsem mohl mluvit, berou imigranty jako p\u0159\u00edle\u017eitost pro Norsko, jako zpest\u0159en\u00ed sv\u00e9 kultury a jako nov\u00e9 mozky pro v\u00fdzkum a v\u00fdvoj. Smutn\u00e9 ud\u00e1losti souvisej\u00edc\u00ed s\u00a0teroristick\u00fdm \u00fatokem nedaleko Osla dost\u00e1vaj\u00ed jin\u00fd rozm\u011br. Imigrace skute\u010dn\u011b \u00a0nen\u00ed vn\u00edm\u00e1na jako probl\u00e9m a v\u011bt\u0161ina politick\u00fdch stran se proti n\u00ed tak\u00e9 nevymezuje.<\/p>\n<p style=\"text-align: justify;\">Co je na Norsku typick\u00e9, je vztah k p\u0159\u00edrod\u011b. Pitn\u00e1 voda v Oslu poch\u00e1z\u00ed z jednoho z jezer v okol\u00ed Osla. Jezera jsou \u010dist\u00e1, v okol\u00ed jsou osv\u011btlen\u00e9 b\u011b\u017eeck\u00e9 trasy s mno\u017estv\u00edm cyklist\u016f a b\u011b\u017ec\u016f, v ledov\u00fdch jezerech se koupou m\u00edstn\u00ed otu\u017eilci. Na m\u00edstech s koncentrac\u00ed lid\u00ed jsou odpadkov\u00e9 ko\u0161e na nedopalky. P\u0159edev\u0161\u00edm u univerzity a kolej\u00ed opravdu nevid\u00edte hromady nedopalk\u016f v tr\u00e1v\u011b. Odpadkov\u00e9 ko\u0161e najdete na lesn\u00edch cest\u00e1ch. T\u0159\u00edd\u00ed se zde, stejn\u011b jako v\u00a0 \u010cesk\u00e9 republice, na plasty \u00a0nebo pap\u00edr. Pap\u00edr t\u0159\u00edd\u00edte do speci\u00e1ln\u00edch kontejner\u016f. Plast potom d\u00e1v\u00e1te do modr\u00fdch pytl\u016f, kter\u00e9 si vyzvednete zdarma v jak\u00e9mkoli obchod\u011b, a tento pytel vyhod\u00edte do komun\u00e1ln\u00edho odpadu \u2013 odtud je pozd\u011bji vyt\u0159\u00edd\u011bn. Samostatnou kapitolou je v\u00a0Norsku t\u0159\u00edd\u011bn\u00ed bioodpadu. Tento se t\u0159\u00edd\u00ed do zelen\u00fdch pytl\u016f a tak\u00e9 se d\u00e1v\u00e1 do komun\u00e1ln\u00edho odpadu. Plechovky spolu se sklem jsou vratn\u00e9 stejn\u00fdm zp\u016fsobem jako v \u010cR.<\/p>\n<p style=\"text-align: justify;\">Norsko je zem\u011b, kter\u00e1 m\u011bla na zm\u011bny v\u00edce \u010dasu, na rozd\u00edl od \u010cesk\u00e9 republiky. M\u016f\u017ee toho hodn\u011b nab\u00eddnout. L\u00edb\u00ed se mi za\u017eit\u00e1 tradice, \u017ee ned\u011ble je voln\u00fdm dnem, kdy m\u00e1 m\u00edt rodina \u010das na sebe a na v\u00fdlety do p\u0159\u00edrody, m\u00edsto n\u00e1v\u0161t\u011bv obchodn\u00edch dom\u016f. Sympatick\u00fd je p\u0159\u00edstup k rodin\u00e1m a d\u011btem. Zdej\u0161\u00ed koleje maj\u00ed standardn\u011b v nab\u00eddce byty pro rodiny s\u00a0d\u011btmi. Na univerzit\u011b se v\u0161ude dostanete se sv\u00fdmi d\u011btmi.<\/p>\n<p style=\"text-align: justify;\">Na p\u0159echodech m\u00e1te absolutn\u00ed p\u0159ednost a auta musej\u00ed zastavit, co\u017e tak\u00e9 v\u0161ichni \u0159idi\u010di d\u011blaj\u00ed. Mo\u017en\u00e1 d\u00edky z\u00e1vratn\u011b vysok\u00fdm cen\u00e1m alkoholu a prodeji omezen\u00e9mu pouze na st\u00e1tn\u00ed obchody tady nevid\u00edte na ka\u017ed\u00e9m kroku hernu a neexistuj\u00ed v\u00fdtr\u017enosti s hernami spojen\u00e9. Norsko ur\u010dit\u011b nab\u00edz\u00ed mno\u017estv\u00ed v\u011bc\u00ed, kter\u00e9 by mohly inspirovat zem\u011b ve st\u0159edn\u00ed Evrop\u011b \u2013 nap\u0159\u00edklad pr\u00e1v\u011b \u010ceskou republiku.<\/p>\n<p style=\"text-align: justify;\">Bc. Ivo Skopal, t.\u010d. na st\u00e1\u017ei v Norsku<\/p>\n<p style=\"text-align: justify;\">\u010clen ZO Strany Zelen\u00fdch Brno-Kom\u00edn<\/p>\n","protected":false},"excerpt":{"rendered":"<p>[p\u0159\u00edsp\u011bvek ze 04. 10. 2013] Norsko b\u00fdv\u00e1 \u010dasto poj\u00edm\u00e1no jako zem\u011b, kde mus\u00ed ekologick\u00e9 strany jasn\u011b v\u00e9vodit politick\u00e9mu spektru.<\/p>\n","protected":false},"author":1,"featured_media":21,"comment_status":"open","ping_status":"open","sticky":false,"template":"","format":"standard","meta":{"footnotes":""},"categories":[11],"tags":[],"_links":{"self":[{"href":"http:\/\/zelenykomin.cz\/index.php?rest_route=\/wp\/v2\/posts\/193"}],"collection":[{"href":"http:\/\/zelenykomin.cz\/index.php?rest_route=\/wp\/v2\/posts"}],"about":[{"href":"http:\/\/zelenykomin.cz\/index.php?rest_route=\/wp\/v2\/types\/post"}],"author":[{"embeddable":true,"href":"http:\/\/zelenykomin.cz\/index.php?rest_route=\/wp\/v2\/users\/1"}],"replies":[{"embeddable":true,"href":"http:\/\/zelenykomin.cz\/index.php?rest_route=%2Fwp%2Fv2%2Fcomments&post=193"}],"version-history":[{"count":2,"href":"http:\/\/zelenykomin.cz\/index.php?rest_route=\/wp\/v2\/posts\/193\/revisions"}],"predecessor-version":[{"id":195,"href":"http:\/\/zelenykomin.cz\/index.php?rest_route=\/wp\/v2\/posts\/193\/revisions\/195"}],"wp:featuredmedia":[{"embeddable":true,"href":"http:\/\/zelenykomin.cz\/index.php?rest_route=\/wp\/v2\/media\/21"}],"wp:attachment":[{"href":"http:\/\/zelenykomin.cz\/index.php?rest_route=%2Fwp%2Fv2%2Fmedia&parent=193"}],"wp:term":[{"taxonomy":"category","embeddable":true,"href":"http:\/\/zelenykomin.cz\/index.php?rest_route=%2Fwp%2Fv2%2Fcategories&post=193"},{"taxonomy":"post_tag","embeddable":true,"href":"http:\/\/zelenykomin.cz\/index.php?rest_route=%2Fwp%2Fv2%2Ftags&post=193"}],"curies":[{"name":"wp","href":"https:\/\/api.w.org\/{rel}","templated":true}]}}