{"id":1828,"date":"2026-04-16T13:25:43","date_gmt":"2026-04-16T11:25:43","guid":{"rendered":"https:\/\/zelenykomin.cz\/?p=1828"},"modified":"2026-04-16T13:27:01","modified_gmt":"2026-04-16T11:27:01","slug":"zdravime-nase-priznivce-ve-volebnim-roce-2026","status":"publish","type":"post","link":"http:\/\/zelenykomin.cz\/?p=1828","title":{"rendered":"Zdrav\u00edme na\u0161e p\u0159\u00edznivce ve volebn\u00edm roce 2026!"},"content":{"rendered":"<div class=\"xdj266r x14z9mp xat24cr x1lziwak x1vvkbs x126k92a\">\n<div dir=\"auto\">D\u011bkujeme v\u00e1m za st\u00e1lou p\u0159\u00edze\u0148.<\/div>\n<div dir=\"auto\"><\/div>\n<\/div>\n<div class=\"x14z9mp xat24cr x1lziwak x1vvkbs xtlvy1s x126k92a\">\n<div dir=\"auto\"><strong>Tento rok n\u00e1s op\u011bt po 4 letech \u010dekaj\u00ed volby do kom\u00ednsk\u00e9ho zastupitelstva. Term\u00edn je stanoven na p\u00e1tek a sobotu 9. a 10. \u0159\u00edjna 2026.<\/strong><\/div>\n<div dir=\"auto\"><\/div>\n<\/div>\n<div class=\"x14z9mp xat24cr x1lziwak x1vvkbs xtlvy1s x126k92a\">\n<div dir=\"auto\">V uplynul\u00e9m volebn\u00edm obdob\u00ed prob\u011bhlo v Kom\u00edn\u011b mnoho vyda\u0159en\u00fdch a praktick\u00fdch realizac\u00ed, o kter\u00fdch v\u00e1s budeme podrobn\u011bji informovat:<\/div>\n<\/div>\n<div class=\"x14z9mp xat24cr x1lziwak x1vvkbs xtlvy1s x126k92a\">\n<div dir=\"auto\">&#8211; obnova ve\u0159ejn\u00e9ho prostoru Urb\u00e1nkova<\/div>\n<div dir=\"auto\">&#8211; obnova ve\u0159ejn\u00e9ho prostoru mezi Urxovou a Jo\u017eky Jab\u016frkov\u00e9<\/div>\n<div dir=\"auto\">&#8211; n\u00e1stavba u\u010deben a kabinetu na Z\u0160 a M\u0160 Pastviny<\/div>\n<div dir=\"auto\">&#8211; obnova d\u011btsk\u00fdch h\u0159i\u0161\u0165 (oplocen\u00ed, st\u00edn\u011bn\u00ed)<\/div>\n<div dir=\"auto\"><\/div>\n<\/div>\n<div class=\"x14z9mp xat24cr x1lziwak x1vvkbs xtlvy1s x126k92a\">\n<div dir=\"auto\">Aktu\u00e1ln\u011b b\u011b\u017e\u00ed \u010dasov\u011b n\u00e1ro\u010dn\u00e9 akce, kter\u00e9 budou v brzk\u00e9 dob\u011b dokon\u010deny:<\/div>\n<\/div>\n<div class=\"x14z9mp xat24cr x1lziwak x1vvkbs xtlvy1s x126k92a\">\n<div dir=\"auto\">&#8211; rekonstrukce Star\u00e9 hasi\u010dky a p\u0159ilehl\u00e9ho ve\u0159ejn\u00e9ho prostranstv\u00ed<\/div>\n<div dir=\"auto\">&#8211; rekonstrukce a roz\u0161\u00ed\u0159en\u00ed kuchyn\u011b a j\u00eddelny na Z\u0160 a M\u0160 Pastviny<\/div>\n<div dir=\"auto\"><\/div>\n<\/div>\n<div class=\"x14z9mp xat24cr x1lziwak x1vvkbs xtlvy1s x126k92a\">\n<div dir=\"auto\">A je\u0161t\u011b rozb\u00edh\u00e1me d\u016fle\u017eit\u00e9 opravy a stavby:<\/div>\n<\/div>\n<div class=\"x14z9mp xat24cr x1lziwak x1vvkbs xtlvy1s x126k92a\">\n<div dir=\"auto\">&#8211; kompletn\u00ed rekonstrukce ka\u0161en u kostela a radnice<\/div>\n<div dir=\"auto\">&#8211; nov\u00e9 h\u0159i\u0161t\u011b \u0158ez\u00e1\u010dova<\/div>\n<div dir=\"auto\">&#8211; nov\u00e9 podzemn\u00ed kontejnery na odpad \u2013 lokalita Absolonova<\/div>\n<div dir=\"auto\">&#8211; roz\u0161\u00ed\u0159en\u00ed parkov\u00e1n\u00ed u \u201emal\u00e9 Billy\u201c na Vav\u0159ineck\u00e9<\/div>\n<div dir=\"auto\">&#8211; podpora ps\u00edho \u00fatulku a jeho roz\u0161\u00ed\u0159en\u00ed<\/div>\n<\/div>\n<div dir=\"auto\"><\/div>\n<div dir=\"auto\">\n<div dir=\"auto\">O v\u0161ech d\u016fle\u017e\u00edt\u00fdch v\u011bcech v\u00e1s budeme informovat.<\/div>\n<div dir=\"auto\">D\u011bkujeme.<\/div>\n<\/div>\n<div dir=\"auto\"><\/div>\n<div dir=\"auto\"><\/div>\n<div class=\"x14z9mp xat24cr x1lziwak x1vvkbs xtlvy1s x126k92a\">\n<div dir=\"auto\"><img loading=\"lazy\" decoding=\"async\" class=\"alignnone wp-image-1836 size-large\" src=\"http:\/\/zelenykomin.cz\/wp-content\/uploads\/2026\/04\/20260116_110023-1024x576.jpg\" alt=\"\" width=\"640\" height=\"360\" srcset=\"http:\/\/zelenykomin.cz\/wp-content\/uploads\/2026\/04\/20260116_110023-1024x576.jpg 1024w, http:\/\/zelenykomin.cz\/wp-content\/uploads\/2026\/04\/20260116_110023-300x169.jpg 300w, http:\/\/zelenykomin.cz\/wp-content\/uploads\/2026\/04\/20260116_110023-768x432.jpg 768w, http:\/\/zelenykomin.cz\/wp-content\/uploads\/2026\/04\/20260116_110023-1536x864.jpg 1536w, http:\/\/zelenykomin.cz\/wp-content\/uploads\/2026\/04\/20260116_110023-2048x1153.jpg 2048w\" sizes=\"(max-width: 640px) 100vw, 640px\" \/><\/div>\n<div dir=\"auto\"><img loading=\"lazy\" decoding=\"async\" class=\"alignnone wp-image-1831 size-large\" src=\"http:\/\/zelenykomin.cz\/wp-content\/uploads\/2026\/04\/20260411_105945-1024x576.jpg\" alt=\"\" width=\"640\" height=\"360\" srcset=\"http:\/\/zelenykomin.cz\/wp-content\/uploads\/2026\/04\/20260411_105945-1024x576.jpg 1024w, http:\/\/zelenykomin.cz\/wp-content\/uploads\/2026\/04\/20260411_105945-300x169.jpg 300w, http:\/\/zelenykomin.cz\/wp-content\/uploads\/2026\/04\/20260411_105945-768x432.jpg 768w, http:\/\/zelenykomin.cz\/wp-content\/uploads\/2026\/04\/20260411_105945-1536x864.jpg 1536w, http:\/\/zelenykomin.cz\/wp-content\/uploads\/2026\/04\/20260411_105945-2048x1153.jpg 2048w\" sizes=\"(max-width: 640px) 100vw, 640px\" \/><\/div>\n<div dir=\"auto\"><img loading=\"lazy\" decoding=\"async\" class=\"alignnone wp-image-1830 size-large\" src=\"http:\/\/zelenykomin.cz\/wp-content\/uploads\/2026\/04\/20260411_110224-1024x576.jpg\" alt=\"\" width=\"640\" height=\"360\" srcset=\"http:\/\/zelenykomin.cz\/wp-content\/uploads\/2026\/04\/20260411_110224-1024x576.jpg 1024w, http:\/\/zelenykomin.cz\/wp-content\/uploads\/2026\/04\/20260411_110224-300x169.jpg 300w, http:\/\/zelenykomin.cz\/wp-content\/uploads\/2026\/04\/20260411_110224-768x432.jpg 768w, http:\/\/zelenykomin.cz\/wp-content\/uploads\/2026\/04\/20260411_110224-1536x864.jpg 1536w, http:\/\/zelenykomin.cz\/wp-content\/uploads\/2026\/04\/20260411_110224-2048x1153.jpg 2048w\" sizes=\"(max-width: 640px) 100vw, 640px\" \/><\/div>\n<div dir=\"auto\"><img loading=\"lazy\" decoding=\"async\" class=\"alignnone wp-image-1833 size-large\" src=\"http:\/\/zelenykomin.cz\/wp-content\/uploads\/2026\/04\/20260411_104644-1024x576.jpg\" alt=\"\" width=\"640\" height=\"360\" srcset=\"http:\/\/zelenykomin.cz\/wp-content\/uploads\/2026\/04\/20260411_104644-1024x576.jpg 1024w, http:\/\/zelenykomin.cz\/wp-content\/uploads\/2026\/04\/20260411_104644-300x169.jpg 300w, http:\/\/zelenykomin.cz\/wp-content\/uploads\/2026\/04\/20260411_104644-768x432.jpg 768w, http:\/\/zelenykomin.cz\/wp-content\/uploads\/2026\/04\/20260411_104644-1536x864.jpg 1536w, http:\/\/zelenykomin.cz\/wp-content\/uploads\/2026\/04\/20260411_104644-2048x1153.jpg 2048w\" sizes=\"(max-width: 640px) 100vw, 640px\" \/><\/div>\n<div dir=\"auto\"><img loading=\"lazy\" decoding=\"async\" class=\"alignnone wp-image-1835 size-large\" src=\"http:\/\/zelenykomin.cz\/wp-content\/uploads\/2026\/04\/20251208_092042-1-1024x576.jpg\" alt=\"\" width=\"640\" height=\"360\" srcset=\"http:\/\/zelenykomin.cz\/wp-content\/uploads\/2026\/04\/20251208_092042-1-1024x576.jpg 1024w, http:\/\/zelenykomin.cz\/wp-content\/uploads\/2026\/04\/20251208_092042-1-300x169.jpg 300w, http:\/\/zelenykomin.cz\/wp-content\/uploads\/2026\/04\/20251208_092042-1-768x432.jpg 768w, http:\/\/zelenykomin.cz\/wp-content\/uploads\/2026\/04\/20251208_092042-1-1536x864.jpg 1536w, http:\/\/zelenykomin.cz\/wp-content\/uploads\/2026\/04\/20251208_092042-1-2048x1153.jpg 2048w\" sizes=\"(max-width: 640px) 100vw, 640px\" \/><img loading=\"lazy\" decoding=\"async\" class=\"alignnone wp-image-1832 size-large\" src=\"http:\/\/zelenykomin.cz\/wp-content\/uploads\/2026\/04\/20260411_105056-1024x576.jpg\" alt=\"\" width=\"640\" height=\"360\" srcset=\"http:\/\/zelenykomin.cz\/wp-content\/uploads\/2026\/04\/20260411_105056-1024x576.jpg 1024w, http:\/\/zelenykomin.cz\/wp-content\/uploads\/2026\/04\/20260411_105056-300x169.jpg 300w, http:\/\/zelenykomin.cz\/wp-content\/uploads\/2026\/04\/20260411_105056-768x432.jpg 768w, http:\/\/zelenykomin.cz\/wp-content\/uploads\/2026\/04\/20260411_105056-1536x864.jpg 1536w, http:\/\/zelenykomin.cz\/wp-content\/uploads\/2026\/04\/20260411_105056-2048x1153.jpg 2048w\" sizes=\"(max-width: 640px) 100vw, 640px\" \/><\/div>\n<div dir=\"auto\">\u00a0<img loading=\"lazy\" decoding=\"async\" class=\"alignnone wp-image-1834 size-large\" src=\"http:\/\/zelenykomin.cz\/wp-content\/uploads\/2026\/04\/20251208_092701-576x1024.jpg\" alt=\"\" width=\"576\" height=\"1024\" srcset=\"http:\/\/zelenykomin.cz\/wp-content\/uploads\/2026\/04\/20251208_092701-576x1024.jpg 576w, http:\/\/zelenykomin.cz\/wp-content\/uploads\/2026\/04\/20251208_092701-169x300.jpg 169w, http:\/\/zelenykomin.cz\/wp-content\/uploads\/2026\/04\/20251208_092701-768x1365.jpg 768w, http:\/\/zelenykomin.cz\/wp-content\/uploads\/2026\/04\/20251208_092701-864x1536.jpg 864w, http:\/\/zelenykomin.cz\/wp-content\/uploads\/2026\/04\/20251208_092701-1153x2048.jpg 1153w, http:\/\/zelenykomin.cz\/wp-content\/uploads\/2026\/04\/20251208_092701-scaled.jpg 1441w\" sizes=\"(max-width: 576px) 100vw, 576px\" \/><\/div>\n<div dir=\"auto\"><\/div>\n<\/div>\n<div class=\"x14z9mp xat24cr x1lziwak x1vvkbs xtlvy1s x126k92a\">\n<div dir=\"auto\"><\/div>\n<\/div>\n","protected":false},"excerpt":{"rendered":"<p>D\u011bkujeme v\u00e1m za st\u00e1lou p\u0159\u00edze\u0148. Tento rok n\u00e1s op\u011bt po 4 letech \u010dekaj\u00ed volby do kom\u00ednsk\u00e9ho zastupitelstva. Term\u00edn je stanoven na p\u00e1tek a sobotu 9. a 10. \u0159\u00edjna 2026. V uplynul\u00e9m volebn\u00edm obdob\u00ed prob\u011bhlo v Kom\u00edn\u011b mnoho vyda\u0159en\u00fdch a praktick\u00fdch &hellip; <a href=\"http:\/\/zelenykomin.cz\/?p=1828\">Cel\u00fd p\u0159\u00edsp\u011bvek <span class=\"meta-nav\">&rarr;<\/span><\/a><\/p>\n","protected":false},"author":9,"featured_media":0,"comment_status":"open","ping_status":"open","sticky":false,"template":"","format":"gallery","meta":{"footnotes":""},"categories":[9],"tags":[],"_links":{"self":[{"href":"http:\/\/zelenykomin.cz\/index.php?rest_route=\/wp\/v2\/posts\/1828"}],"collection":[{"href":"http:\/\/zelenykomin.cz\/index.php?rest_route=\/wp\/v2\/posts"}],"about":[{"href":"http:\/\/zelenykomin.cz\/index.php?rest_route=\/wp\/v2\/types\/post"}],"author":[{"embeddable":true,"href":"http:\/\/zelenykomin.cz\/index.php?rest_route=\/wp\/v2\/users\/9"}],"replies":[{"embeddable":true,"href":"http:\/\/zelenykomin.cz\/index.php?rest_route=%2Fwp%2Fv2%2Fcomments&post=1828"}],"version-history":[{"count":4,"href":"http:\/\/zelenykomin.cz\/index.php?rest_route=\/wp\/v2\/posts\/1828\/revisions"}],"predecessor-version":[{"id":1841,"href":"http:\/\/zelenykomin.cz\/index.php?rest_route=\/wp\/v2\/posts\/1828\/revisions\/1841"}],"wp:attachment":[{"href":"http:\/\/zelenykomin.cz\/index.php?rest_route=%2Fwp%2Fv2%2Fmedia&parent=1828"}],"wp:term":[{"taxonomy":"category","embeddable":true,"href":"http:\/\/zelenykomin.cz\/index.php?rest_route=%2Fwp%2Fv2%2Fcategories&post=1828"},{"taxonomy":"post_tag","embeddable":true,"href":"http:\/\/zelenykomin.cz\/index.php?rest_route=%2Fwp%2Fv2%2Ftags&post=1828"}],"curies":[{"name":"wp","href":"https:\/\/api.w.org\/{rel}","templated":true}]}}