{"id":1756,"date":"2022-09-04T20:36:08","date_gmt":"2022-09-04T18:36:08","guid":{"rendered":"http:\/\/zelenykomin.cz\/?p=1756"},"modified":"2022-09-20T09:06:00","modified_gmt":"2022-09-20T07:06:00","slug":"nase-kandidatka-pro-podzimni-volby","status":"publish","type":"post","link":"http:\/\/zelenykomin.cz\/?p=1756","title":{"rendered":"Na\u0161e kandid\u00e1tka pro podzimn\u00ed volby"},"content":{"rendered":"<p><a href=\"http:\/\/zelenykomin.cz\/wp-content\/uploads\/2022\/08\/kandidatka_2022-14-kostel.jpg\"><img loading=\"lazy\" decoding=\"async\" class=\"alignnone size-full wp-image-1752\" src=\"http:\/\/zelenykomin.cz\/wp-content\/uploads\/2022\/08\/kandidatka_2022-14-kostel.jpg\" alt=\"kandidatka_2022-14-kostel\" width=\"1181\" height=\"787\" srcset=\"http:\/\/zelenykomin.cz\/wp-content\/uploads\/2022\/08\/kandidatka_2022-14-kostel.jpg 1181w, http:\/\/zelenykomin.cz\/wp-content\/uploads\/2022\/08\/kandidatka_2022-14-kostel-300x199.jpg 300w, http:\/\/zelenykomin.cz\/wp-content\/uploads\/2022\/08\/kandidatka_2022-14-kostel-1024x682.jpg 1024w\" sizes=\"(max-width: 1181px) 100vw, 1181px\" \/><\/a><\/p>\n<p>Do podzimn\u00edch komun\u00e1ln\u00edch voleb jdeme s \u010d\u00edslem 7. Na\u0161i kandid\u00e1tku najdete <a title=\"KANDID\u00c1TKA 2022\" href=\"http:\/\/zelenykomin.cz\/?page_id=1114\">ZDE<\/a>. Chyst\u00e1me pro V\u00e1s op\u011bt volebn\u00ed noviny s informacemi o na\u0161ich pl\u00e1nech, z\u00e1m\u011brech, n\u00e1padech.<\/p>\n<p>S \u010d\u00edm jsme spokojeni za minul\u00e9 volebn\u00ed obdob\u00ed a co bychom cht\u011bli v tom n\u00e1sleduj\u00edc\u00edm, najdete <a href=\"http:\/\/zelenykomin.cz\/?page_id=1767\">ZDE<\/a>.<\/p>\n<p>Srde\u010dn\u011b v\u00e1s zveme na spole\u010dn\u00e9 setk\u00e1n\u00ed s hudbou, programem a ob\u010derstven\u00edm pro d\u011bti i dosp\u011bl\u00e9 <strong>v ned\u011bli 11. z\u00e1\u0159\u00ed 2022 od 15 hodin na dopravn\u00edm h\u0159i\u0161ti. <\/strong><\/p>\n","protected":false},"excerpt":{"rendered":"<p>Do podzimn\u00edch komun\u00e1ln\u00edch voleb jdeme s \u010d\u00edslem 7. Na\u0161i kandid\u00e1tku najdete ZDE. Chyst\u00e1me pro V\u00e1s op\u011bt volebn\u00ed noviny s informacemi o na\u0161ich pl\u00e1nech, z\u00e1m\u011brech, n\u00e1padech. S \u010d\u00edm jsme spokojeni za minul\u00e9 volebn\u00ed obdob\u00ed a co bychom cht\u011bli v tom n\u00e1sleduj\u00edc\u00edm, &hellip; <a href=\"http:\/\/zelenykomin.cz\/?p=1756\">Cel\u00fd p\u0159\u00edsp\u011bvek <span class=\"meta-nav\">&rarr;<\/span><\/a><\/p>\n","protected":false},"author":6,"featured_media":0,"comment_status":"closed","ping_status":"closed","sticky":false,"template":"","format":"standard","meta":{"footnotes":""},"categories":[9],"tags":[],"_links":{"self":[{"href":"http:\/\/zelenykomin.cz\/index.php?rest_route=\/wp\/v2\/posts\/1756"}],"collection":[{"href":"http:\/\/zelenykomin.cz\/index.php?rest_route=\/wp\/v2\/posts"}],"about":[{"href":"http:\/\/zelenykomin.cz\/index.php?rest_route=\/wp\/v2\/types\/post"}],"author":[{"embeddable":true,"href":"http:\/\/zelenykomin.cz\/index.php?rest_route=\/wp\/v2\/users\/6"}],"replies":[{"embeddable":true,"href":"http:\/\/zelenykomin.cz\/index.php?rest_route=%2Fwp%2Fv2%2Fcomments&post=1756"}],"version-history":[{"count":12,"href":"http:\/\/zelenykomin.cz\/index.php?rest_route=\/wp\/v2\/posts\/1756\/revisions"}],"predecessor-version":[{"id":1780,"href":"http:\/\/zelenykomin.cz\/index.php?rest_route=\/wp\/v2\/posts\/1756\/revisions\/1780"}],"wp:attachment":[{"href":"http:\/\/zelenykomin.cz\/index.php?rest_route=%2Fwp%2Fv2%2Fmedia&parent=1756"}],"wp:term":[{"taxonomy":"category","embeddable":true,"href":"http:\/\/zelenykomin.cz\/index.php?rest_route=%2Fwp%2Fv2%2Fcategories&post=1756"},{"taxonomy":"post_tag","embeddable":true,"href":"http:\/\/zelenykomin.cz\/index.php?rest_route=%2Fwp%2Fv2%2Ftags&post=1756"}],"curies":[{"name":"wp","href":"https:\/\/api.w.org\/{rel}","templated":true}]}}