{"id":168,"date":"2013-12-12T20:21:39","date_gmt":"2013-12-12T19:21:39","guid":{"rendered":"http:\/\/zelenykomin.cz\/?p=168"},"modified":"2014-11-26T10:32:37","modified_gmt":"2014-11-26T09:32:37","slug":"zmena-up-rezacova","status":"publish","type":"post","link":"http:\/\/zelenykomin.cz\/?p=168","title":{"rendered":"Zm\u011bna UP \u0158ez\u00e1\u010dov\u00e1"},"content":{"rendered":"<p style=\"text-align: justify;\">[p\u0159\u00edsp\u011bvek z 28. 05. 2013]<\/p>\n<p style=\"text-align: justify;\"><b>Ob\u010dan\u00e9 bydl\u00edc\u00ed na ulici \u0158ez\u00e1\u010dova 2 se kone\u010dn\u011b do\u010dkali schv\u00e1len\u00ed z\u00e1m\u011bru prov\u011b\u0159en\u00ed polohy p\u0159\u00edjezdov\u00e9 komunikace mezi gar\u00e1\u017eov\u00fdm dvorem na ulici \u0158ez\u00e1\u010dova a severn\u00ed stranou h\u0159bitova.<!--more--><\/b><\/p>\n<p style=\"text-align: justify;\">Zastupitelstvo m\u011bsta Brna schv\u00e1lilo na sv\u00e9m jedn\u00e1n\u00ed 14. 5. 2013 pod bodem \u010d. 53 z\u00e1m\u011br po\u0159\u00eddit zm\u011bny \u00dazemn\u00edho pl\u00e1nu m\u011bsta Brna.<\/p>\n<p style=\"text-align: justify;\">V z\u00e1m\u011bru je uvedena i M\u010c Brno-Kom\u00edn a \u00fakol prov\u011b\u0159it mo\u017enost zm\u011bny \u010d\u00e1sti funk\u010dn\u00edch ploch ostatn\u00ed m\u011bstsk\u00e9 zelen\u011b, ploch pro dopravu, na plochy komunikace a prostranstv\u00ed m\u00edstn\u00edho v\u00fdznamu.<\/p>\n<p style=\"text-align: justify;\"><b>P\u0159edm\u011btem zm\u011bny je ur\u010den\u00ed definitivn\u00ed polohy p\u0159\u00edjezdov\u00e9 komunikace k\u00a0plo\u0161e \u010dist\u00e9ho bydlen\u00ed v\u00a0lokalit\u011b \u201eza h\u0159bitovem\u201c<\/b>.<\/p>\n<p style=\"text-align: justify;\">V\u00a0z\u00e1m\u011bru je tak\u00e9 zm\u00ednka o tom, \u017ee m\u011bstsk\u00e1 \u010d\u00e1st po\u017eaduje um\u00edst\u011bn\u00ed komunikace mezi gar\u00e1\u017eov\u00fdm dvorem na ulici \u0158ez\u00e1\u010dova a severn\u00ed stranou h\u0159bitova.<\/p>\n<p style=\"text-align: justify;\">Schv\u00e1len\u00ed z\u00e1m\u011bru znamen\u00e1 spu\u0161t\u011bn\u00ed dlouhodob\u00e9ho procesu zpracov\u00e1n\u00ed a schvalov\u00e1n\u00ed dokumentace p\u0159\u00edjezdov\u00e9 komunikace. Je to ale krok, kter\u00fd v\u00a0d\u016fsledku m\u011bn\u00ed veden\u00ed p\u016fvodn\u00ed trasy p\u0159\u00edjezdov\u00e9 komunikace pod bytov\u00fdm domem \u0158ez\u00e1\u010dova k\u00a0trase, kter\u00e9 d\u00e1vaj\u00ed ob\u010dan\u00e9 bydl\u00edc\u00ed na \u0158ez\u00e1\u010dov\u00e9 p\u0159ednost, tj. vedouc\u00ed mezi gar\u00e1\u017eemi a h\u0159bitovem.<\/p>\n<p style=\"text-align: justify;\">Milada Blatn\u00e1,<\/p>\n<p style=\"text-align: justify;\">Zastupitelka, SZ<\/p>\n","protected":false},"excerpt":{"rendered":"<p>[p\u0159\u00edsp\u011bvek z 28. 05. 2013] Ob\u010dan\u00e9 bydl\u00edc\u00ed na ulici \u0158ez\u00e1\u010dova 2 se kone\u010dn\u011b do\u010dkali schv\u00e1len\u00ed z\u00e1m\u011bru prov\u011b\u0159en\u00ed polohy p\u0159\u00edjezdov\u00e9 komunikace mezi gar\u00e1\u017eov\u00fdm dvorem na ulici \u0158ez\u00e1\u010dova a severn\u00ed stranou h\u0159bitova.<\/p>\n","protected":false},"author":1,"featured_media":30,"comment_status":"open","ping_status":"open","sticky":false,"template":"","format":"standard","meta":{"footnotes":""},"categories":[8,10],"tags":[],"_links":{"self":[{"href":"http:\/\/zelenykomin.cz\/index.php?rest_route=\/wp\/v2\/posts\/168"}],"collection":[{"href":"http:\/\/zelenykomin.cz\/index.php?rest_route=\/wp\/v2\/posts"}],"about":[{"href":"http:\/\/zelenykomin.cz\/index.php?rest_route=\/wp\/v2\/types\/post"}],"author":[{"embeddable":true,"href":"http:\/\/zelenykomin.cz\/index.php?rest_route=\/wp\/v2\/users\/1"}],"replies":[{"embeddable":true,"href":"http:\/\/zelenykomin.cz\/index.php?rest_route=%2Fwp%2Fv2%2Fcomments&post=168"}],"version-history":[{"count":3,"href":"http:\/\/zelenykomin.cz\/index.php?rest_route=\/wp\/v2\/posts\/168\/revisions"}],"predecessor-version":[{"id":171,"href":"http:\/\/zelenykomin.cz\/index.php?rest_route=\/wp\/v2\/posts\/168\/revisions\/171"}],"wp:featuredmedia":[{"embeddable":true,"href":"http:\/\/zelenykomin.cz\/index.php?rest_route=\/wp\/v2\/media\/30"}],"wp:attachment":[{"href":"http:\/\/zelenykomin.cz\/index.php?rest_route=%2Fwp%2Fv2%2Fmedia&parent=168"}],"wp:term":[{"taxonomy":"category","embeddable":true,"href":"http:\/\/zelenykomin.cz\/index.php?rest_route=%2Fwp%2Fv2%2Fcategories&post=168"},{"taxonomy":"post_tag","embeddable":true,"href":"http:\/\/zelenykomin.cz\/index.php?rest_route=%2Fwp%2Fv2%2Ftags&post=168"}],"curies":[{"name":"wp","href":"https:\/\/api.w.org\/{rel}","templated":true}]}}