{"id":163,"date":"2013-12-12T20:14:20","date_gmt":"2013-12-12T19:14:20","guid":{"rendered":"http:\/\/zelenykomin.cz\/?p=163"},"modified":"2014-11-26T10:32:44","modified_gmt":"2014-11-26T09:32:44","slug":"informace-ze-zastupitelstva-ve-zkratce-2","status":"publish","type":"post","link":"http:\/\/zelenykomin.cz\/?p=163","title":{"rendered":"Informace ze zastupitelstva ve zkratce:"},"content":{"rendered":"<p>[p\u0159\u00edsp\u011bvek z 19. 12. 2012]<\/p>\n<p><strong><span style=\"text-decoration: underline; color: #000000;\">Jedn\u00e1n\u00ed ZM\u010c \u010d. 6\/2012, dne 19.12.2012<\/span><\/strong><\/p>\n<p style=\"text-align: justify;\">A)\u00a0Byl <b>schv\u00e1len rozpo\u010det M\u010c Brno-Kom\u00edn na rok 2013<\/b>, kde <b>p\u0159\u00edjmy jsou ve v\u00fd\u0161i 25.868 tis. K\u010d, v\u00fddaje ve v\u00fd\u0161i 25.868 tis. K\u010d<\/b>.<\/p>\n<p style=\"text-align: justify;\"><!--more--> Vlivem nov\u00fdch\u00a0 rozpo\u010dtov\u00fdch pravidel, kdy do\u0161lo k\u00a0v\u00fdznamn\u00e9mu sn\u00ed\u017een\u00ed p\u0159\u00edjm\u016f m\u011bsta Brna je tak\u00e9 kom\u00ednsk\u00fd rozpo\u010det pro rok 2013 ni\u017e\u0161\u00ed oproti roku 2012 o 1.667.000,- K\u010d. Sn\u00ed\u017een\u00edm p\u0159\u00edjm\u016f do rozpo\u010dtu Kom\u00edna je posti\u017een rozpo\u010det cel\u00fd, nejv\u00edce se v\u0161ak nedost\u00e1v\u00e1 pen\u011bz na kom\u00ednsk\u00e9 \u0161kolstv\u00ed.<\/p>\n<p style=\"text-align: justify;\">B)\u00a0Navrhovali jsme roz\u0161\u00ed\u0159en\u00ed programu jedn\u00e1n\u00ed zastupitelstva o bod <b>Nesouhlas ZM\u010c B-K\u00a0 s n\u00e1vrhem \u201ePokyn\u016f pro dopracov\u00e1n\u00ed \u00dazemn\u00edho pl\u00e1nu m\u011bsta Brna&#8220;, jejich\u017e prvn\u00ed verze byla vzata na v\u011bdom\u00ed ZMB dne 11.12.2012.<\/b><\/p>\n<p style=\"text-align: justify;\"><span style=\"text-decoration: underline;\">N\u00e1vrh usnesen\u00ed:<\/span><\/p>\n<p style=\"text-align: justify;\">ZM\u010c B-K nesouhlas\u00ed se z\u00e1m\u011brem dopravn\u00edho propojen\u00ed Bystrc \u2013 Kom\u00edn \u2013 Medl\u00e1nky tak, jak je obsa\u017eeno v prvn\u00ed verzi n\u00e1vrhu Pokyn\u016f pro zpracov\u00e1n\u00ed n\u00e1vrhu \u00dazemn\u00edho pl\u00e1nu m\u011bsta Brna.<\/p>\n<p style=\"text-align: justify;\">ZM\u010c B-K nesouhlas\u00ed s postupem OUPR a n\u00e1sledn\u011b ZMB ve v\u011bci N\u00e1vrhu Pokyn\u016f pro zpracov\u00e1n\u00ed n\u00e1vrhu \u00dazemn\u00edho pl\u00e1nu m\u011bsta Brna, kdy byla prvn\u00ed verze vzata na v\u011bdom\u00ed bez p\u0159edchoz\u00edho vypo\u0159\u00e1d\u00e1n\u00ed p\u0159ipom\u00ednek M\u010c B-K.<\/p>\n<p style=\"text-align: justify;\">ZM\u010c B-K pov\u011b\u0159uje starostu, aby nesouhlas M\u010c B-K s\u00a0postupem ve v\u011bci N\u00e1vrhu Pokyn\u016f pro zpracov\u00e1n\u00ed n\u00e1vrhu \u00dazemn\u00edho pl\u00e1nu m\u011bsta Brna p\u0159edal veden\u00ed m\u011bsta Brna.<\/p>\n<p style=\"text-align: justify;\">N<span style=\"text-decoration: underline;\">avr\u017een\u00e9 zd\u016fvodn\u011bn\u00ed:<\/span><\/p>\n<p style=\"text-align: justify;\">N\u00e1vrh \u201ePokyn\u016f pro zpracov\u00e1n\u00ed n\u00e1vrhu \u00fazemn\u00edho pl\u00e1nu\u201c je z v\u011bcn\u00e9ho hlediska formulac\u00ed v\u00fdsledn\u00e9 varianty rozvoje m\u011bsta. Rozhodnut\u00ed ZMB o vzet\u00ed na v\u011bdom\u00ed prvn\u00ed verze n\u00e1vrhu Pokyn\u016f v\u00a0kone\u010dn\u00e9m d\u016fsledku znamen\u00e1 souhlas samospr\u00e1vn\u00fdch org\u00e1n\u016f s dal\u0161\u00edmi kroky OUPR MMB sm\u011brem k\u00a0rozpracov\u00e1v\u00e1n\u00ed z\u00e1m\u011br\u016f obsa\u017een\u00fdch v\u00a0Pokynech.<\/p>\n<p style=\"text-align: justify;\">Jedn\u00edm ze z\u00e1m\u011br\u016f je i \u0159e\u0161en\u00ed dopravn\u00edho propojen\u00ed Bystrce \u2013 Kom\u00edna \u2013 Medl\u00e1nek jako sb\u011brn\u00e9 komunikace. P\u0159itom v\u016f\u010di tomuto propojen\u00ed se v\u00a0peti\u010dn\u00edch p\u0159ipom\u00ednk\u00e1ch ohradili jak ob\u010dan\u00e9 Kom\u00edna, tak na sv\u00e9m jedn\u00e1n\u00ed\u00a0 \u010d. 2\/2011, pod bodem 13 i ZM\u010c B-K, kter\u00e9 toto silni\u010dn\u00ed propojen\u00ed odm\u00edtlo.<i><br \/>\n<\/i>Je tedy z\u0159ejm\u00e9, \u017ee narychlo, bez vypo\u0159\u00e1d\u00e1n\u00ed p\u0159ipom\u00ednek, bez projedn\u00e1n\u00ed s\u00a0m\u011bstskou \u010d\u00e1st\u00ed a mimo r\u00e1mec z\u00e1kona, proto\u017ee Z\u00e1sady \u00fazemn\u00edho rozvoje kraje zru\u0161il Nejvy\u0161\u0161\u00ed spr\u00e1vn\u00ed soud, p\u0159ijalo ZMB 11. prosince 2012 kontroverzn\u00ed rozhodnut\u00ed o dal\u0161\u00edm sm\u011b\u0159ov\u00e1n\u00ed m\u011bsta.<\/p>\n<p style=\"text-align: justify;\"><span style=\"font-size: 0.95em; line-height: 1.6em;\">Koalice navrhla jin\u00e9 usnesen\u00ed, ze kter\u00e9ho byl vy\u0148at nesouhlas s\u00a0postupem Zastupitelstva m\u011bsta Brna.<\/span><\/p>\n<p style=\"text-align: justify;\"><span style=\"text-decoration: underline;\">Schv\u00e1len\u00e9 usnesen\u00ed zn\u00ed:<\/span><\/p>\n<p style=\"text-align: justify;\"><b>Zastupitelstvo m\u011bstsk\u00e9 \u010d\u00e1sti Brno-Kom\u00edn nesouhlas\u00ed s\u00a0postupem Odboru \u00fazemn\u00edho pl\u00e1nov\u00e1n\u00ed magistr\u00e1tu m\u011bsta Brna a konkr\u00e9tn\u011b se z\u00e1m\u011brem dopravn\u00edho propojen\u00ed Bystrc-Kom\u00edn-Medl\u00e1nky sb\u011brnou komunikac\u00ed.<\/b><\/p>\n<p style=\"text-align: justify;\"><b>Zastupitelstvo m\u011bstsk\u00e9 \u010d\u00e1sti Brno-Kom\u00edn pov\u011b\u0159uje starostu m\u011bstsk\u00e9 \u010d\u00e1sti, aby p\u0159edal veden\u00ed m\u011bsta nesouhlas s\u00a0n\u00e1vrhem Pokyn\u016f pro dopracov\u00e1n\u00ed \u00dazemn\u00edho pl\u00e1nu m\u011bsta Brna. <\/b><\/p>\n<p style=\"text-align: justify;\">Toto usnesen\u00ed je v\u00a0souladu s\u00a0jedn\u00e1n\u00edm zastupitelstva v\u00a0roce 2011 a odhlasovali jej v\u0161ichni p\u0159\u00edtomn\u00ed zastupitel\u00e9.<\/p>\n","protected":false},"excerpt":{"rendered":"<p>[p\u0159\u00edsp\u011bvek z 19. 12. 2012] Jedn\u00e1n\u00ed ZM\u010c \u010d. 6\/2012, dne 19.12.2012 A)\u00a0Byl schv\u00e1len rozpo\u010det M\u010c Brno-Kom\u00edn na rok 2013, kde p\u0159\u00edjmy jsou ve v\u00fd\u0161i 25.868 tis. K\u010d, v\u00fddaje ve v\u00fd\u0161i 25.868 tis. K\u010d.<\/p>\n","protected":false},"author":1,"featured_media":34,"comment_status":"open","ping_status":"open","sticky":false,"template":"","format":"standard","meta":{"footnotes":""},"categories":[8,10],"tags":[],"_links":{"self":[{"href":"http:\/\/zelenykomin.cz\/index.php?rest_route=\/wp\/v2\/posts\/163"}],"collection":[{"href":"http:\/\/zelenykomin.cz\/index.php?rest_route=\/wp\/v2\/posts"}],"about":[{"href":"http:\/\/zelenykomin.cz\/index.php?rest_route=\/wp\/v2\/types\/post"}],"author":[{"embeddable":true,"href":"http:\/\/zelenykomin.cz\/index.php?rest_route=\/wp\/v2\/users\/1"}],"replies":[{"embeddable":true,"href":"http:\/\/zelenykomin.cz\/index.php?rest_route=%2Fwp%2Fv2%2Fcomments&post=163"}],"version-history":[{"count":3,"href":"http:\/\/zelenykomin.cz\/index.php?rest_route=\/wp\/v2\/posts\/163\/revisions"}],"predecessor-version":[{"id":172,"href":"http:\/\/zelenykomin.cz\/index.php?rest_route=\/wp\/v2\/posts\/163\/revisions\/172"}],"wp:featuredmedia":[{"embeddable":true,"href":"http:\/\/zelenykomin.cz\/index.php?rest_route=\/wp\/v2\/media\/34"}],"wp:attachment":[{"href":"http:\/\/zelenykomin.cz\/index.php?rest_route=%2Fwp%2Fv2%2Fmedia&parent=163"}],"wp:term":[{"taxonomy":"category","embeddable":true,"href":"http:\/\/zelenykomin.cz\/index.php?rest_route=%2Fwp%2Fv2%2Fcategories&post=163"},{"taxonomy":"post_tag","embeddable":true,"href":"http:\/\/zelenykomin.cz\/index.php?rest_route=%2Fwp%2Fv2%2Ftags&post=163"}],"curies":[{"name":"wp","href":"https:\/\/api.w.org\/{rel}","templated":true}]}}