{"id":160,"date":"2013-12-12T20:10:01","date_gmt":"2013-12-12T19:10:01","guid":{"rendered":"http:\/\/zelenykomin.cz\/?p=160"},"modified":"2014-11-26T10:33:00","modified_gmt":"2014-11-26T09:33:00","slug":"dvanactileta-victoria-grant-vysvetluje-2","status":"publish","type":"post","link":"http:\/\/zelenykomin.cz\/?p=160","title":{"rendered":"Dvan\u00e1ctilet\u00e1 Victoria Grant vysv\u011btluje"},"content":{"rendered":"<p>[p\u0159\u00edsp\u011bvek ze 10. 12. 2012]<\/p>\n<p>Dvan\u00e1ctilet\u00e1 Victoria Grant vysv\u011btluje, pro\u010d je jej\u00ed zem\u011b Kanada spolu s v\u011bt\u0161inou sv\u011bta v\u00a0dluhu.<\/p>\n<p><a href=\"http:\/\/www.youtube.com\/watch?v=XUGEU-t-PkA\">http:\/\/www.youtube.com\/watch?v=XUGEU-t-PkA<\/a><\/p>\n","protected":false},"excerpt":{"rendered":"<p>[p\u0159\u00edsp\u011bvek ze 10. 12. 2012] Dvan\u00e1ctilet\u00e1 Victoria Grant vysv\u011btluje, pro\u010d je jej\u00ed zem\u011b Kanada spolu s v\u011bt\u0161inou sv\u011bta v\u00a0dluhu. http:\/\/www.youtube.com\/watch?v=XUGEU-t-PkA<\/p>\n","protected":false},"author":1,"featured_media":162,"comment_status":"open","ping_status":"open","sticky":false,"template":"","format":"standard","meta":{"footnotes":""},"categories":[11],"tags":[],"_links":{"self":[{"href":"http:\/\/zelenykomin.cz\/index.php?rest_route=\/wp\/v2\/posts\/160"}],"collection":[{"href":"http:\/\/zelenykomin.cz\/index.php?rest_route=\/wp\/v2\/posts"}],"about":[{"href":"http:\/\/zelenykomin.cz\/index.php?rest_route=\/wp\/v2\/types\/post"}],"author":[{"embeddable":true,"href":"http:\/\/zelenykomin.cz\/index.php?rest_route=\/wp\/v2\/users\/1"}],"replies":[{"embeddable":true,"href":"http:\/\/zelenykomin.cz\/index.php?rest_route=%2Fwp%2Fv2%2Fcomments&post=160"}],"version-history":[{"count":2,"href":"http:\/\/zelenykomin.cz\/index.php?rest_route=\/wp\/v2\/posts\/160\/revisions"}],"predecessor-version":[{"id":166,"href":"http:\/\/zelenykomin.cz\/index.php?rest_route=\/wp\/v2\/posts\/160\/revisions\/166"}],"wp:featuredmedia":[{"embeddable":true,"href":"http:\/\/zelenykomin.cz\/index.php?rest_route=\/wp\/v2\/media\/162"}],"wp:attachment":[{"href":"http:\/\/zelenykomin.cz\/index.php?rest_route=%2Fwp%2Fv2%2Fmedia&parent=160"}],"wp:term":[{"taxonomy":"category","embeddable":true,"href":"http:\/\/zelenykomin.cz\/index.php?rest_route=%2Fwp%2Fv2%2Fcategories&post=160"},{"taxonomy":"post_tag","embeddable":true,"href":"http:\/\/zelenykomin.cz\/index.php?rest_route=%2Fwp%2Fv2%2Ftags&post=160"}],"curies":[{"name":"wp","href":"https:\/\/api.w.org\/{rel}","templated":true}]}}