{"id":1580,"date":"2020-10-05T15:31:11","date_gmt":"2020-10-05T13:31:11","guid":{"rendered":"http:\/\/zelenykomin.cz\/?p=1580"},"modified":"2020-10-05T16:00:27","modified_gmt":"2020-10-05T14:00:27","slug":"kanal-dunaj-odra-labe-je-neefektivni-a-proto-nesmyslny-podporte-petici","status":"publish","type":"post","link":"http:\/\/zelenykomin.cz\/?p=1580","title":{"rendered":"Kan\u00e1l Dunaj-Odra-Labe je neefektivn\u00ed a proto nesmysln\u00fd \u2013 podpo\u0159te petici"},"content":{"rendered":"<p>Vl\u00e1da \u010cR se nedostate\u010dn\u011b v\u011bnuje podpo\u0159e re\u00e1ln\u00fdch, funk\u010dn\u00edch opat\u0159en\u00ed pro zadr\u017eov\u00e1n\u00ed vody v krajin\u011b, ale st\u00e1le zva\u017euje stavbu ekonomicky i ekologicky nesmysln\u00e9ho kan\u00e1lu Dunaj-Odra-Labe \u010di jeho \u010d\u00e1st\u00ed. Podpo\u0159me \u0159ad\u011bji revitalizaci mok\u0159ad\u016f, budov\u00e1n\u00ed such\u00fdch poldr\u016f a niv, zm\u011bnu druhov\u00e9 skladby \u010desk\u00fdch les\u016f, opat\u0159en\u00ed pro zabr\u00e1n\u011bn\u00ed eroze a zv\u00fd\u0161en\u00ed vododr\u017enosti p\u016fd, ne\u017e mnoholetou realizaci stavby, kter\u00e1 je vysokon\u00e1kladov\u00e1, siln\u011b rizikov\u00e1 a velmi pravd\u011bpodobn\u011b vedouc\u00ed sp\u00ed\u0161e k \u0159ad\u011b n\u011b\u017e\u00e1douc\u00edch efekt\u016f ne\u017e k deklarovan\u00fdm benefit\u016fm.<\/p>\n<p>Pokud n\u00e1\u0161 n\u00e1zor sd\u00edl\u00edte, podpo\u0159te petici na str\u00e1nk\u00e1ch <a href=\"https:\/\/www.zeleni.cz\/petice-sucho\/\" target=\"_blank\"><strong>ZELEN\u00ddCH<\/strong>.<\/a><\/p>\n<p>D\u016fvody, pro\u010d tento kan\u00e1l nen\u00ed dobr\u00fd n\u00e1pad, najdete nap\u0159\u00edklad v \u010dl\u00e1nc\u00edch shrnuj\u00edc\u00edch z\u00e1v\u011bry studie proveditelnosti v <a href=\"https:\/\/denikreferendum.cz\/clanek\/29808-dunajodralabe-je-nesmysl-prokazala-to-studie-ktera-ho-mela-obhajit\" target=\"_blank\"><strong>DEN\u00cdKU REFERENDUM<\/strong>.<\/a> sv\u00e9 argumenty opakovan\u011b publikovala cel\u00e1 \u0159ada v\u011bdc\u016f a odborn\u00edk\u016f t\u00e9matu se dlouhodob\u011b v\u011bnuj\u00edc\u00edch, nap\u0159\u00edklad v \u010dl\u00e1nku v \u010dasopise <a href=\"http:\/\/www.casopis.forumochranyprirody.cz\/magazin\/analyzy-komentare\/cesta-za-snem-cesta-zkazy-kanal-dunaj-odra-labe\" target=\"_blank\"><strong>FORUM OCHRANY P\u0158\u00cdRODY<\/strong>.<\/a><\/p>\n<p><a href=\"https:\/\/www.zeleni.cz\/petice-sucho\/\"><img loading=\"lazy\" decoding=\"async\" class=\"alignnone wp-image-1584 size-full\" src=\"http:\/\/zelenykomin.cz\/wp-content\/uploads\/2020\/10\/Screenshot_2020-10-05-Zelen\u00ed-Petice-Pus\u0165te-kan\u00e1l-Dunaj-Odra-Labe-k-vod\u011b.png\" alt=\"Screenshot_2020-10-05 Zelen\u00ed - Petice Pus\u0165te kan\u00e1l Dunaj-Odra-Labe k vod\u011b\" width=\"971\" height=\"745\" srcset=\"http:\/\/zelenykomin.cz\/wp-content\/uploads\/2020\/10\/Screenshot_2020-10-05-Zelen\u00ed-Petice-Pus\u0165te-kan\u00e1l-Dunaj-Odra-Labe-k-vod\u011b.png 971w, http:\/\/zelenykomin.cz\/wp-content\/uploads\/2020\/10\/Screenshot_2020-10-05-Zelen\u00ed-Petice-Pus\u0165te-kan\u00e1l-Dunaj-Odra-Labe-k-vod\u011b-300x230.png 300w\" sizes=\"(max-width: 971px) 100vw, 971px\" \/><\/a><\/p>\n","protected":false},"excerpt":{"rendered":"<p>Vl\u00e1da \u010cR se nedostate\u010dn\u011b v\u011bnuje podpo\u0159e re\u00e1ln\u00fdch, funk\u010dn\u00edch opat\u0159en\u00ed pro zadr\u017eov\u00e1n\u00ed vody v krajin\u011b, ale st\u00e1le zva\u017euje stavbu ekonomicky i ekologicky nesmysln\u00e9ho kan\u00e1lu Dunaj-Odra-Labe \u010di jeho \u010d\u00e1st\u00ed. Podpo\u0159me \u0159ad\u011bji revitalizaci mok\u0159ad\u016f, budov\u00e1n\u00ed such\u00fdch poldr\u016f a niv, zm\u011bnu druhov\u00e9 skladby \u010desk\u00fdch &hellip; <a href=\"http:\/\/zelenykomin.cz\/?p=1580\">Cel\u00fd p\u0159\u00edsp\u011bvek <span class=\"meta-nav\">&rarr;<\/span><\/a><\/p>\n","protected":false},"author":6,"featured_media":0,"comment_status":"open","ping_status":"open","sticky":false,"template":"","format":"standard","meta":{"footnotes":""},"categories":[5,11],"tags":[],"_links":{"self":[{"href":"http:\/\/zelenykomin.cz\/index.php?rest_route=\/wp\/v2\/posts\/1580"}],"collection":[{"href":"http:\/\/zelenykomin.cz\/index.php?rest_route=\/wp\/v2\/posts"}],"about":[{"href":"http:\/\/zelenykomin.cz\/index.php?rest_route=\/wp\/v2\/types\/post"}],"author":[{"embeddable":true,"href":"http:\/\/zelenykomin.cz\/index.php?rest_route=\/wp\/v2\/users\/6"}],"replies":[{"embeddable":true,"href":"http:\/\/zelenykomin.cz\/index.php?rest_route=%2Fwp%2Fv2%2Fcomments&post=1580"}],"version-history":[{"count":13,"href":"http:\/\/zelenykomin.cz\/index.php?rest_route=\/wp\/v2\/posts\/1580\/revisions"}],"predecessor-version":[{"id":1594,"href":"http:\/\/zelenykomin.cz\/index.php?rest_route=\/wp\/v2\/posts\/1580\/revisions\/1594"}],"wp:attachment":[{"href":"http:\/\/zelenykomin.cz\/index.php?rest_route=%2Fwp%2Fv2%2Fmedia&parent=1580"}],"wp:term":[{"taxonomy":"category","embeddable":true,"href":"http:\/\/zelenykomin.cz\/index.php?rest_route=%2Fwp%2Fv2%2Fcategories&post=1580"},{"taxonomy":"post_tag","embeddable":true,"href":"http:\/\/zelenykomin.cz\/index.php?rest_route=%2Fwp%2Fv2%2Ftags&post=1580"}],"curies":[{"name":"wp","href":"https:\/\/api.w.org\/{rel}","templated":true}]}}