{"id":1570,"date":"2020-08-24T20:12:01","date_gmt":"2020-08-24T18:12:01","guid":{"rendered":"http:\/\/zelenykomin.cz\/?p=1570"},"modified":"2020-08-24T20:12:01","modified_gmt":"2020-08-24T18:12:01","slug":"nejblizsi-krajina","status":"publish","type":"post","link":"http:\/\/zelenykomin.cz\/?p=1570","title":{"rendered":"Nejbli\u017e\u0161\u00ed krajina"},"content":{"rendered":"<p>O voln\u00fdch dnech m\u00ed\u0159\u00edme \u010dasto do dalek\u00fdch krajin, \u010di p\u0159\u00edrodn\u00edch krajin. Za pozn\u00e1n\u00edm, za odpo\u010dinkem, za kr\u00e1sou. Jak\u00fd je v\u0161ak n\u00e1\u0161 vztah k nejbli\u017e\u0161\u00ed krajin\u011b, k m\u00edstu, v n\u011bm\u017e se pohybujeme ka\u017edodenn\u011b? T\u00e9m\u011b\u0159 t\u0159i ze \u010dty\u0159 obyvatel na\u0161\u00ed zem\u011b \u017eij\u00ed ve m\u011bstech, nejbli\u017e\u0161\u00ed krajinou je tedy krajina mezi domy a krajina t\u011bsn\u011b za nimi, krajina v katastru, krajina \u201eza humny\u201c. P\u0159em\u00fd\u0161l\u00edme o n\u00ed jako o krajin\u011b, nebo ji vn\u00edm\u00e1me jen jako okol\u00ed dom\u016f, jako zbyl\u00fd prostor? To v\u0161e jsou z\u00e1va\u017en\u00e9 a nikoliv jednoduch\u00e9 ot\u00e1zky. Nejbli\u017e\u0161\u00ed krajina je pro n\u00e1s toti\u017e, a\u0165 si to uv\u011bdomujeme \u010di ne, bytostn\u011b d\u016fle\u017eitou. Nap\u0159\u00edklad ji\u017e jen to, co tvo\u0159\u00ed v\u00fdhled z oken na\u0161eho domu \u010di bytu, v\u00fdznamn\u011b ovliv\u0148uje, zda se c\u00edt\u00edme zdrav\u011b, bezpe\u010dn\u011b, jist\u011b, bl\u00edzce. Nejen mezilidsk\u00e9 vztahy, ale tak\u00e9 d\u016fv\u011brn\u00fd vztah k m\u00edstu toti\u017e vytv\u00e1\u0159\u00ed pocit domova.<\/p>\n<p>R\u00e1d bych V\u00e1s pozval k sledov\u00e1n\u00ed filmu, na kter\u00e9m jsem se autorsky pod\u00edlel a kter\u00fd se pokou\u0161\u00ed na tyto ot\u00e1zky odpov\u00eddat.<\/p>\n<p>NEJBLI\u017d\u0160\u00cd KRAJINA se bude v \u010cesk\u00e9 televizi vys\u00edlat: v \u00fater\u00fd 25.8. 2020 v 11.20 hod, ve st\u0159edu v 26.8. 2020 v 19.15 hod, v pond\u011bl\u00ed 31.8. 2020 v 5.30 hod.<\/p>\n<p>Film je nyn\u00ed tak\u00e9 dostupn\u00fd na webu \u010cT na adrese: <a href=\"https:\/\/www.ceskatelevize.cz\/porady\/12946725133-nejblizsi-krajina\/\" target=\"_blank\">https:\/\/www.ceskatelevize.cz\/porady\/12946725133-nejblizsi-krajina<\/a><\/p>\n<p><a href=\"http:\/\/zelenykomin.cz\/wp-content\/uploads\/2020\/08\/brno.jpg\"><img loading=\"lazy\" decoding=\"async\" class=\"alignnone size-full wp-image-1576\" src=\"http:\/\/zelenykomin.cz\/wp-content\/uploads\/2020\/08\/brno.jpg\" alt=\"brno\" width=\"1280\" height=\"853\" srcset=\"http:\/\/zelenykomin.cz\/wp-content\/uploads\/2020\/08\/brno.jpg 1280w, http:\/\/zelenykomin.cz\/wp-content\/uploads\/2020\/08\/brno-300x199.jpg 300w, http:\/\/zelenykomin.cz\/wp-content\/uploads\/2020\/08\/brno-1024x682.jpg 1024w\" sizes=\"(max-width: 1280px) 100vw, 1280px\" \/><\/a><\/p>\n","protected":false},"excerpt":{"rendered":"<p>O voln\u00fdch dnech m\u00ed\u0159\u00edme \u010dasto do dalek\u00fdch krajin, \u010di p\u0159\u00edrodn\u00edch krajin. Za pozn\u00e1n\u00edm, za odpo\u010dinkem, za kr\u00e1sou. Jak\u00fd je v\u0161ak n\u00e1\u0161 vztah k nejbli\u017e\u0161\u00ed krajin\u011b, k m\u00edstu, v n\u011bm\u017e se pohybujeme ka\u017edodenn\u011b? T\u00e9m\u011b\u0159 t\u0159i ze \u010dty\u0159 obyvatel na\u0161\u00ed zem\u011b \u017eij\u00ed &hellip; <a href=\"http:\/\/zelenykomin.cz\/?p=1570\">Cel\u00fd p\u0159\u00edsp\u011bvek <span class=\"meta-nav\">&rarr;<\/span><\/a><\/p>\n","protected":false},"author":6,"featured_media":0,"comment_status":"open","ping_status":"open","sticky":false,"template":"","format":"standard","meta":{"footnotes":""},"categories":[5],"tags":[],"_links":{"self":[{"href":"http:\/\/zelenykomin.cz\/index.php?rest_route=\/wp\/v2\/posts\/1570"}],"collection":[{"href":"http:\/\/zelenykomin.cz\/index.php?rest_route=\/wp\/v2\/posts"}],"about":[{"href":"http:\/\/zelenykomin.cz\/index.php?rest_route=\/wp\/v2\/types\/post"}],"author":[{"embeddable":true,"href":"http:\/\/zelenykomin.cz\/index.php?rest_route=\/wp\/v2\/users\/6"}],"replies":[{"embeddable":true,"href":"http:\/\/zelenykomin.cz\/index.php?rest_route=%2Fwp%2Fv2%2Fcomments&post=1570"}],"version-history":[{"count":7,"href":"http:\/\/zelenykomin.cz\/index.php?rest_route=\/wp\/v2\/posts\/1570\/revisions"}],"predecessor-version":[{"id":1578,"href":"http:\/\/zelenykomin.cz\/index.php?rest_route=\/wp\/v2\/posts\/1570\/revisions\/1578"}],"wp:attachment":[{"href":"http:\/\/zelenykomin.cz\/index.php?rest_route=%2Fwp%2Fv2%2Fmedia&parent=1570"}],"wp:term":[{"taxonomy":"category","embeddable":true,"href":"http:\/\/zelenykomin.cz\/index.php?rest_route=%2Fwp%2Fv2%2Fcategories&post=1570"},{"taxonomy":"post_tag","embeddable":true,"href":"http:\/\/zelenykomin.cz\/index.php?rest_route=%2Fwp%2Fv2%2Ftags&post=1570"}],"curies":[{"name":"wp","href":"https:\/\/api.w.org\/{rel}","templated":true}]}}