{"id":1520,"date":"2020-05-28T11:51:49","date_gmt":"2020-05-28T09:51:49","guid":{"rendered":"http:\/\/zelenykomin.cz\/?p=1520"},"modified":"2020-06-05T15:54:54","modified_gmt":"2020-06-05T13:54:54","slug":"nechceme-silnici-kolem-netopyrek-ani-ulici-vedenou-okrajem-hrbitova","status":"publish","type":"post","link":"http:\/\/zelenykomin.cz\/?p=1520","title":{"rendered":"Nechceme silnici kolem Netop\u00fdrek ani ulici vedenou okrajem h\u0159bitova"},"content":{"rendered":"<p><em><strong>aktualizov\u00e1no 5. 6. 2020<\/strong><\/em><\/p>\n<p>N\u011bkter\u00e9 z\u00a0d\u00edl\u010d\u00edch n\u00e1vrh\u016f projedn\u00e1van\u00e9ho navrhovan\u00e9ho \u00dazemn\u00edho pl\u00e1nu velmi bolestn\u011b a ne\u017e\u00e1doucn\u011b postihuj\u00ed Kom\u00edn. Jde zejm\u00e9na o z\u00e1m\u011bry:<\/p>\n<p><strong>Dopravou propojit\u00a0Bystrc, Medl\u00e1nky\u00a0 a Kom\u00edn<\/strong> \u2013 v\u00a0n\u00e1vrhu zakreslena komunikace z Bystrce (od \u010cty\u0159l\u00edstku) ke k\u0159\u00ed\u017eku pod Netop\u00fdrkami a po panelov\u00e9 cest\u011b d\u00e1le na Medl\u00e1neck\u00e9 leti\u0161t\u011b a Medl\u00e1nky. Realizace tohoto n\u00e1vrhu by zcela zni\u010dila klidnou lokalitu, kterou pro sport, v\u00fdlety i rekreaci vyu\u017e\u00edvaj\u00ed nejen kom\u00edn\u0161t\u00ed.<\/p>\n<p><strong>V\u00fdrazn\u011b roz\u0161\u00ed\u0159it ZOO Brno v SV sm\u011bru<\/strong> (do Kom\u00ednsko-Medl\u00e1neck\u00e9 pl\u00e1n\u011b) <strong>a<\/strong> <strong>z\u00e1rove\u0148 vybudovat nov\u00fd vstup do ZOO z t\u00e9to severov\u00fdchodn\u00ed \u010d\u00e1sti, v\u010detn\u011b p\u0159\u00edstupov\u00e9 cesty a kapacitn\u00edho parkovi\u0161t\u011b<\/strong>. Realizace n\u00e1vrhu by vedla k nep\u0159im\u011b\u0159en\u00e9mu n\u00e1r\u016fstu dopravy v tomto cenn\u00e9m rekrea\u010dn\u00edm a volno\u010dasov\u00e9m \u00fazem\u00ed a t\u00edm k jeho znehodnocen\u00ed.<\/p>\n<p><strong>V\u00e9st ulici k plo\u0161e b\u00fdval\u00fdch zahr\u00e1dek mezi h\u0159bitovem ulic\u00ed \u0158ez\u00e1\u010dovou a tzv. Dolinou (reten\u010dn\u00ed n\u00e1dr\u017e\u00ed) les\u00edkem na severn\u00ed hranou h\u0159bitova<\/strong>. Aby silnice mohla m\u00edt po\u017eadovanou \u0161\u00ed\u0159ku, bylo by p\u0159itom pot\u0159eba posunout plot h\u0159bitova velmi bl\u00edzko rozptylov\u00e9 lou\u010dky.<\/p>\n<p>Jak na\u0161i zastupitel\u00e9, tak Okra\u0161lovac\u00ed spolek pro Kom\u00edn, z.s., cht\u011bj\u00ed t\u011bmto zni\u010duj\u00edc\u00edm n\u00e1vrh\u016fm \u010delit n\u00e1mitkami v r\u00e1mci schvalovan\u00ed \u00fazemn\u00edho pl\u00e1nu. Pokud chcete tuto snahu podpo\u0159it, m\u016f\u017eete tak u\u010dinit p\u0159ipojen\u00edm se k\u00a0 n\u00e1mitk\u00e1m sv\u00fdm podpisem, <strong>a to do 22. \u010dervna 2020<\/strong> na m\u00edstech:<br \/>\n\u00b7\u00a0\u00a0\u00a0\u00a0\u00a0\u00a0 Caf\u00e9 &amp; Bistro B\u00edl\u00e1 Vr\u00e1na \u2013 Kristenova 1<br \/>\n\u00b7\u00a0\u00a0\u00a0\u00a0\u00a0\u00a0 \u00daM\u010c Brno-Kom\u00edn \u2013 Vav\u0159ineck\u00e1 15<br \/>\n\u00b7\u00a0\u00a0\u00a0\u00a0\u00a0\u00a0 Restaurace U Kosa \u2013 Kristenova 14<\/p>\n<p>Aby m\u011bly n\u00e1mitky pat\u0159i\u010dn\u00fd dopad, je t\u0159eba pro podporu z\u00edskat alespo\u0148 200 podpis\u016f. Podpisov\u00e9 archy a cel\u00e1 zn\u011bn\u00ed n\u00e1mitek si m\u016f\u017eete st\u00e1hnout zde:<br \/>\n<a title=\"N\u00c1MITKY PROTI N\u00c1VRHU \u2013 SILNICE BYSTRC-KOM\u00cdN-MEDL\u00c1NKY\" href=\"http:\/\/zelenykomin.cz\/wp-content\/uploads\/2020\/06\/ZSKomin_SILNICE_namitky_proti_navrhu_UP_Brno.pdf\">N\u00c1MITKY PROTI N\u00c1VRHU \u2013 SILNICE BYSTRC-KOM\u00cdN-MEDL\u00c1NKY<\/a><br \/>\n<a title=\"PETI\u010cN\u00cd ARCH \u2013 SILNICE BYSTRC-KOM\u00cdN-MEDL\u00c1NKY\" href=\"http:\/\/zelenykomin.cz\/wp-content\/uploads\/2020\/05\/ZSKomin_SILNICE_podpisovy_arch.pdf\">PETI\u010cN\u00cd ARCH \u2013 SILNICE BYSTRC-KOM\u00cdN-MEDL\u00c1NKY<\/a><br \/>\n<a title=\"N\u00c1MITKY PROTI N\u00c1VRHU \u2013 ZOO ROZ\u0160\u00cd\u0158EN\u00cd A PARKOVI\u0160T\u011a\" href=\"http:\/\/zelenykomin.cz\/wp-content\/uploads\/2020\/06\/ZSKomin_ZOO_namitky_proti_n\u00e1vrhu_UP_Brno.pdf\">N\u00c1MITKY PROTI N\u00c1VRHU \u2013 ZOO ROZ\u0160\u00cd\u0158EN\u00cd A PARKOVI\u0160T\u011a<\/a><br \/>\n<a title=\"PETI\u010cN\u00cd ARCH \u2013 ZOO ROZ\u0160\u00cd\u0158EN\u00cd A PARKOVI\u0160T\u011a\" href=\"http:\/\/zelenykomin.cz\/wp-content\/uploads\/2020\/06\/ZSKomin_ZOO_podpisovy_arch.pdf\">PETI\u010cN\u00cd ARCH \u2013 ZOO ROZ\u0160\u00cd\u0158EN\u00cd A PARKOVI\u0160T\u011a<\/a><br \/>\n<a title=\"N\u00c1MITKY PROTI N\u00c1VRHU \u2013 H\u0158BITOV\" href=\"http:\/\/zelenykomin.cz\/wp-content\/uploads\/2020\/05\/ZSKomin_HRBITOV_namitky_proti_n\u00e1vrhu_UP_Brno.pdf\">N\u00c1MITKY PROTI N\u00c1VRHU \u2013 H\u0158BITOV<\/a><br \/>\n<a title=\"PETI\u010cN\u00cd ARCH \u2013 H\u0158BITOV\" href=\"http:\/\/zelenykomin.cz\/wp-content\/uploads\/2020\/05\/ZSKomin_HRBITOV_podpisovy_arch.pdf\">PETI\u010cN\u00cd ARCH \u2013 H\u0158BITOV<\/a><\/p>\n<p><strong>P\u0159edstaven\u00ed \u00daP ve\u0159ejnosti<\/strong> budou v pr\u016fb\u011bhu \u010dervna na v\u00edce m\u00edstech, viz n\u00ed\u017ee mapa. <strong>Prezentace t\u00fdkaj\u00edc\u00ed se M\u010c Brno-Kom\u00edn bude 2. \u010dervna 2020 od 17.00 hodin<\/strong> na radnici m\u011bstsk\u00e9 \u010d\u00e1sti Brno-Kom\u00edn, Vav\u0159ineck\u00e1, 15.\u00a0 Kapacita je omezen\u00e1, svoji \u00fa\u010dast je nutn\u00e9 nahl\u00e1sit na tel. 541 428 162 nebo e-mailu nmarkova@komin.brno.cz.<\/p>\n<p><a href=\"http:\/\/zelenykomin.cz\/wp-content\/uploads\/2020\/05\/kam_mapa_jizd.jpg\"><img loading=\"lazy\" decoding=\"async\" class=\"alignnone size-full wp-image-1529\" src=\"http:\/\/zelenykomin.cz\/wp-content\/uploads\/2020\/05\/kam_mapa_jizd.jpg\" alt=\"kam_mapa_jizd\" width=\"2000\" height=\"1333\" srcset=\"http:\/\/zelenykomin.cz\/wp-content\/uploads\/2020\/05\/kam_mapa_jizd.jpg 2000w, http:\/\/zelenykomin.cz\/wp-content\/uploads\/2020\/05\/kam_mapa_jizd-300x199.jpg 300w, http:\/\/zelenykomin.cz\/wp-content\/uploads\/2020\/05\/kam_mapa_jizd-1024x682.jpg 1024w\" sizes=\"(max-width: 2000px) 100vw, 2000px\" \/><\/a><\/p>\n","protected":false},"excerpt":{"rendered":"<p>aktualizov\u00e1no 5. 6. 2020 N\u011bkter\u00e9 z\u00a0d\u00edl\u010d\u00edch n\u00e1vrh\u016f projedn\u00e1van\u00e9ho navrhovan\u00e9ho \u00dazemn\u00edho pl\u00e1nu velmi bolestn\u011b a ne\u017e\u00e1doucn\u011b postihuj\u00ed Kom\u00edn. Jde zejm\u00e9na o z\u00e1m\u011bry: Dopravou propojit\u00a0Bystrc, Medl\u00e1nky\u00a0 a Kom\u00edn \u2013 v\u00a0n\u00e1vrhu zakreslena komunikace z Bystrce (od \u010cty\u0159l\u00edstku) ke k\u0159\u00ed\u017eku pod Netop\u00fdrkami a po &hellip; <a href=\"http:\/\/zelenykomin.cz\/?p=1520\">Cel\u00fd p\u0159\u00edsp\u011bvek <span class=\"meta-nav\">&rarr;<\/span><\/a><\/p>\n","protected":false},"author":6,"featured_media":0,"comment_status":"open","ping_status":"open","sticky":false,"template":"","format":"standard","meta":{"footnotes":""},"categories":[8,10],"tags":[],"_links":{"self":[{"href":"http:\/\/zelenykomin.cz\/index.php?rest_route=\/wp\/v2\/posts\/1520"}],"collection":[{"href":"http:\/\/zelenykomin.cz\/index.php?rest_route=\/wp\/v2\/posts"}],"about":[{"href":"http:\/\/zelenykomin.cz\/index.php?rest_route=\/wp\/v2\/types\/post"}],"author":[{"embeddable":true,"href":"http:\/\/zelenykomin.cz\/index.php?rest_route=\/wp\/v2\/users\/6"}],"replies":[{"embeddable":true,"href":"http:\/\/zelenykomin.cz\/index.php?rest_route=%2Fwp%2Fv2%2Fcomments&post=1520"}],"version-history":[{"count":35,"href":"http:\/\/zelenykomin.cz\/index.php?rest_route=\/wp\/v2\/posts\/1520\/revisions"}],"predecessor-version":[{"id":1568,"href":"http:\/\/zelenykomin.cz\/index.php?rest_route=\/wp\/v2\/posts\/1520\/revisions\/1568"}],"wp:attachment":[{"href":"http:\/\/zelenykomin.cz\/index.php?rest_route=%2Fwp%2Fv2%2Fmedia&parent=1520"}],"wp:term":[{"taxonomy":"category","embeddable":true,"href":"http:\/\/zelenykomin.cz\/index.php?rest_route=%2Fwp%2Fv2%2Fcategories&post=1520"},{"taxonomy":"post_tag","embeddable":true,"href":"http:\/\/zelenykomin.cz\/index.php?rest_route=%2Fwp%2Fv2%2Ftags&post=1520"}],"curies":[{"name":"wp","href":"https:\/\/api.w.org\/{rel}","templated":true}]}}