{"id":1479,"date":"2020-04-03T20:22:59","date_gmt":"2020-04-03T18:22:59","guid":{"rendered":"http:\/\/zelenykomin.cz\/?p=1479"},"modified":"2020-04-03T20:22:59","modified_gmt":"2020-04-03T18:22:59","slug":"projednavani-noveho-uzemniho-planu","status":"publish","type":"post","link":"http:\/\/zelenykomin.cz\/?p=1479","title":{"rendered":"Projedn\u00e1v\u00e1n\u00ed nov\u00e9ho \u00fazemn\u00edho pl\u00e1nu"},"content":{"rendered":"<p>Statut\u00e1rn\u00ed m\u011bsto Brno zve\u0159ejnilo <strong>N\u00e1vrh nov\u00e9ho \u00fazemn\u00edho pl\u00e1nu<\/strong> na webu <a href=\"https:\/\/upmb.brno.cz\/\">https:\/\/upmb.brno.cz\/<\/a> , <strong>z\u00e1lo\u017ece<\/strong> <strong>P\u0159ipravovan\u00fd \u00fazemn\u00ed pl\u00e1n m\u011bsta Brna\/N\u00e1vrh.<\/strong><\/p>\n<p><strong>Term\u00edn pro pod\u00e1n\u00ed p\u0159ipom\u00ednek a n\u00e1mitek<\/strong><strong> je stanoven do 24. \u010dervna 2020. <\/strong><br \/>\nPokud m\u00e1te p\u0159ipom\u00ednky, nerozpakujte se kontaktovat na\u0161e zastupitele a p\u0159ipom\u00ednky jim p\u0159edat, aby mohli informovan\u011b h\u00e1jit z\u00e1jmy na\u0161\u00ed m\u011bstk\u00e9 \u010d\u00e1sti a na\u0161ich ob\u010dan\u016f.<\/p>\n<p>Kontakt pro dotazy: <a href=\"mailto:pripravovanyUPmB@brno.cz\">pripravovanyUPmB@brno.cz<\/a>, bezplatn\u00fd tel. 800 411 400<\/p>\n<p><strong>Setk\u00e1n\u00ed s ve\u0159ejnost\u00ed<\/strong><strong>, tzv. ve\u0159ejn\u00e9 projedn\u00e1n\u00ed, <\/strong>je v tuto chv\u00edli pl\u00e1nov\u00e1no na<strong> st\u0159edu 17. \u010dervna 2020 <\/strong>v zastupitelsk\u00e9m s\u00e1le Nov\u00e9 radnice.Statut\u00e1rn\u00ed m\u011bsto Brno zve\u0159ejnilo<\/p>\n<p><span style=\"text-decoration: underline;\">Kom\u00edna se t\u00fdkaj\u00ed mimo jin\u00e9 zm\u011bny v lokalit\u00e1ch:<\/span><br \/>\n<strong>Kn-1 Kom\u00ednsk\u00e9 louky<\/strong> \u2013 n\u00e1vrh ploch pro sport a rekreaci<br \/>\n<strong>Kn-2 Nad Hlubo\u010dkem<\/strong> \u2013 n\u00e1vrh plochy technick\u00e9 infrastruktury<br \/>\n<strong>Kn-3 Koz\u00ed hora<\/strong> \u2013 n\u00e1vrh ploch pro bydlen\u00ed<br \/>\n<strong>Kn-4 Pod Mni\u0161\u00ed horou<\/strong> \u2013 rozvoj bydlen\u00ed, sportu, lehk\u00e9 v\u00fdroby a komer\u010dn\u00ed vybav<br \/>\n<strong>Kn-5 Chaloupky<\/strong> \u2013 v severn\u00ed \u010d\u00e1sti Kom\u00edna je navr\u017eena plocha bydlen\u00ed<br \/>\n<strong>Kn-6 Zoologick\u00e1 zahrada<\/strong> \u2013 rozvoj ve\u0159ejn\u00e9 vybavenosti \u2013 ZOO s nov\u00fdm vstupem do ZOO<br \/>\n<strong>Kn-7 Kom\u00ednsk\u00fd vrch<\/strong> \u2013 rozvoj bydlen\u00ed, p\u0159izp\u016fsobit stavebn\u011b technick\u00e9 \u0159e\u0161en\u00ed u budov dot\u010den\u00fdch hlukem z ulic Bystrck\u00e1 a Kn\u00edni\u010dsk\u00e1 a z tramvajov\u00e9 trat\u011b<br \/>\n<strong>Kn-8 Za h\u0159bitovem<\/strong> \u2013 bydlen\u00ed v bytov\u00fdch domech severn\u011b od ulice \u0158ez\u00e1\u010dova a v rodinn\u00fdch domech na m\u00edst\u011b zahr\u00e1dek za h\u0159bitovem.<\/p>\n<p>Podrobn\u011bj\u0161\u00ed informace najdete na v\u00fd\u0161e uveden\u00e9m webu, v\u00fdtah (karty s odd\u016fvodn\u011bn\u00edm) lze ve form\u00e1tu pdf otev\u0159\u00edt tak\u00e9 <a title=\"ZDE\" href=\"http:\/\/zelenykomin.cz\/wp-content\/uploads\/2020\/04\/oduvodneni_Kn-souhrn-1-8_karty_lokalit.pdf\">ZDE<\/a>.<\/p>\n<p>Mapu p\u0159ipravovan\u00e9ho \u00fazemn\u00edho pl\u00e1nu m\u016f\u017eete otev\u0159\u00edt <a href=\"https:\/\/gis.brno.cz\/mapa\/upmb-navrh\/?c=-602036.05%3A-1155993.7&amp;z=6&amp;lb=zm-brno&amp;ly=v21&amp;lbo=1&amp;lyo=\">ZDE<\/a><\/p>\n<p><a href=\"https:\/\/gis.brno.cz\/mapa\/upmb-navrh\/?c=-602036.05%3A-1155993.7&amp;z=6&amp;lb=zm-brno&amp;ly=v21&amp;lbo=1&amp;lyo=\"><img loading=\"lazy\" decoding=\"async\" class=\"alignnone wp-image-1488 size-full\" src=\"http:\/\/zelenykomin.cz\/wp-content\/uploads\/2020\/04\/Screenshot_2020-04-03_uzemni_plan.jpg\" alt=\"Screenshot_2020-04-03_uzemni_plan\" width=\"960\" height=\"600\" srcset=\"http:\/\/zelenykomin.cz\/wp-content\/uploads\/2020\/04\/Screenshot_2020-04-03_uzemni_plan.jpg 960w, http:\/\/zelenykomin.cz\/wp-content\/uploads\/2020\/04\/Screenshot_2020-04-03_uzemni_plan-300x187.jpg 300w\" sizes=\"(max-width: 960px) 100vw, 960px\" \/><\/a><\/p>\n","protected":false},"excerpt":{"rendered":"<p>Statut\u00e1rn\u00ed m\u011bsto Brno zve\u0159ejnilo N\u00e1vrh nov\u00e9ho \u00fazemn\u00edho pl\u00e1nu na webu https:\/\/upmb.brno.cz\/ , z\u00e1lo\u017ece P\u0159ipravovan\u00fd \u00fazemn\u00ed pl\u00e1n m\u011bsta Brna\/N\u00e1vrh. Term\u00edn pro pod\u00e1n\u00ed p\u0159ipom\u00ednek a n\u00e1mitek je stanoven do 24. \u010dervna 2020. Pokud m\u00e1te p\u0159ipom\u00ednky, nerozpakujte se kontaktovat na\u0161e zastupitele a p\u0159ipom\u00ednky &hellip; <a href=\"http:\/\/zelenykomin.cz\/?p=1479\">Cel\u00fd p\u0159\u00edsp\u011bvek <span class=\"meta-nav\">&rarr;<\/span><\/a><\/p>\n","protected":false},"author":6,"featured_media":0,"comment_status":"open","ping_status":"open","sticky":false,"template":"","format":"standard","meta":{"footnotes":""},"categories":[8,10],"tags":[],"_links":{"self":[{"href":"http:\/\/zelenykomin.cz\/index.php?rest_route=\/wp\/v2\/posts\/1479"}],"collection":[{"href":"http:\/\/zelenykomin.cz\/index.php?rest_route=\/wp\/v2\/posts"}],"about":[{"href":"http:\/\/zelenykomin.cz\/index.php?rest_route=\/wp\/v2\/types\/post"}],"author":[{"embeddable":true,"href":"http:\/\/zelenykomin.cz\/index.php?rest_route=\/wp\/v2\/users\/6"}],"replies":[{"embeddable":true,"href":"http:\/\/zelenykomin.cz\/index.php?rest_route=%2Fwp%2Fv2%2Fcomments&post=1479"}],"version-history":[{"count":9,"href":"http:\/\/zelenykomin.cz\/index.php?rest_route=\/wp\/v2\/posts\/1479\/revisions"}],"predecessor-version":[{"id":1490,"href":"http:\/\/zelenykomin.cz\/index.php?rest_route=\/wp\/v2\/posts\/1479\/revisions\/1490"}],"wp:attachment":[{"href":"http:\/\/zelenykomin.cz\/index.php?rest_route=%2Fwp%2Fv2%2Fmedia&parent=1479"}],"wp:term":[{"taxonomy":"category","embeddable":true,"href":"http:\/\/zelenykomin.cz\/index.php?rest_route=%2Fwp%2Fv2%2Fcategories&post=1479"},{"taxonomy":"post_tag","embeddable":true,"href":"http:\/\/zelenykomin.cz\/index.php?rest_route=%2Fwp%2Fv2%2Ftags&post=1479"}],"curies":[{"name":"wp","href":"https:\/\/api.w.org\/{rel}","templated":true}]}}