{"id":147,"date":"2013-12-12T19:41:41","date_gmt":"2013-12-12T18:41:41","guid":{"rendered":"http:\/\/zelenykomin.cz\/?p=147"},"modified":"2014-11-26T10:33:16","modified_gmt":"2014-11-26T09:33:16","slug":"dopis-k-projednani","status":"publish","type":"post","link":"http:\/\/zelenykomin.cz\/?p=147","title":{"rendered":"Dopis k projedn\u00e1n\u00ed"},"content":{"rendered":"<p>[p\u0159\u00edsp\u011bvek ze 4. 12. 2012]<\/p>\n<p style=\"text-align: justify;\">V\u00e1\u017een\u00ed,<\/p>\n<p style=\"text-align: justify;\">bl\u00ed\u017e\u00ed se jeden z d\u016fle\u017eit\u00fdch mezn\u00edk\u016f v procesu p\u0159\u00edpravy nov\u00e9ho brn\u011bnsk\u00e9ho \u00fazemn\u00edho pl\u00e1nu.<\/p>\n<p style=\"text-align: justify;\"><!--more--> \u0158ada z v\u00e1s podala k variant\u00e1m konceptu sv\u00e9 p\u0159ipom\u00ednky, n\u011bkte\u0159\u00ed z v\u00e1s jako z\u00e1stupci ve\u0159ejnosti i n\u00e1mitky. <b>Nyn\u00ed se bl\u00ed\u017e\u00ed hlasov\u00e1n\u00ed zastupitelstva, kter\u00e9 v mnoh\u00e9m p\u0159edur\u010d\u00ed, jak bude s va\u0161imi n\u00e1vrhy nalo\u017eeno.<\/b><\/p>\n<p style=\"text-align: justify;\">Vzhledem k tomu, \u017ee v \u010dernu 2012 soud zru\u0161il Z\u00e1sady \u00fazemn\u00edho rozvoje Jihomoravsk\u00e9ho kraje (ZUR), nem\u016f\u017ee Odbor \u00fazemn\u00edho pl\u00e1nov\u00e1n\u00ed a rozvoje (OUPR) magistr\u00e1tu pokra\u010dovat v projedn\u00e1v\u00e1n\u00ed brn\u011bnsk\u00e9ho \u00fazemn\u00edho pl\u00e1nu. A\u010dkoliv tak m\u011bli u\u010dinit u\u017e p\u0159ed n\u011bkolika m\u011bs\u00edci, rozhodli se magistr\u00e1tn\u00ed \u00fa\u0159edn\u00edci p\u0159edlo\u017eit zastupitelstvu ke schv\u00e1len\u00ed rozhodnut\u00ed o pozastaven\u00ed procesu po\u0159izov\u00e1n\u00ed nov\u00e9ho \u00fazemn\u00edho pl\u00e1nu.<\/p>\n<p style=\"text-align: justify;\">Spolu s t\u00edm, v\u0161ak zastupitel\u016fm p\u0159edkl\u00e1daj\u00ed rozpracovanou<b> prvn\u00ed verzi Pokyn\u016f k dopracov\u00e1n\u00ed \u00fazemn\u00edho pl\u00e1nu<\/b>, kter\u00e9 ji\u017e obsahuj\u00ed rozhodnut\u00ed o v\u00fdb\u011bru varianty a dal\u0161\u00ed d\u016fle\u017eit\u00e9 pokyny, kter\u00e9 p\u0159edur\u010duj\u00ed, jak bude s va\u0161imi p\u0159ipom\u00ednkami a n\u00e1mitkami nalo\u017eeno. P\u0159esto\u017ee zastupitel\u00e9 maj\u00ed tento materi\u00e1l \u201epouze\u201c vz\u00edt na v\u011bdom\u00ed, vedouc\u00ed OUPR Leopoldov\u00e1 toto hlasov\u00e1n\u00ed interperetuje jako vyj\u00e1d\u0159en\u00ed souhlasu s v\u00fdb\u011brem varianty II a dal\u0161\u00edm sm\u011b\u0159ov\u00e1n\u00edm p\u0159\u00edpravy \u00fazemn\u00edho pl\u00e1nu. Na mou p\u0159\u00edmou ot\u00e1zku doslova napsala, \u017ee p\u0159edkl\u00e1dan\u00fd <b>\u201en\u00e1vrh Pokyn\u016f pro zpracov\u00e1n\u00ed n\u00e1vrhu \u00fazemn\u00edho pl\u00e1nu je z\u00a0v\u011bcn\u00e9ho hlediska formulac\u00ed v\u00fdsledn\u00e9 varianty rozvoje m\u011bsta\u201c<\/b>.<\/p>\n<p style=\"text-align: justify;\">Pokud tedy v \u00fater\u00fd 11. prosince zastupitel\u00e9 vezmou tento materi\u00e1l na v\u011bdom\u00ed, budou magistr\u00e1tn\u00ed \u00fa\u0159edn\u00edci d\u00e1le pokra\u010dovat v p\u0159\u00edprav\u011b nov\u00e9ho \u00fazemn\u00edho pl\u00e1nu ji\u017e jen ve variant\u011b II a podle stanovisek obsa\u017een\u00fdch v Pokynech.<\/p>\n<p style=\"text-align: justify;\"><b>Tento postup nejen\u017ee nem\u00e1 oporu v z\u00e1kon\u011b, ale je z\u00e1rove\u0148 naprosto nef\u00e9rov\u00fd.<\/b> Bez diskuse, bez relevantn\u00edch odborn\u00fdch podklad\u016f, na z\u00e1klad\u011b soudem zru\u0161en\u00fdch ZUR a bez \u0159\u00e1dn\u00e9ho vypo\u0159\u00e1d\u00e1n\u00ed va\u0161ich p\u0159ipom\u00ednek a n\u00e1mitek m\u00e1 b\u00fdt ur\u010den dal\u0161\u00ed sm\u011br v pr\u00e1ci \u00fa\u0159edn\u00edk\u016f na nov\u00e9m \u00fazemn\u00edm pl\u00e1nu. Proto pros\u00edm, seznamte se s obsahem n\u00e1vrhu Pokyn\u016f a <b><span style=\"text-decoration: underline;\">p\u0159ij\u010fte v \u00fater\u00fd 11. prosince 2012 na jedn\u00e1n\u00ed Zastupitelstva m\u011bsta Brna<\/span><\/b> podpo\u0159it n\u00e1vrh, aby protiz\u00e1konn\u011b zpracovan\u00fd a bez diskuse p\u0159edkl\u00e1dan\u00fd materi\u00e1l nebyl br\u00e1n na v\u011bdom\u00ed.<\/p>\n<p style=\"text-align: justify;\">\n<p style=\"text-align: justify;\">Jako ob\u010dan\u00e9 m\u011bsta Brna <b>m\u00e1te pr\u00e1vo vystoupit<\/b> na jedn\u00e1n\u00ed zastupitelstva k t\u00e9to v\u011bci ve dvou bodech:<\/p>\n<p style=\"text-align: justify;\">\u00f1\u00a0 v bod\u011b \u010d. 2 s n\u00e1zvem Dotazy, p\u0159ipom\u00ednky a podn\u011bty ob\u010dan\u016f, kter\u00fd je za\u0159azen na 8:30 hod.,<\/p>\n<p style=\"text-align: justify;\">\u00f1\u00a0 v bod\u011b \u010d. 95. s n\u00e1zvem Nov\u00fd \u00fazemn\u00ed pl\u00e1n m\u011bsta Brna \u2013 n\u00e1vrh Pokyn\u016f pro zpracov\u00e1n\u00ed n\u00e1vrhu \u00dazemn\u00edho pl\u00e1nu m\u011bsta Brna. Ten nen\u00ed za\u0159azen na konkr\u00e9tn\u00ed hodinu a p\u0159\u00edjde na program jedn\u00e1n\u00ed s vysokou pravd\u011bpodobnost\u00ed a\u017e v odpoledn\u00edm bloku, kter\u00fd za\u010d\u00edn\u00e1 ve 14:00 hod.<\/p>\n<p style=\"text-align: justify;\">V obou p\u0159\u00edpadech m\u00e1te pr\u00e1vo vystoupit s p\u0159\u00edsp\u011bvkem v d\u00e9lce 2 minuty.<\/p>\n<p style=\"text-align: justify;\">Pokud se k v\u00e1m je\u0161t\u011b nedostal text v\u00fd\u0161e zmi\u0148ovan\u00e9 prvn\u00ed verze Pokyn\u016f pro dopracov\u00e1n\u00ed n\u00e1vrhu \u00fazemn\u00edho pl\u00e1nu, napi\u0161te mi na: <span style=\"text-decoration: underline;\">martin.ander@zeleni.cz<\/span>, obratem v\u00e1m jej za\u0161lu. P\u0159edem d\u011bkuji za va\u0161i aktivitu a odhodl\u00e1n\u00ed k v\u011bci ve\u0159ejn\u011b vystupovat.<\/p>\n<p style=\"text-align: justify;\">S pozdravem<\/p>\n<p style=\"text-align: justify;\">\n<p style=\"text-align: justify;\">Martin Ander<\/p>\n<p>zastupitel za Stranu zelen\u00fdch<\/p>\n","protected":false},"excerpt":{"rendered":"<p>[p\u0159\u00edsp\u011bvek ze 4. 12. 2012] V\u00e1\u017een\u00ed, bl\u00ed\u017e\u00ed se jeden z d\u016fle\u017eit\u00fdch mezn\u00edk\u016f v procesu p\u0159\u00edpravy nov\u00e9ho brn\u011bnsk\u00e9ho \u00fazemn\u00edho pl\u00e1nu.<\/p>\n","protected":false},"author":1,"featured_media":33,"comment_status":"open","ping_status":"open","sticky":false,"template":"","format":"standard","meta":{"footnotes":""},"categories":[8,10],"tags":[],"_links":{"self":[{"href":"http:\/\/zelenykomin.cz\/index.php?rest_route=\/wp\/v2\/posts\/147"}],"collection":[{"href":"http:\/\/zelenykomin.cz\/index.php?rest_route=\/wp\/v2\/posts"}],"about":[{"href":"http:\/\/zelenykomin.cz\/index.php?rest_route=\/wp\/v2\/types\/post"}],"author":[{"embeddable":true,"href":"http:\/\/zelenykomin.cz\/index.php?rest_route=\/wp\/v2\/users\/1"}],"replies":[{"embeddable":true,"href":"http:\/\/zelenykomin.cz\/index.php?rest_route=%2Fwp%2Fv2%2Fcomments&post=147"}],"version-history":[{"count":2,"href":"http:\/\/zelenykomin.cz\/index.php?rest_route=\/wp\/v2\/posts\/147\/revisions"}],"predecessor-version":[{"id":149,"href":"http:\/\/zelenykomin.cz\/index.php?rest_route=\/wp\/v2\/posts\/147\/revisions\/149"}],"wp:featuredmedia":[{"embeddable":true,"href":"http:\/\/zelenykomin.cz\/index.php?rest_route=\/wp\/v2\/media\/33"}],"wp:attachment":[{"href":"http:\/\/zelenykomin.cz\/index.php?rest_route=%2Fwp%2Fv2%2Fmedia&parent=147"}],"wp:term":[{"taxonomy":"category","embeddable":true,"href":"http:\/\/zelenykomin.cz\/index.php?rest_route=%2Fwp%2Fv2%2Fcategories&post=147"},{"taxonomy":"post_tag","embeddable":true,"href":"http:\/\/zelenykomin.cz\/index.php?rest_route=%2Fwp%2Fv2%2Ftags&post=147"}],"curies":[{"name":"wp","href":"https:\/\/api.w.org\/{rel}","templated":true}]}}