{"id":1413,"date":"2019-11-08T15:48:06","date_gmt":"2019-11-08T14:48:06","guid":{"rendered":"http:\/\/zelenykomin.cz\/?p=1413"},"modified":"2019-11-11T13:15:10","modified_gmt":"2019-11-11T12:15:10","slug":"nezapomenme-jiz-30-let-zijeme-v-demokracii","status":"publish","type":"post","link":"http:\/\/zelenykomin.cz\/?p=1413","title":{"rendered":"Nezapome\u0148me: ji\u017e 30 let \u017eijeme v demokracii"},"content":{"rendered":"<p><a href=\"http:\/\/zelenykomin.cz\/wp-content\/uploads\/2019\/11\/festival-svobody-2019-1004131917.jpg\"><img loading=\"lazy\" decoding=\"async\" class=\"alignleft wp-image-1415\" src=\"http:\/\/zelenykomin.cz\/wp-content\/uploads\/2019\/11\/festival-svobody-2019-1004131917-212x300.jpg\" alt=\"festival-svobody-2019-1004131917\" width=\"170\" height=\"240\" srcset=\"http:\/\/zelenykomin.cz\/wp-content\/uploads\/2019\/11\/festival-svobody-2019-1004131917-212x300.jpg 212w, http:\/\/zelenykomin.cz\/wp-content\/uploads\/2019\/11\/festival-svobody-2019-1004131917.jpg 500w\" sizes=\"(max-width: 170px) 100vw, 170px\" \/><\/a>V\u00a0ned\u011bli 17. listopadu 2019 si p\u0159ipomeneme 30 let od Sametov\u00e9 revoluce a oslav\u00edme stejn\u011b dlouh\u00e9 obdob\u00ed demokracie a svobody. Nen\u00ed to samoz\u0159ejmost a tak\u00e9 to nikdy nen\u00ed zaru\u010deno prov\u017edy. Oslavme v\u00fdro\u010d\u00ed a z\u00e1rove\u0148 nad\u00e1le usilujme o to, aby z\u00e1kladn\u00ed lidsk\u00e9 hodnoty byly zachov\u00e1ny, rozv\u00edjeny, posilov\u00e1ny.<\/p>\n<p>Srde\u010dn\u011b zveme na oslavy konan\u00e9 po cel\u00e9 republice v r\u00e1mci Festivalu svobody, program najdete na <a href=\"https:\/\/www.festivalsvobody.cz\/\">www.festivalsvobody.cz<\/a>.<\/p>\n<p>Zvl\u00e1\u0161t\u011b pak zveme na brn\u011bnsk\u00e9 akce po\u0159\u00e1dan\u00e9 studenty v r\u00e1mci <strong>Brn\u011bnsk\u00e9ho sedmn\u00e1ct\u00e9ho<\/strong>, program se bude konat p\u0159edev\u0161\u00edm na Svobo\u010f\u00e1ku a v pas\u00e1\u017ei Alfa, podrobn\u00e9 informace najdete na webu <a href=\"https:\/\/www.brnensky17.cz\/\">www.brnensky17.cz<\/a>.<\/p>\n<p><a href=\"http:\/\/zelenykomin.cz\/wp-content\/uploads\/2019\/11\/brnensky_17.jpg\"><img loading=\"lazy\" decoding=\"async\" class=\"alignnone wp-image-1416 size-large\" src=\"http:\/\/zelenykomin.cz\/wp-content\/uploads\/2019\/11\/brnensky_17-1024x379.jpg\" alt=\"brnensky_17\" width=\"640\" height=\"236\" srcset=\"http:\/\/zelenykomin.cz\/wp-content\/uploads\/2019\/11\/brnensky_17-1024x379.jpg 1024w, http:\/\/zelenykomin.cz\/wp-content\/uploads\/2019\/11\/brnensky_17-300x111.jpg 300w, http:\/\/zelenykomin.cz\/wp-content\/uploads\/2019\/11\/brnensky_17.jpg 1920w\" sizes=\"(max-width: 640px) 100vw, 640px\" \/><\/a><\/p>\n<p>A pokud byste snad kolem sebe m\u011bli n\u011bkoho, kdo V\u00e1m tvrd\u00ed, \u017ee za komunist\u016f jsme se m\u011bli l\u00e9pe, pro vyvracen\u00ed hmotn\u00e9 \u010d\u00e1sti t\u00e9to pochybn\u00e9 p\u0159edstavy doporu\u010duji str\u00e1nku <a href=\"http:\/\/www.zakomunistu.cz\">www.zakomunistu.cz<\/a>, kde v tvrd\u00fdch statistick\u00fdch datech najdete srovn\u00e1n\u00ed cen tenkr\u00e1t a v roce 2012, nov\u011bj\u0161\u00ed data pak jsou nap\u0159\u00edklad v \u010dl\u00e1nku na idnes.cz<br \/>\n<a href=\"https:\/\/www.idnes.cz\/ekonomika\/domaci\/srovnani-ceny-normalizace-1980.A190301_200412_ekonomika_fih\">Zdra\u017eit pivo nebo brambory se KS\u010c b\u00e1la. Tajila to do posledn\u00ed chv\u00edle.<\/a><\/p>\n<p>T\u0159icet \u017eijeme ve svobodn\u00e9 zemi, st\u00e1le je v\u0161ak za co bojovat. Aktu\u00e1ln\u011b nap\u0159\u00edklad za ozdraven\u00ed a znovu\u017eiven\u00ed na\u0161i zem\u011bd\u011blsk\u00e9 krajiny, viz petice <a href=\"https:\/\/www.birdlife.cz\/petice-za-krajinu\/\">Vra\u0165me \u017eivot do krajiny!<\/a> Nen\u00ed-li v\u00e1m lhostejn\u00e9, \u017ee ze zem\u011bd\u011blsk\u00e9 krajiny d\u00edky intenzivn\u00edmu hospoda\u0159en\u00ed miz\u00ed \u017eivo\u010dichov\u00e9 nejrychleji ze v\u0161ech segment\u016f na\u0161\u00ed krajiny, p\u0159ipojte se k petici sv\u00fdm podpisem.<\/p>\n<p><a href=\"http:\/\/zelenykomin.cz\/wp-content\/uploads\/2019\/11\/banner.png\"><img loading=\"lazy\" decoding=\"async\" class=\"alignnone wp-image-1436 size-large\" src=\"http:\/\/zelenykomin.cz\/wp-content\/uploads\/2019\/11\/banner-1024x170.png\" alt=\"banner\" width=\"640\" height=\"106\" srcset=\"http:\/\/zelenykomin.cz\/wp-content\/uploads\/2019\/11\/banner-1024x170.png 1024w, http:\/\/zelenykomin.cz\/wp-content\/uploads\/2019\/11\/banner-300x50.png 300w, http:\/\/zelenykomin.cz\/wp-content\/uploads\/2019\/11\/banner.png 1200w\" sizes=\"(max-width: 640px) 100vw, 640px\" \/><\/a><\/p>\n","protected":false},"excerpt":{"rendered":"<p>V\u00a0ned\u011bli 17. listopadu 2019 si p\u0159ipomeneme 30 let od Sametov\u00e9 revoluce a oslav\u00edme stejn\u011b dlouh\u00e9 obdob\u00ed demokracie a svobody. Nen\u00ed to samoz\u0159ejmost a tak\u00e9 to nikdy nen\u00ed zaru\u010deno prov\u017edy. Oslavme v\u00fdro\u010d\u00ed a z\u00e1rove\u0148 nad\u00e1le usilujme o to, aby z\u00e1kladn\u00ed lidsk\u00e9 &hellip; <a href=\"http:\/\/zelenykomin.cz\/?p=1413\">Cel\u00fd p\u0159\u00edsp\u011bvek <span class=\"meta-nav\">&rarr;<\/span><\/a><\/p>\n","protected":false},"author":6,"featured_media":0,"comment_status":"open","ping_status":"open","sticky":false,"template":"","format":"standard","meta":{"footnotes":""},"categories":[5],"tags":[],"_links":{"self":[{"href":"http:\/\/zelenykomin.cz\/index.php?rest_route=\/wp\/v2\/posts\/1413"}],"collection":[{"href":"http:\/\/zelenykomin.cz\/index.php?rest_route=\/wp\/v2\/posts"}],"about":[{"href":"http:\/\/zelenykomin.cz\/index.php?rest_route=\/wp\/v2\/types\/post"}],"author":[{"embeddable":true,"href":"http:\/\/zelenykomin.cz\/index.php?rest_route=\/wp\/v2\/users\/6"}],"replies":[{"embeddable":true,"href":"http:\/\/zelenykomin.cz\/index.php?rest_route=%2Fwp%2Fv2%2Fcomments&post=1413"}],"version-history":[{"count":22,"href":"http:\/\/zelenykomin.cz\/index.php?rest_route=\/wp\/v2\/posts\/1413\/revisions"}],"predecessor-version":[{"id":1438,"href":"http:\/\/zelenykomin.cz\/index.php?rest_route=\/wp\/v2\/posts\/1413\/revisions\/1438"}],"wp:attachment":[{"href":"http:\/\/zelenykomin.cz\/index.php?rest_route=%2Fwp%2Fv2%2Fmedia&parent=1413"}],"wp:term":[{"taxonomy":"category","embeddable":true,"href":"http:\/\/zelenykomin.cz\/index.php?rest_route=%2Fwp%2Fv2%2Fcategories&post=1413"},{"taxonomy":"post_tag","embeddable":true,"href":"http:\/\/zelenykomin.cz\/index.php?rest_route=%2Fwp%2Fv2%2Ftags&post=1413"}],"curies":[{"name":"wp","href":"https:\/\/api.w.org\/{rel}","templated":true}]}}