{"id":1391,"date":"2019-04-18T11:12:16","date_gmt":"2019-04-18T09:12:16","guid":{"rendered":"http:\/\/zelenykomin.cz\/?p=1391"},"modified":"2019-04-18T11:12:16","modified_gmt":"2019-04-18T09:12:16","slug":"velikonocni-prani","status":"publish","type":"post","link":"http:\/\/zelenykomin.cz\/?p=1391","title":{"rendered":"Velikono\u010dn\u00ed p\u0159\u00e1n\u00ed"},"content":{"rendered":"<p><em><strong><a href=\"http:\/\/zelenykomin.cz\/wp-content\/uploads\/2019\/04\/velikonocni.jpg\"><img loading=\"lazy\" decoding=\"async\" class=\"alignnone size-large wp-image-1397\" src=\"http:\/\/zelenykomin.cz\/wp-content\/uploads\/2019\/04\/velikonocni-1024x682.jpg\" alt=\"velikonocni\" width=\"640\" height=\"426\" srcset=\"http:\/\/zelenykomin.cz\/wp-content\/uploads\/2019\/04\/velikonocni-1024x682.jpg 1024w, http:\/\/zelenykomin.cz\/wp-content\/uploads\/2019\/04\/velikonocni-300x200.jpg 300w, http:\/\/zelenykomin.cz\/wp-content\/uploads\/2019\/04\/velikonocni.jpg 1134w\" sizes=\"(max-width: 640px) 100vw, 640px\" \/><\/a>P\u0159ejeme V\u00e1m radostn\u00e9 a smyslupln\u00e9 pro\u017eit\u00ed Velikonoc, s\u00edlu k empatii a l\u00e1sce<\/strong><\/em><br \/>\n<span style=\"color: #598b00;\"><em><strong> Zelen\u00e1 pro Kom\u00edn<\/strong><\/em><\/span><\/p>\n","protected":false},"excerpt":{"rendered":"<p>P\u0159ejeme V\u00e1m radostn\u00e9 a smyslupln\u00e9 pro\u017eit\u00ed Velikonoc, s\u00edlu k empatii a l\u00e1sce Zelen\u00e1 pro Kom\u00edn<\/p>\n","protected":false},"author":6,"featured_media":0,"comment_status":"open","ping_status":"open","sticky":false,"template":"","format":"standard","meta":{"footnotes":""},"categories":[1],"tags":[],"_links":{"self":[{"href":"http:\/\/zelenykomin.cz\/index.php?rest_route=\/wp\/v2\/posts\/1391"}],"collection":[{"href":"http:\/\/zelenykomin.cz\/index.php?rest_route=\/wp\/v2\/posts"}],"about":[{"href":"http:\/\/zelenykomin.cz\/index.php?rest_route=\/wp\/v2\/types\/post"}],"author":[{"embeddable":true,"href":"http:\/\/zelenykomin.cz\/index.php?rest_route=\/wp\/v2\/users\/6"}],"replies":[{"embeddable":true,"href":"http:\/\/zelenykomin.cz\/index.php?rest_route=%2Fwp%2Fv2%2Fcomments&post=1391"}],"version-history":[{"count":5,"href":"http:\/\/zelenykomin.cz\/index.php?rest_route=\/wp\/v2\/posts\/1391\/revisions"}],"predecessor-version":[{"id":1399,"href":"http:\/\/zelenykomin.cz\/index.php?rest_route=\/wp\/v2\/posts\/1391\/revisions\/1399"}],"wp:attachment":[{"href":"http:\/\/zelenykomin.cz\/index.php?rest_route=%2Fwp%2Fv2%2Fmedia&parent=1391"}],"wp:term":[{"taxonomy":"category","embeddable":true,"href":"http:\/\/zelenykomin.cz\/index.php?rest_route=%2Fwp%2Fv2%2Fcategories&post=1391"},{"taxonomy":"post_tag","embeddable":true,"href":"http:\/\/zelenykomin.cz\/index.php?rest_route=%2Fwp%2Fv2%2Ftags&post=1391"}],"curies":[{"name":"wp","href":"https:\/\/api.w.org\/{rel}","templated":true}]}}