{"id":139,"date":"2013-12-12T19:23:58","date_gmt":"2013-12-12T18:23:58","guid":{"rendered":"http:\/\/zelenykomin.cz\/?p=139"},"modified":"2014-11-26T10:33:57","modified_gmt":"2014-11-26T09:33:57","slug":"radni-misto-predrazenych-zakazek-skrtaji-sluzby-pro-obcany","status":"publish","type":"post","link":"http:\/\/zelenykomin.cz\/?p=139","title":{"rendered":"Radn\u00ed m\u00edsto p\u0159edra\u017een\u00fdch zak\u00e1zek  \u0161krtaj\u00ed slu\u017eby pro ob\u010dany"},"content":{"rendered":"<p style=\"text-align: justify;\">[p\u0159\u00edsp\u011bvek z 3. 12. 2012]<\/p>\n<p style=\"text-align: justify;\"><b>Zelen\u00ed kritizuj\u00ed n\u00e1vrh m\u011bstsk\u00e9ho rozpo\u010dtu na rok 2013, kter\u00fd ob\u010dan\u016fm a zastupitel\u016fm p\u0159edkl\u00e1d\u00e1 Rada m\u011bsta Brna.\u00a0<\/b><\/p>\n<p style=\"text-align: justify;\"><b><b><!--more--><\/b><\/b><\/p>\n<p style=\"text-align: justify;\"><b>M\u00edsto \u00faspor na p\u0159edra\u017een\u00fdch zak\u00e1zk\u00e1ch toti\u017e radn\u00ed prosazuj\u00ed \u0161krty a zdra\u017eov\u00e1n\u00ed slu\u017eeb pro ob\u010dany.<\/b><\/p>\n<p style=\"text-align: justify;\">S odkazem na ni\u017e\u0161\u00ed p\u0159\u00edjmy m\u011bsta v p\u0159\u00ed\u0161t\u00edm roce navrhuj\u00ed radn\u00ed omezit \u010di zdra\u017eit \u0159adu ve\u0159ejn\u00fdch slu\u017eeb. Nejv\u00fdrazn\u011bji Br\u0148an\u00e9 poc\u00edt\u00ed omezen\u00ed ve\u0159ejn\u00e9 dopravy, ale i zdra\u017een\u00ed vodn\u00e9ho a sto\u010dn\u00e9ho \u010di poplatk\u016f za odpad.<\/p>\n<p style=\"text-align: justify;\">P\u0159itom takov\u00e1 opat\u0159en\u00ed by nebyla nutn\u00e1, kdyby veden\u00ed m\u011bsta zabr\u00e1nilo pl\u00fdtv\u00e1n\u00ed financemi v \u0159ad\u011b oblast\u00ed. V\u010dasn\u00e1 a d\u016fsledn\u011b proveden\u00e1 otev\u0159en\u00e1 v\u00fdb\u011brov\u00e1 \u0159\u00edzen\u00ed \u010di elektornick\u00e9 aukce na dodavatele energi\u00ed, ale tak\u00e9 \u00faklidov\u00fdch slu\u017eeb \u010di ostrahy budov, mohla m\u011bstu u\u0161et\u0159it \u010d\u00e1stky v \u0159\u00e1du des\u00edtek milion\u016f korun [1]. V rozpo\u010dtu tak\u00e9 nad\u00e1le z\u016fst\u00e1vaj\u00ed neefektivn\u00ed a p\u0159edra\u017een\u00e9 v\u00fddaje na propagaci m\u011bsta nebo n\u00e1klady na zad\u00e1v\u00e1n\u00ed zbyte\u010dn\u00fdch \u010di p\u0159edra\u017een\u00fdch studi\u00ed (z\u00e1bavn\u00ed are\u00e1l Ponava, strategie parkov\u00e1n\u00ed ad.) [2]. N\u00e1vrh rozpo\u010dtu obsahuje tak\u00e9 n\u011bkolik bl\u00ed\u017ee nespecifikovan\u00fdch rezerv o velikosti des\u00edtek milion\u016f korun, kter\u00e9 radn\u00ed v pr\u016fb\u011bhu roku hodlaj\u00ed utratit bez projedn\u00e1n\u00ed v zastupitelstvu [3]. \u00daspory v t\u011bchto polo\u017ek\u00e1ch by se nijak nedotkly ka\u017edodenn\u00edho \u017eivota ob\u010dan\u016f a umo\u017enily by poskytovat jim i nad\u00e1le ve\u0159ejn\u00e9 slu\u017eby na alespo\u0148 stejn\u00e9 \u00farovni jako letos. Nap\u0159\u00edklad omezen\u00ed spoj\u016f MHD by nebylo nutn\u00e9.<\/p>\n<p style=\"text-align: justify;\"><b>Martin Ander, p\u0159edseda zastupitel\u016f za Stranu zelen\u00fdch, k tomu \u0159\u00edk\u00e1:<\/b><\/p>\n<p style=\"text-align: justify;\">\u201eN\u00e1vrh rozpo\u010dtu je nevyv\u00e1\u017een\u00fd. Zat\u00edmco na ve\u0159ejn\u00e9 doprav\u011b navrhuj\u00ed radn\u00ed \u0161et\u0159it tak, \u017ee to povede k omezov\u00e1n\u00ed spoj\u016f, v \u0159ad\u011b jin\u00fdch oblast\u00ed pokra\u010duje pl\u00fdtv\u00e1n\u00ed. Budeme proto na nadch\u00e1zej\u00edc\u00edm zased\u00e1n\u00ed zastupitelstva usilovat o zm\u011bnu tak, aby k omezov\u00e1n\u00ed ve\u0159ejn\u00e9 dopravy nemuselo doj\u00edt.\u201c<\/p>\n<p style=\"text-align: justify;\"><span style=\"text-decoration: underline;\">Kontakt:<\/span><\/p>\n<p style=\"text-align: justify;\">Martin Ander, p\u0159edseda klubu zastupitel\u016f Strany zelen\u00fdch, tel: 732 565 042.<\/p>\n<p style=\"text-align: justify;\">Jana Dr\u00e1palov\u00e1, starostka M\u010c Nov\u00fd L\u00edskovec, zastupitelka za SZ, tel: 721 636 486<\/p>\n<p style=\"text-align: justify;\"><span style=\"text-decoration: underline;\">Pozn\u00e1mky:<\/span><\/p>\n<p style=\"text-align: justify;\">[1] Dlouho slibovan\u00e1 elektronick\u00e1 aukce na dodavatele elekt\u0159iny pro magistr\u00e1t, m\u011bstsk\u00e9 \u010d\u00e1sti a p\u0159\u00edsp\u011bvkov\u00e9 organizace zat\u00edm nebyla ani zah\u00e1jena. Rozpo\u010det na \u00faklidov\u00e9 pr\u00e1ce, \u010di ostrahu budov m\u011bstsk\u00fdch nemovitost\u00ed z\u016fst\u00e1v\u00e1 prakticky beze zm\u011bny.<\/p>\n<p style=\"text-align: justify;\"><span style=\"font-size: 0.95em; line-height: 1.6em;\">[2] R\u016fzn\u00e9 zak\u00e1zky na propagaci m\u011bsta spolknou ro\u010dn\u011b p\u0159es 40 milion\u016f korun. V roce 2013 hodl\u00e1 veden\u00ed m\u011bsta utratit 9 milion\u016f za bl\u00ed\u017ee nespecifikovanou studii z\u00e1bavn\u00edho are\u00e1lu Ponava, \u010di o milion korun p\u0159edra\u017eenou zak\u00e1zku na studii parkov\u00e1n\u00ed.<\/span><\/p>\n<p style=\"text-align: justify;\">[3] Nap\u0159\u00edklad v kapitole Silnice je 74,4 milionu korun neur\u010dit\u011b ozna\u010deno jako tzv. Rezerva kapit\u00e1lov\u00fdch v\u00fddaj\u016f.<\/p>\n<p style=\"text-align: justify;\">\n","protected":false},"excerpt":{"rendered":"<p>[p\u0159\u00edsp\u011bvek z 3. 12. 2012] Zelen\u00ed kritizuj\u00ed n\u00e1vrh m\u011bstsk\u00e9ho rozpo\u010dtu na rok 2013, kter\u00fd ob\u010dan\u016fm a zastupitel\u016fm p\u0159edkl\u00e1d\u00e1 Rada m\u011bsta Brna.\u00a0<\/p>\n","protected":false},"author":1,"featured_media":35,"comment_status":"open","ping_status":"open","sticky":false,"template":"","format":"standard","meta":{"footnotes":""},"categories":[8,10],"tags":[],"_links":{"self":[{"href":"http:\/\/zelenykomin.cz\/index.php?rest_route=\/wp\/v2\/posts\/139"}],"collection":[{"href":"http:\/\/zelenykomin.cz\/index.php?rest_route=\/wp\/v2\/posts"}],"about":[{"href":"http:\/\/zelenykomin.cz\/index.php?rest_route=\/wp\/v2\/types\/post"}],"author":[{"embeddable":true,"href":"http:\/\/zelenykomin.cz\/index.php?rest_route=\/wp\/v2\/users\/1"}],"replies":[{"embeddable":true,"href":"http:\/\/zelenykomin.cz\/index.php?rest_route=%2Fwp%2Fv2%2Fcomments&post=139"}],"version-history":[{"count":7,"href":"http:\/\/zelenykomin.cz\/index.php?rest_route=\/wp\/v2\/posts\/139\/revisions"}],"predecessor-version":[{"id":146,"href":"http:\/\/zelenykomin.cz\/index.php?rest_route=\/wp\/v2\/posts\/139\/revisions\/146"}],"wp:featuredmedia":[{"embeddable":true,"href":"http:\/\/zelenykomin.cz\/index.php?rest_route=\/wp\/v2\/media\/35"}],"wp:attachment":[{"href":"http:\/\/zelenykomin.cz\/index.php?rest_route=%2Fwp%2Fv2%2Fmedia&parent=139"}],"wp:term":[{"taxonomy":"category","embeddable":true,"href":"http:\/\/zelenykomin.cz\/index.php?rest_route=%2Fwp%2Fv2%2Fcategories&post=139"},{"taxonomy":"post_tag","embeddable":true,"href":"http:\/\/zelenykomin.cz\/index.php?rest_route=%2Fwp%2Fv2%2Ftags&post=139"}],"curies":[{"name":"wp","href":"https:\/\/api.w.org\/{rel}","templated":true}]}}