{"id":1369,"date":"2019-03-10T20:09:47","date_gmt":"2019-03-10T19:09:47","guid":{"rendered":"http:\/\/zelenykomin.cz\/?p=1369"},"modified":"2019-11-22T21:08:01","modified_gmt":"2019-11-22T20:08:01","slug":"svet-je-bajecne-misto-ferlinghetti-100-let","status":"publish","type":"post","link":"http:\/\/zelenykomin.cz\/?p=1369","title":{"rendered":"Sv\u011bt je b\u00e1je\u010dn\u00e9 m\u00edsto \u2013 Ferlinghetti 100 let"},"content":{"rendered":"<p><a href=\"http:\/\/zelenykomin.cz\/wp-content\/uploads\/2019\/04\/ferlinghetti.jpg\"><img loading=\"lazy\" decoding=\"async\" class=\"alignleft wp-image-1374 size-medium\" src=\"http:\/\/zelenykomin.cz\/wp-content\/uploads\/2019\/04\/ferlinghetti-239x300.jpg\" alt=\"ferlinghetti\" width=\"239\" height=\"300\" srcset=\"http:\/\/zelenykomin.cz\/wp-content\/uploads\/2019\/04\/ferlinghetti-239x300.jpg 239w, http:\/\/zelenykomin.cz\/wp-content\/uploads\/2019\/04\/ferlinghetti.jpg 657w\" sizes=\"(max-width: 239px) 100vw, 239px\" \/><\/a><\/p>\n<p>V b\u0159eznu se do\u017eil sta let americk\u00fd b\u00e1sn\u00edk Lawrence Ferlinghetti. B\u00e1sn\u00edk, kter\u00fd je mimo jin\u00e9 autorem kr\u00e1sn\u00fdch b\u00e1sn\u00ed v\u011bnovan\u00fdch p\u0159\u00edrod\u011b (nap\u0159\u00edklad ve sb\u00edrce <em>Northwest Ecolog<\/em> vydan\u00e9 v roce 1978). N\u00e1sleduj\u00edc\u00ed b\u00e1se\u0148 vy\u0161la ve sb\u00edrce <em>Pictures of the Gone World<\/em> u\u017e v roce 1955, st\u00e1le je v\u0161ak platn\u00e1, jakoby byla naps\u00e1na pr\u00e1v\u011b te\u010f&#8230; Skvostn\u011b ji p\u0159elo\u017eil Jan Z\u00e1brana.<\/p>\n<p>&nbsp;<\/p>\n<p>&nbsp;<\/p>\n<p style=\"padding-left: 30px;\"><strong>SV\u011aT JE B\u00c1JE\u010cN\u00c9 M\u00cdSTO<\/strong><\/p>\n<p style=\"text-align: left; padding-left: 30px;\">Sv\u011bt je b\u00e1je\u010dn\u00e9 m\u00edsto<br \/>\nk narozen\u00ed<br \/>\njestli v\u00e1m nevad\u00ed<br \/>\n\u017ee \u0161t\u011bst\u00ed v\u017edycky nen\u00ed<br \/>\ntak velk\u00fd po\u017eitek<br \/>\njestli v\u00e1m nevad\u00ed \u017ee si tu a tam<br \/>\n\u0161eredn\u011b sp\u00e1l\u00edte prsty<br \/>\nzrovna kdy\u017e je v\u0161echno tak prima<br \/>\nto v\u00edte ani na nebes\u00edch<br \/>\nnezp\u00edvaj\u00ed<br \/>\npo cel\u00fd \u010das<\/p>\n<p style=\"padding-left: 30px;\">Sv\u011bt je b\u00e1je\u010dn\u00e9 m\u00edsto<br \/>\nk narozen\u00ed<br \/>\njestli v\u00e1m nevad\u00ed \u017ee n\u011bkte\u0159\u00ed lid\u00e9 um\u00edraj\u00ed<br \/>\npo cel\u00fd \u010das<br \/>\nnebo snad maj\u00ed jen hlad<br \/>\n\u010das od \u010dasu<br \/>\nco\u017e se d\u00e1 celkem sn\u00e9st<br \/>\npokud to nejste zrovna vy<\/p>\n<p style=\"padding-left: 30px;\">\u00d3 sv\u011bt je b\u00e1je\u010dn\u00e9 m\u00edsto<br \/>\nk narozen\u00ed<br \/>\njestli v\u00e1m p\u0159\u00edli\u0161 nevad\u00ed<br \/>\np\u00e1r m\u011bknouc\u00edch mozk\u016f<br \/>\nna vy\u0161\u0161\u00edch m\u00edstech<br \/>\nnebo n\u011bjak\u00e1 ta bomba<br \/>\nkterou v\u00e1m sem tam zcela jist\u011b<br \/>\nhod\u00ed n\u011bkdo na hlavu<br \/>\na r\u016fzn\u00e9 jin\u00e9 nep\u0159\u00edstojnosti kter\u00e9 v\u00edc ne\u017e dost<br \/>\nsu\u017euj\u00ed<br \/>\nna\u0161i patentovanou spole\u010dnost<br \/>\na jej\u00ed potent\u00e1ty<br \/>\nstejn\u011b jako jej\u00ed prachsprost\u00e9 katy<br \/>\na jej\u00ed p\u00e1tery<br \/>\na r\u016fzn\u00e9 jin\u00e9 policajty<br \/>\na jej\u00ed v\u0161emo\u017en\u00e9 segrega\u010dky<br \/>\na kongresov\u00e9 vysl\u00fdcha\u010dky<br \/>\na r\u016fzn\u00e9 jin\u00e9 opleta\u010dky<br \/>\nv\u0161echno \u010d\u00edm na\u0161e bl\u00e1hov\u00e9 t\u011blo<br \/>\nje d\u011bdi\u010dn\u011b zat\u00ed\u017eeno<\/p>\n<p style=\"padding-left: 30px;\">Jist\u011b sv\u011bt je to nejlep\u0161\u00ed ze v\u0161ech m\u00edst<br \/>\nkde se d\u00e1 d\u011blat spousta v\u011bc\u00ed jako t\u0159eba<br \/>\nlegra\u010dn\u00ed kousky<br \/>\na milostn\u00e9 kousky<br \/>\na ps\u00ed kusy<br \/>\na zp\u00edvat smutn\u00e9 p\u00edsni\u010dky a m\u00edt inspiraci<br \/>\na chodit sem a tam<br \/>\nna v\u0161echno koukat<br \/>\na von\u011bt ke kytk\u00e1m<br \/>\na okukovat sochy<br \/>\na dokonce i myslet<br \/>\na l\u00edbat lidi<br \/>\na d\u011blat d\u011bti a nosit kalhoty<br \/>\na m\u00e1vat klobouky<br \/>\na tancovat<br \/>\na chodit plavat do \u0159eky<br \/>\na na pikniky<br \/>\nuprost\u0159ed l\u00e9ta<br \/>\na prost\u011b v\u016fbec<br \/>\n&#8222;si to u\u017e\u00edvat&#8220;<\/p>\n<p style=\"padding-left: 30px;\">Jist\u011b<br \/>\njen\u017ee zrovna kdy\u017e jste v nejlep\u0161\u00edm<br \/>\np\u0159ijde usm\u011bvav\u00fd<br \/>\nfunebr\u00e1k<\/p>\n<p>&nbsp;<\/p>\n","protected":false},"excerpt":{"rendered":"<p>V b\u0159eznu se do\u017eil sta let americk\u00fd b\u00e1sn\u00edk Lawrence Ferlinghetti. B\u00e1sn\u00edk, kter\u00fd je mimo jin\u00e9 autorem kr\u00e1sn\u00fdch b\u00e1sn\u00ed v\u011bnovan\u00fdch p\u0159\u00edrod\u011b (nap\u0159\u00edklad ve sb\u00edrce Northwest Ecolog vydan\u00e9 v roce 1978). N\u00e1sleduj\u00edc\u00ed b\u00e1se\u0148 vy\u0161la ve sb\u00edrce Pictures of the Gone World u\u017e &hellip; <a href=\"http:\/\/zelenykomin.cz\/?p=1369\">Cel\u00fd p\u0159\u00edsp\u011bvek <span class=\"meta-nav\">&rarr;<\/span><\/a><\/p>\n","protected":false},"author":6,"featured_media":0,"comment_status":"open","ping_status":"open","sticky":false,"template":"","format":"standard","meta":{"footnotes":""},"categories":[1],"tags":[],"_links":{"self":[{"href":"http:\/\/zelenykomin.cz\/index.php?rest_route=\/wp\/v2\/posts\/1369"}],"collection":[{"href":"http:\/\/zelenykomin.cz\/index.php?rest_route=\/wp\/v2\/posts"}],"about":[{"href":"http:\/\/zelenykomin.cz\/index.php?rest_route=\/wp\/v2\/types\/post"}],"author":[{"embeddable":true,"href":"http:\/\/zelenykomin.cz\/index.php?rest_route=\/wp\/v2\/users\/6"}],"replies":[{"embeddable":true,"href":"http:\/\/zelenykomin.cz\/index.php?rest_route=%2Fwp%2Fv2%2Fcomments&post=1369"}],"version-history":[{"count":18,"href":"http:\/\/zelenykomin.cz\/index.php?rest_route=\/wp\/v2\/posts\/1369\/revisions"}],"predecessor-version":[{"id":1389,"href":"http:\/\/zelenykomin.cz\/index.php?rest_route=\/wp\/v2\/posts\/1369\/revisions\/1389"}],"wp:attachment":[{"href":"http:\/\/zelenykomin.cz\/index.php?rest_route=%2Fwp%2Fv2%2Fmedia&parent=1369"}],"wp:term":[{"taxonomy":"category","embeddable":true,"href":"http:\/\/zelenykomin.cz\/index.php?rest_route=%2Fwp%2Fv2%2Fcategories&post=1369"},{"taxonomy":"post_tag","embeddable":true,"href":"http:\/\/zelenykomin.cz\/index.php?rest_route=%2Fwp%2Fv2%2Ftags&post=1369"}],"curies":[{"name":"wp","href":"https:\/\/api.w.org\/{rel}","templated":true}]}}