{"id":1354,"date":"2019-03-29T11:18:54","date_gmt":"2019-03-29T10:18:54","guid":{"rendered":"http:\/\/zelenykomin.cz\/?p=1354"},"modified":"2019-04-10T20:10:25","modified_gmt":"2019-04-10T18:10:25","slug":"prijdte-na-uklidme-cesko","status":"publish","type":"post","link":"http:\/\/zelenykomin.cz\/?p=1354","title":{"rendered":"P\u0159ij\u010fte na Ukli\u010fme \u010cesko"},"content":{"rendered":"<p><strong>P\u0159ij\u010fte se p\u0159ipojit k akci Ukli\u010fme \u010cesko, kter\u00e9 se \u00fa\u010dastn\u00edme ji\u017e <\/strong><span style=\"color: #000000;\"><strong>po\u0161est\u00e9!<\/strong><\/span><\/p>\n<p>Akci v\u00a0Kom\u00edn\u011b po\u0159\u00e1d\u00e1 M\u010c Brno-Kom\u00edn, bli\u017e\u0161\u00ed informace se do\u010dtete na let\u00e1\u010dku pod \u010dl\u00e1nkem \u010di na <a href=\"https:\/\/www.facebook.com\/events\/m%C4%9Bstsk%C3%A1-%C4%8D%C3%A1st-brno-kom%C3%ADn\/ukli%C4%8Fme-sv%C4%9Bt-ukli%C4%8Fme-%C4%8Desko-ukli%C4%8Fme-m%C4%8D-brno-kom%C3%ADn\/341868506432739\/\">FB \u00fa\u0159adu M\u010c Kom\u00edn.<\/a><\/p>\n<p><strong><span style=\"color: #82a617;\">Zelen\u00e1 <\/span>pro Kom\u00edn<\/strong><\/p>\n<p><strong><a href=\"http:\/\/zelenykomin.cz\/wp-content\/uploads\/2019\/03\/Uklidme_svet_uklidme_Cesko_2019.jpg\"><img loading=\"lazy\" decoding=\"async\" class=\"alignleft wp-image-1359\" src=\"http:\/\/zelenykomin.cz\/wp-content\/uploads\/2019\/03\/Uklidme_svet_uklidme_Cesko_2019-723x1024.jpg\" alt=\"Uklidme_svet_uklidme_Cesko_2019\" width=\"400\" height=\"566\" srcset=\"http:\/\/zelenykomin.cz\/wp-content\/uploads\/2019\/03\/Uklidme_svet_uklidme_Cesko_2019-723x1024.jpg 723w, http:\/\/zelenykomin.cz\/wp-content\/uploads\/2019\/03\/Uklidme_svet_uklidme_Cesko_2019-212x300.jpg 212w, http:\/\/zelenykomin.cz\/wp-content\/uploads\/2019\/03\/Uklidme_svet_uklidme_Cesko_2019.jpg 1653w\" sizes=\"(max-width: 400px) 100vw, 400px\" \/><\/a><br \/>\n<\/strong><\/p>\n","protected":false},"excerpt":{"rendered":"<p>P\u0159ij\u010fte se p\u0159ipojit k akci Ukli\u010fme \u010cesko, kter\u00e9 se \u00fa\u010dastn\u00edme ji\u017e po\u0161est\u00e9! Akci v\u00a0Kom\u00edn\u011b po\u0159\u00e1d\u00e1 M\u010c Brno-Kom\u00edn, bli\u017e\u0161\u00ed informace se do\u010dtete na let\u00e1\u010dku pod \u010dl\u00e1nkem \u010di na FB \u00fa\u0159adu M\u010c Kom\u00edn. Zelen\u00e1 pro Kom\u00edn<\/p>\n","protected":false},"author":6,"featured_media":0,"comment_status":"open","ping_status":"open","sticky":false,"template":"","format":"standard","meta":{"footnotes":""},"categories":[5,8,10],"tags":[],"_links":{"self":[{"href":"http:\/\/zelenykomin.cz\/index.php?rest_route=\/wp\/v2\/posts\/1354"}],"collection":[{"href":"http:\/\/zelenykomin.cz\/index.php?rest_route=\/wp\/v2\/posts"}],"about":[{"href":"http:\/\/zelenykomin.cz\/index.php?rest_route=\/wp\/v2\/types\/post"}],"author":[{"embeddable":true,"href":"http:\/\/zelenykomin.cz\/index.php?rest_route=\/wp\/v2\/users\/6"}],"replies":[{"embeddable":true,"href":"http:\/\/zelenykomin.cz\/index.php?rest_route=%2Fwp%2Fv2%2Fcomments&post=1354"}],"version-history":[{"count":12,"href":"http:\/\/zelenykomin.cz\/index.php?rest_route=\/wp\/v2\/posts\/1354\/revisions"}],"predecessor-version":[{"id":1367,"href":"http:\/\/zelenykomin.cz\/index.php?rest_route=\/wp\/v2\/posts\/1354\/revisions\/1367"}],"wp:attachment":[{"href":"http:\/\/zelenykomin.cz\/index.php?rest_route=%2Fwp%2Fv2%2Fmedia&parent=1354"}],"wp:term":[{"taxonomy":"category","embeddable":true,"href":"http:\/\/zelenykomin.cz\/index.php?rest_route=%2Fwp%2Fv2%2Fcategories&post=1354"},{"taxonomy":"post_tag","embeddable":true,"href":"http:\/\/zelenykomin.cz\/index.php?rest_route=%2Fwp%2Fv2%2Ftags&post=1354"}],"curies":[{"name":"wp","href":"https:\/\/api.w.org\/{rel}","templated":true}]}}